{"id":6808,"date":"2024-10-01T20:00:37","date_gmt":"2024-10-01T17:00:37","guid":{"rendered":"https:\/\/delux.com.tr\/dt\/?p=6808"},"modified":"2024-10-03T20:09:18","modified_gmt":"2024-10-03T17:09:18","slug":"surdurulebilir-turizm-ekolojik-tatil-alternatifleri","status":"publish","type":"post","link":"https:\/\/delux.com.tr\/dt\/tatil-hakkinda\/surdurulebilir-turizm-ekolojik-tatil-alternatifleri\/","title":{"rendered":"S\u00dcRD\u00dcR\u00dcLEB\u0130L\u0130R TURIZM: EKOLOJ\u0130K TAT\u0130L ALTERNAT\u0130FLER\u0130"},"content":{"rendered":"<div class=\"fusion-fullwidth fullwidth-box fusion-builder-row-1 fusion-flex-container nonhundred-percent-fullwidth non-hundred-percent-height-scrolling\" style=\"--awb-border-radius-top-left:0px;--awb-border-radius-top-right:0px;--awb-border-radius-bottom-right:0px;--awb-border-radius-bottom-left:0px;--awb-flex-wrap:wrap;\" ><div class=\"fusion-builder-row fusion-row fusion-flex-align-items-flex-start fusion-flex-content-wrap\" style=\"max-width:1414.4px;margin-left: calc(-4% \/ 2 );margin-right: calc(-4% \/ 2 );\"><div class=\"fusion-layout-column fusion_builder_column fusion-builder-column-0 fusion_builder_column_2_3 2_3 fusion-flex-column\" style=\"--awb-bg-size:cover;--awb-width-large:66.666666666667%;--awb-margin-top-large:0px;--awb-spacing-right-large:3.84%;--awb-margin-bottom-large:0px;--awb-spacing-left-large:2.88%;--awb-width-medium:66.666666666667%;--awb-spacing-right-medium:3.84%;--awb-spacing-left-medium:2.88%;--awb-width-small:100%;--awb-spacing-right-small:1.92%;--awb-spacing-left-small:1.92%;\"><div class=\"fusion-column-wrapper fusion-flex-justify-content-flex-start fusion-content-layout-column\"><div class=\"fusion-text fusion-text-1\"><p>S\u00fcrd\u00fcr\u00fclebilir turizm, gezginlerin \u00e7evresel ve toplumsal etkileri en aza indirerek, do\u011fal kaynaklar\u0131n korunmas\u0131na ve yerel k\u00fclt\u00fcrlerin s\u00fcrd\u00fcr\u00fclebilir geli\u015fimine katk\u0131 sa\u011flamay\u0131 ama\u00e7layan bir seyahat \u015feklidir. Peki, ekolojik tatil alternatifleri nelerdir ve \u00e7evreye duyarl\u0131 bir \u015fekilde nas\u0131l seyahat edebiliriz?<\/p>\n<\/div><div class=\"fusion-separator fusion-full-width-sep\" style=\"align-self: center;margin-left: auto;margin-right: auto;margin-bottom:10px;width:100%;\"><div class=\"fusion-separator-border sep-single sep-solid\" style=\"--awb-height:20px;--awb-amount:20px;border-color:var(--awb-color3);border-top-width:1px;\"><\/div><\/div><div class=\"fusion-text fusion-text-2\"><p><strong>S\u00fcrd\u00fcr\u00fclebilir Turizmin Anlam\u0131 ve \u00d6nemi<\/strong><\/p>\n<p>S\u00fcrd\u00fcr\u00fclebilir turizm, yaln\u0131zca do\u011fay\u0131 korumakla kalmaz, ayn\u0131 zamanda yerel ekonomiyi destekler ve k\u00fclt\u00fcrel miras\u0131n korunmas\u0131na yard\u0131mc\u0131 olur. Bu yakla\u015f\u0131m, turizm faaliyetlerinin do\u011fal kaynaklar\u0131 t\u00fcketmek yerine bu kaynaklar\u0131 gelecek nesillere de b\u0131rakma sorumlulu\u011funu ta\u015f\u0131r. G\u00fcn\u00fcm\u00fczde, seyahat severler bilin\u00e7li tercihler yaparak seyahat ederken \u00e7evresel ayak izlerini en aza indirmeye \u00e7al\u0131\u015f\u0131yorlar.<\/p>\n<\/div><div class=\"fusion-separator fusion-full-width-sep\" style=\"align-self: center;margin-left: auto;margin-right: auto;margin-bottom:10px;width:100%;\"><div class=\"fusion-separator-border sep-single sep-solid\" style=\"--awb-height:20px;--awb-amount:20px;border-color:var(--awb-color3);border-top-width:1px;\"><\/div><\/div><div class=\"fusion-text fusion-text-3\"><p><strong>Ekolojik Tatil Alternatifleri<\/strong><\/p>\n<p>Daha \u00e7evre dostu bir tatil deneyimi ar\u0131yorsan\u0131z, ekolojik tatil alternatifleri olduk\u00e7a \u00e7e\u015fitli ve caziptir. \u0130\u015fte baz\u0131 pop\u00fcler se\u00e7enekler:<\/p>\n<ul>\n<li><strong>Eko-oteller:<\/strong> Eko-oteller, do\u011fayla uyumlu yap\u0131la\u015fmaya sahip, enerji verimlili\u011fi ve su tasarrufu gibi \u00e7evreci \u00e7\u00f6z\u00fcmler sunan konaklama yerleridir. S\u00fcrd\u00fcr\u00fclebilir malzemelerle in\u015fa edilir ve karbon ayak izini minimize etmeye y\u00f6nelik uygulamalara sahip olurlar.<\/li>\n<li><strong>Do\u011fa Y\u00fcr\u00fcy\u00fc\u015f\u00fc ve Kamp:<\/strong> Do\u011fayla ba\u015f ba\u015fa kalabilece\u011finiz bir kamp tatili, s\u00fcrd\u00fcr\u00fclebilir seyahat i\u00e7in harika bir se\u00e7enektir. \u0130yi bir planlama ve do\u011faya zarar vermeyecek bir yakla\u015f\u0131m ile y\u00fcr\u00fcy\u00fc\u015f rotalar\u0131 boyunca, yerel ekosistemleri ke\u015ffetmek m\u00fcmk\u00fcnd\u00fcr.<\/li>\n<li><strong>Yenilenebilir Enerji Kullanan Tatil K\u00f6yleri:<\/strong> Baz\u0131 tatil k\u00f6yleri, enerjisini g\u00fcne\u015f veya r\u00fczgar gibi yenilenebilir kaynaklardan sa\u011flayarak \u00e7evre dostu tatil imkan\u0131 sunuyor. Bu t\u00fcr yerlerde kalmak, karbon emisyonunuzu minimuma indirir.<\/li>\n<\/ul>\n<div id=\"attachment_6812\" style=\"width: 810px\" class=\"wp-caption alignnone\"><img decoding=\"async\" aria-describedby=\"caption-attachment-6812\" class=\"lazyload size-full wp-image-6812\" src=\"https:\/\/delux.com.tr\/dt\/wp-content\/uploads\/2024\/10\/Eko-oteller-cevreye-uyumlu-yapilari-ve-enerji-verimliligi-ile-surdurulebilir-turizmin-kalbinde-yer-alir.jpg\" data-orig-src=\"https:\/\/delux.com.tr\/dt\/wp-content\/uploads\/2024\/10\/Eko-oteller-cevreye-uyumlu-yapilari-ve-enerji-verimliligi-ile-surdurulebilir-turizmin-kalbinde-yer-alir.jpg\" alt=\"\" width=\"800\" height=\"800\" srcset=\"data:image\/svg+xml,%3Csvg%20xmlns%3D%27http%3A%2F%2Fwww.w3.org%2F2000%2Fsvg%27%20width%3D%27800%27%20height%3D%27800%27%20viewBox%3D%270%200%20800%20800%27%3E%3Crect%20width%3D%27800%27%20height%3D%27800%27%20fill-opacity%3D%220%22%2F%3E%3C%2Fsvg%3E\" data-srcset=\"https:\/\/delux.com.tr\/dt\/wp-content\/uploads\/2024\/10\/Eko-oteller-cevreye-uyumlu-yapilari-ve-enerji-verimliligi-ile-surdurulebilir-turizmin-kalbinde-yer-alir-66x66.jpg 66w, https:\/\/delux.com.tr\/dt\/wp-content\/uploads\/2024\/10\/Eko-oteller-cevreye-uyumlu-yapilari-ve-enerji-verimliligi-ile-surdurulebilir-turizmin-kalbinde-yer-alir-150x150.jpg 150w, https:\/\/delux.com.tr\/dt\/wp-content\/uploads\/2024\/10\/Eko-oteller-cevreye-uyumlu-yapilari-ve-enerji-verimliligi-ile-surdurulebilir-turizmin-kalbinde-yer-alir-200x200.jpg 200w, https:\/\/delux.com.tr\/dt\/wp-content\/uploads\/2024\/10\/Eko-oteller-cevreye-uyumlu-yapilari-ve-enerji-verimliligi-ile-surdurulebilir-turizmin-kalbinde-yer-alir-300x300.jpg 300w, https:\/\/delux.com.tr\/dt\/wp-content\/uploads\/2024\/10\/Eko-oteller-cevreye-uyumlu-yapilari-ve-enerji-verimliligi-ile-surdurulebilir-turizmin-kalbinde-yer-alir-400x400.jpg 400w, https:\/\/delux.com.tr\/dt\/wp-content\/uploads\/2024\/10\/Eko-oteller-cevreye-uyumlu-yapilari-ve-enerji-verimliligi-ile-surdurulebilir-turizmin-kalbinde-yer-alir-600x600.jpg 600w, https:\/\/delux.com.tr\/dt\/wp-content\/uploads\/2024\/10\/Eko-oteller-cevreye-uyumlu-yapilari-ve-enerji-verimliligi-ile-surdurulebilir-turizmin-kalbinde-yer-alir-768x768.jpg 768w, https:\/\/delux.com.tr\/dt\/wp-content\/uploads\/2024\/10\/Eko-oteller-cevreye-uyumlu-yapilari-ve-enerji-verimliligi-ile-surdurulebilir-turizmin-kalbinde-yer-alir.jpg 800w\" data-sizes=\"auto\" data-orig-sizes=\"(max-width: 800px) 100vw, 800px\" \/><p id=\"caption-attachment-6812\" class=\"wp-caption-text\">Eko-oteller, \u00e7evreye uyumlu yap\u0131lar\u0131 ve enerji verimlili\u011fi ile s\u00fcrd\u00fcr\u00fclebilir turizmin kalbinde yer al\u0131r.<\/p><\/div>\n<\/div><div class=\"fusion-separator fusion-full-width-sep\" style=\"align-self: center;margin-left: auto;margin-right: auto;margin-bottom:10px;width:100%;\"><div class=\"fusion-separator-border sep-single sep-solid\" style=\"--awb-height:20px;--awb-amount:20px;border-color:var(--awb-color3);border-top-width:1px;\"><\/div><\/div><div class=\"fusion-text fusion-text-4\"><p><strong>\u00c7evreye Duyarl\u0131 Seyahat Etmenin Yollar\u0131<\/strong><\/p>\n<p>\u00c7evreye duyarl\u0131 seyahat etmek, yaln\u0131zca kalaca\u011f\u0131n\u0131z yerleri se\u00e7mekle s\u0131n\u0131rl\u0131 de\u011fildir. Seyahat boyunca da dikkat edebilece\u011finiz bir\u00e7ok ad\u0131m var:<\/p>\n<ul>\n<li><strong>Toplu Ta\u015f\u0131ma Kullan\u0131m\u0131:<\/strong> Bireysel ara\u00e7 kullan\u0131m\u0131n\u0131 azaltarak toplu ta\u015f\u0131ma ile seyahat etmek, karbon ayak izini \u00f6nemli \u00f6l\u00e7\u00fcde azalt\u0131r. Trenler ve otob\u00fcsler gibi toplu ta\u015f\u0131ma ara\u00e7lar\u0131, daha az enerji harcayarak daha fazla ki\u015fiyi ta\u015f\u0131yabilir.<\/li>\n<li><strong>Yerel \u00dcr\u00fcnleri Tercih Edin:<\/strong> Seyahat ederken yerel restoranlardan yemek yemek, hem yerel ekonomiyi destekler hem de yiyeceklerin ta\u015f\u0131nmas\u0131 s\u0131ras\u0131nda olu\u015fan karbon sal\u0131n\u0131m\u0131n\u0131 azalt\u0131r.<\/li>\n<li><strong>Daha Az Plastik Kullan\u0131m\u0131:<\/strong> Tek kullan\u0131ml\u0131k plastiklerden ka\u00e7\u0131narak, kendi su \u015fi\u015fenizi ve bez \u00e7antan\u0131z\u0131 yan\u0131n\u0131za alabilirsiniz. Bu, hem at\u0131k miktar\u0131n\u0131 azaltacak hem de \u00e7evre \u00fczerindeki olumsuz etkileri minimuma indirecektir.<\/li>\n<\/ul>\n<div id=\"attachment_6813\" style=\"width: 810px\" class=\"wp-caption alignnone\"><img decoding=\"async\" aria-describedby=\"caption-attachment-6813\" class=\"lazyload size-full wp-image-6813\" src=\"https:\/\/delux.com.tr\/dt\/wp-content\/uploads\/2024\/10\/Cevreye-Duyarli-Seyahat-Etmenin-Yollari.jpg\" data-orig-src=\"https:\/\/delux.com.tr\/dt\/wp-content\/uploads\/2024\/10\/Cevreye-Duyarli-Seyahat-Etmenin-Yollari.jpg\" alt=\"\" width=\"800\" height=\"800\" srcset=\"data:image\/svg+xml,%3Csvg%20xmlns%3D%27http%3A%2F%2Fwww.w3.org%2F2000%2Fsvg%27%20width%3D%27800%27%20height%3D%27800%27%20viewBox%3D%270%200%20800%20800%27%3E%3Crect%20width%3D%27800%27%20height%3D%27800%27%20fill-opacity%3D%220%22%2F%3E%3C%2Fsvg%3E\" data-srcset=\"https:\/\/delux.com.tr\/dt\/wp-content\/uploads\/2024\/10\/Cevreye-Duyarli-Seyahat-Etmenin-Yollari-66x66.jpg 66w, https:\/\/delux.com.tr\/dt\/wp-content\/uploads\/2024\/10\/Cevreye-Duyarli-Seyahat-Etmenin-Yollari-150x150.jpg 150w, https:\/\/delux.com.tr\/dt\/wp-content\/uploads\/2024\/10\/Cevreye-Duyarli-Seyahat-Etmenin-Yollari-200x200.jpg 200w, https:\/\/delux.com.tr\/dt\/wp-content\/uploads\/2024\/10\/Cevreye-Duyarli-Seyahat-Etmenin-Yollari-300x300.jpg 300w, https:\/\/delux.com.tr\/dt\/wp-content\/uploads\/2024\/10\/Cevreye-Duyarli-Seyahat-Etmenin-Yollari-400x400.jpg 400w, https:\/\/delux.com.tr\/dt\/wp-content\/uploads\/2024\/10\/Cevreye-Duyarli-Seyahat-Etmenin-Yollari-600x600.jpg 600w, https:\/\/delux.com.tr\/dt\/wp-content\/uploads\/2024\/10\/Cevreye-Duyarli-Seyahat-Etmenin-Yollari-768x768.jpg 768w, https:\/\/delux.com.tr\/dt\/wp-content\/uploads\/2024\/10\/Cevreye-Duyarli-Seyahat-Etmenin-Yollari.jpg 800w\" data-sizes=\"auto\" data-orig-sizes=\"(max-width: 800px) 100vw, 800px\" \/><p id=\"caption-attachment-6813\" class=\"wp-caption-text\">Do\u011fa y\u00fcr\u00fcy\u00fc\u015f\u00fc ve kamp, \u00e7evreyle b\u00fct\u00fcnle\u015fmenin en s\u00fcrd\u00fcr\u00fclebilir yollar\u0131ndan biridir<\/p><\/div>\n<p>\u00a0<\/p>\n<\/div><div class=\"fusion-separator fusion-full-width-sep\" style=\"align-self: center;margin-left: auto;margin-right: auto;margin-bottom:10px;width:100%;\"><div class=\"fusion-separator-border sep-single sep-solid\" style=\"--awb-height:20px;--awb-amount:20px;border-color:var(--awb-color3);border-top-width:1px;\"><\/div><\/div><div class=\"fusion-text fusion-text-5\"><p><strong>Ekolojik Tatil Destinasyonlar\u0131<\/strong><\/p>\n<p>S\u00fcrd\u00fcr\u00fclebilir turizme \u00f6nc\u00fcl\u00fck eden bir\u00e7ok destinasyon bulunuyor. Bu yerler, do\u011fa ve k\u00fclt\u00fcr miraslar\u0131n\u0131 koruyarak s\u00fcrd\u00fcr\u00fclebilir turizm modeline katk\u0131 sa\u011fl\u0131yor. \u0130\u015fte ekolojik seyahat i\u00e7in ilham alabilece\u011finiz baz\u0131 destinasyonlar:<\/p>\n<ul>\n<li><strong>Kosta Rika:<\/strong> Ya\u011fmur ormanlar\u0131, volkanlar ve biyo\u00e7e\u015fitlili\u011fiyle \u00fcnl\u00fc olan Kosta Rika, s\u00fcrd\u00fcr\u00fclebilir turizmin en ba\u015far\u0131l\u0131 \u00f6rneklerinden biridir. Eko-turizmde d\u00fcnya lideri olan bu \u00fclke, yerel halk\u0131n da ekonomik fayda sa\u011flamas\u0131 i\u00e7in \u00e7e\u015fitli projeler y\u00fcr\u00fctmektedir.<\/li>\n<li><strong>Norve\u00e7\u2019in Fjord B\u00f6lgeleri:<\/strong> Norve\u00e7\u2019in fjordlar\u0131, do\u011fan\u0131n muazzam g\u00fczelliklerini ke\u015ffetmek isteyenler i\u00e7in ideal bir yerdir. Bu b\u00f6lgede s\u00fcrd\u00fcr\u00fclebilir turizmi te\u015fvik eden uygulamalar ve \u00e7evreci turlar yayg\u0131nd\u0131r.<\/li>\n<li><strong>\u0130zlanda:<\/strong> \u0130zlanda, jeotermal enerjiyle \u0131s\u0131nan otelleri ve yenilenebilir enerji kaynaklar\u0131 kullan\u0131m\u0131 ile ekolojik turizmi desteklemektedir. Ayr\u0131ca do\u011fal kaynaklar\u0131n\u0131 korumak i\u00e7in s\u0131k\u0131 d\u00fczenlemelere sahiptir.<\/li>\n<\/ul>\n<div id=\"attachment_6814\" style=\"width: 806px\" class=\"wp-caption alignnone\"><img decoding=\"async\" aria-describedby=\"caption-attachment-6814\" class=\"lazyload size-full wp-image-6814\" src=\"https:\/\/delux.com.tr\/dt\/wp-content\/uploads\/2024\/10\/Ekolojik-Tatil-Destinasyonlari.jpg\" data-orig-src=\"https:\/\/delux.com.tr\/dt\/wp-content\/uploads\/2024\/10\/Ekolojik-Tatil-Destinasyonlari.jpg\" alt=\"\" width=\"796\" height=\"607\" srcset=\"data:image\/svg+xml,%3Csvg%20xmlns%3D%27http%3A%2F%2Fwww.w3.org%2F2000%2Fsvg%27%20width%3D%27796%27%20height%3D%27607%27%20viewBox%3D%270%200%20796%20607%27%3E%3Crect%20width%3D%27796%27%20height%3D%27607%27%20fill-opacity%3D%220%22%2F%3E%3C%2Fsvg%3E\" data-srcset=\"https:\/\/delux.com.tr\/dt\/wp-content\/uploads\/2024\/10\/Ekolojik-Tatil-Destinasyonlari-200x153.jpg 200w, https:\/\/delux.com.tr\/dt\/wp-content\/uploads\/2024\/10\/Ekolojik-Tatil-Destinasyonlari-300x229.jpg 300w, https:\/\/delux.com.tr\/dt\/wp-content\/uploads\/2024\/10\/Ekolojik-Tatil-Destinasyonlari-400x305.jpg 400w, https:\/\/delux.com.tr\/dt\/wp-content\/uploads\/2024\/10\/Ekolojik-Tatil-Destinasyonlari-600x458.jpg 600w, https:\/\/delux.com.tr\/dt\/wp-content\/uploads\/2024\/10\/Ekolojik-Tatil-Destinasyonlari-768x586.jpg 768w, https:\/\/delux.com.tr\/dt\/wp-content\/uploads\/2024\/10\/Ekolojik-Tatil-Destinasyonlari.jpg 796w\" data-sizes=\"auto\" data-orig-sizes=\"(max-width: 796px) 100vw, 796px\" \/><p id=\"caption-attachment-6814\" class=\"wp-caption-text\">Kosta Rika, s\u00fcrd\u00fcr\u00fclebilir turizmde d\u00fcnya lideri olarak ya\u011fmur ormanlar\u0131n\u0131 korumaya y\u00f6nelik \u00e7abalar\u0131yla tan\u0131n\u0131r.<\/p><\/div>\n<p>\u00a0<\/p>\n<\/div><div class=\"fusion-separator fusion-full-width-sep\" style=\"align-self: center;margin-left: auto;margin-right: auto;margin-bottom:10px;width:100%;\"><div class=\"fusion-separator-border sep-single sep-solid\" style=\"--awb-height:20px;--awb-amount:20px;border-color:var(--awb-color3);border-top-width:1px;\"><\/div><\/div><div class=\"fusion-text fusion-text-6\"><h2><strong>S\u00fcrd\u00fcr\u00fclebilir Turizmde Dikkat Edilmesi Gerekenler<\/strong><\/h2>\n<p>S\u00fcrd\u00fcr\u00fclebilir bir tatil planlarken g\u00f6z \u00f6n\u00fcnde bulundurman\u0131z gereken birka\u00e7 temel fakt\u00f6r var:<\/p>\n<ul>\n<li><strong>Kaynaklar\u0131n Verimli Kullan\u0131m\u0131:<\/strong> Suyun ve elektri\u011fin gereksiz yere harcanmamas\u0131 s\u00fcrd\u00fcr\u00fclebilir bir tatilin temel ad\u0131mlar\u0131ndan biridir. Konaklama yerlerinde havlu de\u011fi\u015fimi gibi gereksiz i\u015flemlerden ka\u00e7\u0131n\u0131n.<\/li>\n<li><strong>Yerel K\u00fclt\u00fcre Sayg\u0131:<\/strong> Ziyaret etti\u011finiz yerlerde yerel halk\u0131n geleneklerine ve k\u00fclt\u00fcrel miras\u0131na sayg\u0131l\u0131 olmak \u00f6nemlidir. K\u00fclt\u00fcrel miras\u0131n s\u00fcrd\u00fcr\u00fclebilirli\u011fi de turizmin bir par\u00e7as\u0131d\u0131r.<\/li>\n<li><strong>Vah\u015fi Hayata M\u00fcdahale Etmemek:<\/strong> Yaban hayat\u0131na zarar vermemek, hayvanlara zarar vermeyen turlar tercih etmek, do\u011fan\u0131n korunmas\u0131na katk\u0131da bulunur.<\/li>\n<\/ul>\n<\/div><div class=\"fusion-separator fusion-full-width-sep\" style=\"align-self: center;margin-left: auto;margin-right: auto;margin-bottom:10px;width:100%;\"><div class=\"fusion-separator-border sep-single sep-solid\" style=\"--awb-height:20px;--awb-amount:20px;border-color:var(--awb-color3);border-top-width:1px;\"><\/div><\/div><div class=\"fusion-text fusion-text-7\"><p><strong>Sonu\u00e7: S\u00fcrd\u00fcr\u00fclebilir Gelecek \u0130\u00e7in Ekolojik Tatiller<\/strong><\/p>\n<p>S\u00fcrd\u00fcr\u00fclebilir turizm, hem bireysel hem de toplumsal anlamda fayda sa\u011flayan bir seyahat modelidir. Do\u011faya ve yerel k\u00fclt\u00fcre sayg\u0131 g\u00f6stererek gezmek, gelecekte de bu do\u011fal g\u00fczelliklerin var olmas\u0131n\u0131 sa\u011flayacakt\u0131r. Ekolojik tatil alternatiflerini tercih ederek siz de daha \u00e7evreci ve sorumlu bir gezgin olabilirsiniz.<\/p>\n<p>Delux Turizm olarak biz, ekolojik tatil deneyimlerinizi en \u00fcst seviyeye \u00e7\u0131karmak i\u00e7in size \u00f6zel \u00e7\u00f6z\u00fcmler sunuyoruz. S\u00fcrd\u00fcr\u00fclebilirlik odakl\u0131 seyahat rotalar\u0131 ve ekoturizm \u00f6nerileri i\u00e7in bizimle ileti\u015fime ge\u00e7in!<\/p>\n<\/div><div class=\"fusion-separator fusion-full-width-sep\" style=\"align-self: center;margin-left: auto;margin-right: auto;margin-bottom:10px;width:100%;\"><div class=\"fusion-separator-border sep-single sep-solid\" style=\"--awb-height:20px;--awb-amount:20px;border-color:var(--awb-color3);border-top-width:1px;\"><\/div><\/div><div class=\"fusion-text fusion-text-8\"><p style=\"background: white; margin: 0cm 0cm 15.0pt 0cm;\"><strong><i><span style=\"font-size: 15.0pt; font-family: 'Lucida Sans Unicode',sans-serif; color: #607d8b;\">Size \u00f6zel fiyat ve se\u00e7enekler i\u00e7in bizimle ileti\u015fime ge\u00e7ebilirsiniz<\/span><\/i><\/strong><i><\/i><\/p>\n<p style=\"background: white; margin: 0cm 0cm 15.0pt 0cm;\"><strong><i><span style=\"font-size: 15.0pt; font-family: 'Lucida Sans Unicode',sans-serif; color: #607d8b;\">0212 560 36 36 sales@delux.com.tr<\/span><\/i><\/strong><\/p>\n<\/div><\/div><\/div><div class=\"fusion-layout-column fusion_builder_column fusion-builder-column-1 fusion_builder_column_1_3 1_3 fusion-flex-column\" style=\"--awb-padding-top:4%;--awb-padding-right:4%;--awb-padding-bottom:4%;--awb-padding-left:4%;--awb-bg-color:rgba(242,242,242,0.54);--awb-bg-color-hover:rgba(242,242,242,0.54);--awb-bg-size:cover;--awb-width-large:33.333333333333%;--awb-margin-top-large:0px;--awb-spacing-right-large:5.76%;--awb-margin-bottom-large:0px;--awb-spacing-left-large:3.84%;--awb-width-medium:33.333333333333%;--awb-order-medium:0;--awb-spacing-right-medium:5.76%;--awb-spacing-left-medium:3.84%;--awb-width-small:100%;--awb-order-small:0;--awb-spacing-right-small:1.92%;--awb-spacing-left-small:1.92%;\" data-scroll-devices=\"small-visibility,medium-visibility,large-visibility\"><div class=\"fusion-column-wrapper fusion-column-has-shadow fusion-flex-justify-content-flex-start fusion-content-layout-column\"><div class=\"fusion-blog-shortcode fusion-blog-shortcode-1 fusion-blog-archive fusion-blog-layout-grid-wrapper fusion-blog-no\" style=\"--awb-title-font-size:22px;--awb-title-font-family:&quot;DM Sans&quot;;--awb-title-font-style:italic;--awb-title-font-weight:400;\"><style type=\"text\/css\">.fusion-blog-shortcode-1 .fusion-blog-layout-grid .fusion-post-grid{padding:20px;}.fusion-blog-shortcode-1 .fusion-posts-container{margin-left: -20px !important; margin-right:-20px !important;}<\/style><div class=\"fusion-posts-container fusion-posts-container-no fusion-no-meta-info fusion-blog-layout-grid fusion-blog-layout-grid-1 isotope\" data-pages=\"7\" data-grid-col-space=\"40\" style=\"margin: -20px -20px 0;min-height:500px;\"><article id=\"blog-1-post-6808\" class=\"fusion-post-grid post-6808 post type-post status-publish format-standard has-post-thumbnail hentry category-tatil-hakkinda tag-ekolojik-tatil tag-pratik-bilgi tag-surdurulebilir-turizm\">\n<div class=\"fusion-post-wrapper\" style=\"background-color:rgba(255,255,255,0);border:1px solid var(--awb-color2);border-bottom-width:3px;\">\n\n\t\t\t<div class=\"fusion-flexslider flexslider fusion-flexslider-loading fusion-post-slideshow\" style=\"border-color:var(--awb-color2);\">\n\t\t<ul class=\"slides\">\n\t\t\t\n\t\t\t\t\t\t\t\t\t\t\t\t\t\t<li><div  class=\"fusion-image-wrapper\" aria-haspopup=\"true\">\n\t\t\t\t\t\t\t<a href=\"https:\/\/delux.com.tr\/dt\/tatil-hakkinda\/surdurulebilir-turizm-ekolojik-tatil-alternatifleri\/\" aria-label=\"S\u00dcRD\u00dcR\u00dcLEB\u0130L\u0130R TURIZM: EKOLOJ\u0130K TAT\u0130L ALTERNAT\u0130FLER\u0130\">\n\t\t\t\t\t\t\t<img decoding=\"async\" width=\"796\" height=\"607\" src=\"https:\/\/delux.com.tr\/dt\/wp-content\/uploads\/2024\/10\/Ekolojik-Tatil-Destinasyonlari.jpg\" class=\"attachment-full size-full lazyload wp-post-image\" alt=\"\" srcset=\"data:image\/svg+xml,%3Csvg%20xmlns%3D%27http%3A%2F%2Fwww.w3.org%2F2000%2Fsvg%27%20width%3D%27796%27%20height%3D%27607%27%20viewBox%3D%270%200%20796%20607%27%3E%3Crect%20width%3D%27796%27%20height%3D%27607%27%20fill-opacity%3D%220%22%2F%3E%3C%2Fsvg%3E\" data-orig-src=\"https:\/\/delux.com.tr\/dt\/wp-content\/uploads\/2024\/10\/Ekolojik-Tatil-Destinasyonlari.jpg\" data-srcset=\"https:\/\/delux.com.tr\/dt\/wp-content\/uploads\/2024\/10\/Ekolojik-Tatil-Destinasyonlari-200x153.jpg 200w, https:\/\/delux.com.tr\/dt\/wp-content\/uploads\/2024\/10\/Ekolojik-Tatil-Destinasyonlari-400x305.jpg 400w, https:\/\/delux.com.tr\/dt\/wp-content\/uploads\/2024\/10\/Ekolojik-Tatil-Destinasyonlari-600x458.jpg 600w, https:\/\/delux.com.tr\/dt\/wp-content\/uploads\/2024\/10\/Ekolojik-Tatil-Destinasyonlari.jpg 796w\" data-sizes=\"auto\" \/>\t\t\t<\/a>\n\t\t\t\t\t\t\t<\/div>\n<\/li>\n\t\t\t\n\t\t\t\n\t\t\t\t\t\t\t\t\t\t\t\t\t\t\t\t\t\t\t\t\t\t\t\t\t\t\t\t\t\t\t\t\t\t\t\t\t\t\t\t\t\t\t\t\t\t\t\t\t\t\t\t\t\t\t\t\t\t\t\t\t\t\t\t\t\t\t\t<\/ul>\n\t<\/div>\n\t<div class=\"fusion-post-content-wrapper\" style=\"padding:30px 25px 25px 25px;\"><div class=\"fusion-post-content post-content\"><h2 class=\"blog-shortcode-post-title entry-title\"><a href=\"https:\/\/delux.com.tr\/dt\/tatil-hakkinda\/surdurulebilir-turizm-ekolojik-tatil-alternatifleri\/\">S\u00dcRD\u00dcR\u00dcLEB\u0130L\u0130R TURIZM: EKOLOJ\u0130K TAT\u0130L ALTERNAT\u0130FLER\u0130<\/a><\/h2><\/div><\/div><div class=\"fusion-clearfix\"><\/div><\/div>\n<\/article>\n<article id=\"blog-1-post-3539\" class=\"fusion-post-grid post-3539 post type-post status-publish format-standard has-post-thumbnail hentry category-tatil-hakkinda tag-asya tag-japonya tag-pratik-bilgi\">\n<div class=\"fusion-post-wrapper\" style=\"background-color:rgba(255,255,255,0);border:1px solid var(--awb-color2);border-bottom-width:3px;\">\n\n\t\t\t<div class=\"fusion-flexslider flexslider fusion-flexslider-loading fusion-post-slideshow\" style=\"border-color:var(--awb-color2);\">\n\t\t<ul class=\"slides\">\n\t\t\t\n\t\t\t\t\t\t\t\t\t\t\t\t\t\t<li><div  class=\"fusion-image-wrapper\" aria-haspopup=\"true\">\n\t\t\t\t\t\t\t<a href=\"https:\/\/delux.com.tr\/dt\/tatil-hakkinda\/japon-kulturu-ile-ilgili-bilinmesi-gereken-10-bilgi\/\" aria-label=\"Japon K\u00fclt\u00fcr\u00fc ile \u0130lgili Bilinmesi Gereken 10 Bilgi\">\n\t\t\t\t\t\t\t<img decoding=\"async\" width=\"800\" height=\"500\" src=\"https:\/\/delux.com.tr\/dt\/wp-content\/uploads\/2021\/11\/japonyada-ayakkabilar-cikar-1.jpg\" class=\"attachment-full size-full lazyload wp-post-image\" alt=\"\" srcset=\"data:image\/svg+xml,%3Csvg%20xmlns%3D%27http%3A%2F%2Fwww.w3.org%2F2000%2Fsvg%27%20width%3D%27800%27%20height%3D%27500%27%20viewBox%3D%270%200%20800%20500%27%3E%3Crect%20width%3D%27800%27%20height%3D%27500%27%20fill-opacity%3D%220%22%2F%3E%3C%2Fsvg%3E\" data-orig-src=\"https:\/\/delux.com.tr\/dt\/wp-content\/uploads\/2021\/11\/japonyada-ayakkabilar-cikar-1.jpg\" data-srcset=\"https:\/\/delux.com.tr\/dt\/wp-content\/uploads\/2021\/11\/japonyada-ayakkabilar-cikar-1-200x125.jpg 200w, https:\/\/delux.com.tr\/dt\/wp-content\/uploads\/2021\/11\/japonyada-ayakkabilar-cikar-1-400x250.jpg 400w, https:\/\/delux.com.tr\/dt\/wp-content\/uploads\/2021\/11\/japonyada-ayakkabilar-cikar-1-600x375.jpg 600w, https:\/\/delux.com.tr\/dt\/wp-content\/uploads\/2021\/11\/japonyada-ayakkabilar-cikar-1.jpg 800w\" data-sizes=\"auto\" \/>\t\t\t<\/a>\n\t\t\t\t\t\t\t<\/div>\n<\/li>\n\t\t\t\n\t\t\t\n\t\t\t\t\t\t\t\t\t\t\t\t\t\t\t\t\t\t\t\t\t\t\t\t\t\t\t\t\t\t\t\t\t\t\t\t\t\t\t\t\t\t\t\t\t\t\t\t\t\t\t\t\t\t\t\t\t\t\t\t\t\t\t\t\t\t\t\t<\/ul>\n\t<\/div>\n\t<div class=\"fusion-post-content-wrapper\" style=\"padding:30px 25px 25px 25px;\"><div class=\"fusion-post-content post-content\"><h2 class=\"blog-shortcode-post-title entry-title\"><a href=\"https:\/\/delux.com.tr\/dt\/tatil-hakkinda\/japon-kulturu-ile-ilgili-bilinmesi-gereken-10-bilgi\/\">Japon K\u00fclt\u00fcr\u00fc ile \u0130lgili Bilinmesi Gereken 10 Bilgi<\/a><\/h2><\/div><\/div><div class=\"fusion-clearfix\"><\/div><\/div>\n<\/article>\n<article id=\"blog-1-post-6983\" class=\"fusion-post-grid post-6983 post type-post status-publish format-standard has-post-thumbnail hentry category-tatil-hakkinda tag-aile-fotografciligi tag-dinazor-muzesi tag-lego-atolyesi tag-luks-aile-tatili tag-pratik-bilgi tag-turkiye tag-ultra-luks-tatil\">\n<div class=\"fusion-post-wrapper\" style=\"background-color:rgba(255,255,255,0);border:1px solid var(--awb-color2);border-bottom-width:3px;\">\n\n\t\t\t<div class=\"fusion-flexslider flexslider fusion-flexslider-loading fusion-post-slideshow\" style=\"border-color:var(--awb-color2);\">\n\t\t<ul class=\"slides\">\n\t\t\t\n\t\t\t\t\t\t\t\t\t\t\t\t\t\t<li><div  class=\"fusion-image-wrapper\" aria-haspopup=\"true\">\n\t\t\t\t\t\t\t<a href=\"https:\/\/delux.com.tr\/dt\/tatil-hakkinda\/aileler-icin-luks-seyahat-alternatifleri-cocuklu-tatillerde-vip-hizmetler\/\" aria-label=\"A\u0130LELER \u0130\u00c7\u0130N L\u00dcKS SEYAHAT ALTERNAT\u0130FLER\u0130: \u00c7OCUKLU TAT\u0130LLERDE VIP H\u0130ZMETLER\">\n\t\t\t\t\t\t\t<img decoding=\"async\" width=\"800\" height=\"900\" src=\"https:\/\/delux.com.tr\/dt\/wp-content\/uploads\/2025\/06\/DeluxBlog3.jpg\" class=\"attachment-full size-full lazyload wp-post-image\" alt=\"\" srcset=\"data:image\/svg+xml,%3Csvg%20xmlns%3D%27http%3A%2F%2Fwww.w3.org%2F2000%2Fsvg%27%20width%3D%27800%27%20height%3D%27900%27%20viewBox%3D%270%200%20800%20900%27%3E%3Crect%20width%3D%27800%27%20height%3D%27900%27%20fill-opacity%3D%220%22%2F%3E%3C%2Fsvg%3E\" data-orig-src=\"https:\/\/delux.com.tr\/dt\/wp-content\/uploads\/2025\/06\/DeluxBlog3.jpg\" data-srcset=\"https:\/\/delux.com.tr\/dt\/wp-content\/uploads\/2025\/06\/DeluxBlog3-200x225.jpg 200w, https:\/\/delux.com.tr\/dt\/wp-content\/uploads\/2025\/06\/DeluxBlog3-400x450.jpg 400w, https:\/\/delux.com.tr\/dt\/wp-content\/uploads\/2025\/06\/DeluxBlog3-600x675.jpg 600w, https:\/\/delux.com.tr\/dt\/wp-content\/uploads\/2025\/06\/DeluxBlog3.jpg 800w\" data-sizes=\"auto\" \/>\t\t\t<\/a>\n\t\t\t\t\t\t\t<\/div>\n<\/li>\n\t\t\t\n\t\t\t\n\t\t\t\t\t\t\t\t\t\t\t\t\t\t\t\t\t\t\t\t\t\t\t\t\t\t\t\t\t\t\t\t\t\t\t\t\t\t\t\t\t\t\t\t\t\t\t\t\t\t\t\t\t\t\t\t\t\t\t\t\t\t\t\t\t\t\t\t<\/ul>\n\t<\/div>\n\t<div class=\"fusion-post-content-wrapper\" style=\"padding:30px 25px 25px 25px;\"><div class=\"fusion-post-content post-content\"><h2 class=\"blog-shortcode-post-title entry-title\"><a href=\"https:\/\/delux.com.tr\/dt\/tatil-hakkinda\/aileler-icin-luks-seyahat-alternatifleri-cocuklu-tatillerde-vip-hizmetler\/\">A\u0130LELER \u0130\u00c7\u0130N L\u00dcKS SEYAHAT ALTERNAT\u0130FLER\u0130: \u00c7OCUKLU TAT\u0130LLERDE VIP H\u0130ZMETLER<\/a><\/h2><\/div><\/div><div class=\"fusion-clearfix\"><\/div><\/div>\n<\/article>\n<article id=\"blog-1-post-6835\" class=\"fusion-post-grid post-6835 post type-post status-publish format-standard has-post-thumbnail hentry category-tatil-hakkinda tag-lux-oteller tag-pratik-bilgi tag-resort-oteller tag-villa-tatili\">\n<div class=\"fusion-post-wrapper\" style=\"background-color:rgba(255,255,255,0);border:1px solid var(--awb-color2);border-bottom-width:3px;\">\n\n\t\t\t<div class=\"fusion-flexslider flexslider fusion-flexslider-loading fusion-post-slideshow\" style=\"border-color:var(--awb-color2);\">\n\t\t<ul class=\"slides\">\n\t\t\t\n\t\t\t\t\t\t\t\t\t\t\t\t\t\t<li><div  class=\"fusion-image-wrapper\" aria-haspopup=\"true\">\n\t\t\t\t\t\t\t<a href=\"https:\/\/delux.com.tr\/dt\/tatil-hakkinda\/luks-tatil-deneyimleri-ozel-villalar-ve-resort-oteller\/\" aria-label=\"L\u00dcKS TAT\u0130L DENEY\u0130MLER\u0130: \u00d6ZEL V\u0130LLALAR ve RESORT OTELLER\">\n\t\t\t\t\t\t\t<img decoding=\"async\" width=\"800\" height=\"669\" src=\"https:\/\/delux.com.tr\/dt\/wp-content\/uploads\/2024\/11\/Resort-Oteller-Her-Sey-Dahil-Luks-Tatilin-Adresi.jpg\" class=\"attachment-full size-full lazyload wp-post-image\" alt=\"\" srcset=\"data:image\/svg+xml,%3Csvg%20xmlns%3D%27http%3A%2F%2Fwww.w3.org%2F2000%2Fsvg%27%20width%3D%27800%27%20height%3D%27669%27%20viewBox%3D%270%200%20800%20669%27%3E%3Crect%20width%3D%27800%27%20height%3D%27669%27%20fill-opacity%3D%220%22%2F%3E%3C%2Fsvg%3E\" data-orig-src=\"https:\/\/delux.com.tr\/dt\/wp-content\/uploads\/2024\/11\/Resort-Oteller-Her-Sey-Dahil-Luks-Tatilin-Adresi.jpg\" data-srcset=\"https:\/\/delux.com.tr\/dt\/wp-content\/uploads\/2024\/11\/Resort-Oteller-Her-Sey-Dahil-Luks-Tatilin-Adresi-200x167.jpg 200w, https:\/\/delux.com.tr\/dt\/wp-content\/uploads\/2024\/11\/Resort-Oteller-Her-Sey-Dahil-Luks-Tatilin-Adresi-400x335.jpg 400w, https:\/\/delux.com.tr\/dt\/wp-content\/uploads\/2024\/11\/Resort-Oteller-Her-Sey-Dahil-Luks-Tatilin-Adresi-600x502.jpg 600w, https:\/\/delux.com.tr\/dt\/wp-content\/uploads\/2024\/11\/Resort-Oteller-Her-Sey-Dahil-Luks-Tatilin-Adresi.jpg 800w\" data-sizes=\"auto\" \/>\t\t\t<\/a>\n\t\t\t\t\t\t\t<\/div>\n<\/li>\n\t\t\t\n\t\t\t\n\t\t\t\t\t\t\t\t\t\t\t\t\t\t\t\t\t\t\t\t\t\t\t\t\t\t\t\t\t\t\t\t\t\t\t\t\t\t\t\t\t\t\t\t\t\t\t\t\t\t\t\t\t\t\t\t\t\t\t\t\t\t\t\t\t\t\t\t<\/ul>\n\t<\/div>\n\t<div class=\"fusion-post-content-wrapper\" style=\"padding:30px 25px 25px 25px;\"><div class=\"fusion-post-content post-content\"><h2 class=\"blog-shortcode-post-title entry-title\"><a href=\"https:\/\/delux.com.tr\/dt\/tatil-hakkinda\/luks-tatil-deneyimleri-ozel-villalar-ve-resort-oteller\/\">L\u00dcKS TAT\u0130L DENEY\u0130MLER\u0130: \u00d6ZEL V\u0130LLALAR ve RESORT OTELLER<\/a><\/h2><\/div><\/div><div class=\"fusion-clearfix\"><\/div><\/div>\n<\/article>\n<article id=\"blog-1-post-3512\" class=\"fusion-post-grid post-3512 post type-post status-publish format-standard has-post-thumbnail hentry category-tatil-hakkinda tag-nemrut-dagi tag-pratik-bilgi\">\n<div class=\"fusion-post-wrapper\" style=\"background-color:rgba(255,255,255,0);border:1px solid var(--awb-color2);border-bottom-width:3px;\">\n\n\t\t\t<div class=\"fusion-flexslider flexslider fusion-flexslider-loading fusion-post-slideshow\" style=\"border-color:var(--awb-color2);\">\n\t\t<ul class=\"slides\">\n\t\t\t\n\t\t\t\t\t\t\t\t\t\t\t\t\t\t<li><div  class=\"fusion-image-wrapper\" aria-haspopup=\"true\">\n\t\t\t\t\t\t\t<a href=\"https:\/\/delux.com.tr\/dt\/tatil-hakkinda\/nemrut-dagi-hakkinda-kesfedilmesi-gereken-10-bilgi\/\" aria-label=\"Nemrut Da\u011f\u0131 Hakk\u0131nda Ke\u015ffedilmesi Gereken 10 Bilgi\">\n\t\t\t\t\t\t\t<img decoding=\"async\" width=\"669\" height=\"446\" src=\"https:\/\/delux.com.tr\/dt\/wp-content\/uploads\/2021\/10\/Turkiyede-Gun-Batimi-Manzarasi-nemrut-2.jpg\" class=\"attachment-full size-full lazyload wp-post-image\" alt=\"\" srcset=\"data:image\/svg+xml,%3Csvg%20xmlns%3D%27http%3A%2F%2Fwww.w3.org%2F2000%2Fsvg%27%20width%3D%27669%27%20height%3D%27446%27%20viewBox%3D%270%200%20669%20446%27%3E%3Crect%20width%3D%27669%27%20height%3D%27446%27%20fill-opacity%3D%220%22%2F%3E%3C%2Fsvg%3E\" data-orig-src=\"https:\/\/delux.com.tr\/dt\/wp-content\/uploads\/2021\/10\/Turkiyede-Gun-Batimi-Manzarasi-nemrut-2.jpg\" data-srcset=\"https:\/\/delux.com.tr\/dt\/wp-content\/uploads\/2021\/10\/Turkiyede-Gun-Batimi-Manzarasi-nemrut-2-200x133.jpg 200w, https:\/\/delux.com.tr\/dt\/wp-content\/uploads\/2021\/10\/Turkiyede-Gun-Batimi-Manzarasi-nemrut-2-400x267.jpg 400w, https:\/\/delux.com.tr\/dt\/wp-content\/uploads\/2021\/10\/Turkiyede-Gun-Batimi-Manzarasi-nemrut-2-600x400.jpg 600w, https:\/\/delux.com.tr\/dt\/wp-content\/uploads\/2021\/10\/Turkiyede-Gun-Batimi-Manzarasi-nemrut-2.jpg 669w\" data-sizes=\"auto\" \/>\t\t\t<\/a>\n\t\t\t\t\t\t\t<\/div>\n<\/li>\n\t\t\t\n\t\t\t\n\t\t\t\t\t\t\t\t\t\t\t\t\t\t\t\t\t\t\t\t\t\t\t\t\t\t\t\t\t\t\t\t\t\t\t\t\t\t\t\t\t\t\t\t\t\t\t\t\t\t\t\t\t\t\t\t\t\t\t\t\t\t\t\t\t\t\t\t<\/ul>\n\t<\/div>\n\t<div class=\"fusion-post-content-wrapper\" style=\"padding:30px 25px 25px 25px;\"><div class=\"fusion-post-content post-content\"><h2 class=\"blog-shortcode-post-title entry-title\"><a href=\"https:\/\/delux.com.tr\/dt\/tatil-hakkinda\/nemrut-dagi-hakkinda-kesfedilmesi-gereken-10-bilgi\/\">Nemrut Da\u011f\u0131 Hakk\u0131nda Ke\u015ffedilmesi Gereken 10 Bilgi<\/a><\/h2><\/div><\/div><div class=\"fusion-clearfix\"><\/div><\/div>\n<\/article>\n<div class=\"fusion-clearfix\"><\/div><\/div><\/div><div class=\"fusion-text fusion-text-9\"><p>&#8211; Yolculu\u011funuzun her ola\u011fan\u00fcst\u00fc detay\u0131n \u00f6zenle se\u00e7ilmi\u015f olmas\u0131<\/p>\n<p>&#8211; Kusursuz bir \u015fekilde uygulanan, el yap\u0131m\u0131, esnek ve kusursuz g\u00fczergahlar<\/p>\n<p>&#8211; Egzotik destinasyonlarda uzman\u0131<\/p>\n<p>&#8211; Ola\u011fan\u00fcst\u00fc hizmet ve detaylara tavizsiz \u00f6zen<\/p>\n<p>&#8211; \u00c7iftler, aileler ve k\u00fc\u00e7\u00fck gruplar i\u00e7in m\u00fckemmel \u00f6zel yolculuklar<\/p>\n<p>&#8211; Kendi kal\u0131\u015f tarihinizi se\u00e7me \u00f6zg\u00fcrl\u00fc\u011f\u00fc<\/p>\n<p>&#8211; Tamamen \u00f6zelle\u015ftirilebilir deneyimler<\/p>\n<\/div><div class=\"fusion-text fusion-text-10\"><p><strong>Otel ve Tur Sat\u0131\u015f<\/strong><br \/>\n<a href=\"mailto:sales@delux.com.tr\">sales@delux.com.tr<\/a> &#8211; <a href=\"telto:+905559637216\">0555 963 7216<\/a><\/p>\n<\/div><\/div><\/div><\/div><\/div>\n","protected":false},"excerpt":{"rendered":"<p>S\u00fcrd\u00fcr\u00fclebilir turizm, gezginlerin \u00e7evresel ve toplumsal etkileri en aza indirerek, do\u011fal kaynaklar\u0131n korunmas\u0131na ve yerel k\u00fclt\u00fcrlerin s\u00fcrd\u00fcr\u00fclebilir geli\u015fimine katk\u0131 sa\u011flamay\u0131 ama\u00e7layan bir seyahat \u015feklidir. Peki, ekolojik tatil alternatifleri nelerdir ve \u00e7evreye duyarl\u0131 bir \u015fekilde nas\u0131l seyahat edebiliriz?<\/p>\n","protected":false},"author":1,"featured_media":6814,"comment_status":"open","ping_status":"open","sticky":false,"template":"","format":"standard","meta":{"footnotes":""},"categories":[9],"tags":[665,346,666],"class_list":["post-6808","post","type-post","status-publish","format-standard","has-post-thumbnail","hentry","category-tatil-hakkinda","tag-ekolojik-tatil","tag-pratik-bilgi","tag-surdurulebilir-turizm"],"_links":{"self":[{"href":"https:\/\/delux.com.tr\/dt\/wp-json\/wp\/v2\/posts\/6808","targetHints":{"allow":["GET"]}}],"collection":[{"href":"https:\/\/delux.com.tr\/dt\/wp-json\/wp\/v2\/posts"}],"about":[{"href":"https:\/\/delux.com.tr\/dt\/wp-json\/wp\/v2\/types\/post"}],"author":[{"embeddable":true,"href":"https:\/\/delux.com.tr\/dt\/wp-json\/wp\/v2\/users\/1"}],"replies":[{"embeddable":true,"href":"https:\/\/delux.com.tr\/dt\/wp-json\/wp\/v2\/comments?post=6808"}],"version-history":[{"count":1,"href":"https:\/\/delux.com.tr\/dt\/wp-json\/wp\/v2\/posts\/6808\/revisions"}],"predecessor-version":[{"id":6815,"href":"https:\/\/delux.com.tr\/dt\/wp-json\/wp\/v2\/posts\/6808\/revisions\/6815"}],"wp:featuredmedia":[{"embeddable":true,"href":"https:\/\/delux.com.tr\/dt\/wp-json\/wp\/v2\/media\/6814"}],"wp:attachment":[{"href":"https:\/\/delux.com.tr\/dt\/wp-json\/wp\/v2\/media?parent=6808"}],"wp:term":[{"taxonomy":"category","embeddable":true,"href":"https:\/\/delux.com.tr\/dt\/wp-json\/wp\/v2\/categories?post=6808"},{"taxonomy":"post_tag","embeddable":true,"href":"https:\/\/delux.com.tr\/dt\/wp-json\/wp\/v2\/tags?post=6808"}],"curies":[{"name":"wp","href":"https:\/\/api.w.org\/{rel}","templated":true}]}}