{"id":4463,"date":"2022-09-14T13:13:53","date_gmt":"2022-09-14T10:13:53","guid":{"rendered":"https:\/\/delux.com.tr\/tr\/?p=4463"},"modified":"2023-09-08T12:30:11","modified_gmt":"2023-09-08T09:30:11","slug":"tarihe-yolculuk-sagalassos-antik-kenti","status":"publish","type":"post","link":"https:\/\/delux.com.tr\/dt\/tatil-hakkinda\/tarihe-yolculuk-sagalassos-antik-kenti\/","title":{"rendered":"Tarihe Yolculuk: Sagalassos Antik Kenti"},"content":{"rendered":"<div class=\"fusion-fullwidth fullwidth-box fusion-builder-row-1 fusion-flex-container nonhundred-percent-fullwidth non-hundred-percent-height-scrolling\" style=\"--awb-border-radius-top-left:0px;--awb-border-radius-top-right:0px;--awb-border-radius-bottom-right:0px;--awb-border-radius-bottom-left:0px;--awb-flex-wrap:wrap;\" ><div class=\"fusion-builder-row fusion-row fusion-flex-align-items-flex-start fusion-flex-content-wrap\" style=\"max-width:1414.4px;margin-left: calc(-4% \/ 2 );margin-right: calc(-4% \/ 2 );\"><div class=\"fusion-layout-column fusion_builder_column fusion-builder-column-0 fusion_builder_column_2_3 2_3 fusion-flex-column\" style=\"--awb-bg-size:cover;--awb-width-large:66.666666666667%;--awb-margin-top-large:0px;--awb-spacing-right-large:3.84%;--awb-margin-bottom-large:0px;--awb-spacing-left-large:2.88%;--awb-width-medium:66.666666666667%;--awb-spacing-right-medium:3.84%;--awb-spacing-left-medium:2.88%;--awb-width-small:100%;--awb-spacing-right-small:1.92%;--awb-spacing-left-small:1.92%;\"><div class=\"fusion-column-wrapper fusion-flex-justify-content-flex-start fusion-content-layout-column\"><div class=\"fusion-text fusion-text-1\"><p>\u2018A\u015f\u0131klar\u0131n ve imparatorlar\u0131n \u015fehri\u2019 olarak bilinen Sagalassos Antik Kenti, t\u00fcm ihti\u015fam\u0131 ile Toros da\u011flar\u0131n\u0131n eteklerine serili. Tarihi milattan \u00f6nce \u00fc\u00e7 bin y\u0131l \u00f6nceye dayal\u0131 olan bu kent, d\u00f6neminin en \u00f6nemli ticaret kentleri aras\u0131nda g\u00f6steriliyor. Kaz\u0131 \u00e7al\u0131\u015fmalar\u0131 ile g\u00f6m\u00fcld\u00fc\u011f\u00fc sessizlikten kurtulan Sagalassos 2009 y\u0131l\u0131nda UNESCO D\u00fcnya Miras\u0131 Ge\u00e7ici Listesi\u2019ne girdi. Her y\u0131l binlerce ziyaret\u00e7i a\u011f\u0131rlayan bu antik kenti siz de ke\u015ffetmeye ne dersiniz? Gelin birlikte\u00a0Sagalassos antik kenti hakk\u0131nda\u00a0tarihi bir yolculu\u011fa \u00e7\u0131kal\u0131m\u2026<\/p>\n<\/div><div class=\"fusion-separator fusion-full-width-sep\" style=\"align-self: center;margin-left: auto;margin-right: auto;margin-bottom:10px;width:100%;\"><div class=\"fusion-separator-border sep-single sep-solid\" style=\"--awb-height:20px;--awb-amount:20px;border-color:var(--awb-color3);border-top-width:1px;\"><\/div><\/div><div class=\"fusion-text fusion-text-2\"><p><strong>Sagalassos Antik Kenti Nerede?<\/strong><\/p>\n<p>Tarihin en \u00f6nemli antik kentlerinden birisi olan Sagalassos Antik Kenti, Burdur\u2019un A\u011flasun il\u00e7esinde konumlan\u0131yor.\u00a0\u0130l\u00e7e merkezine 7 kilometre kuzeydo\u011fusunda yer alan antik kent, Burdur\u2019a 35, Isparta\u2019ya 4, Antalya\u2019ya 110, \u0130stanbul\u2019a da 609 kilometre mesafede bulunuyor.<\/p>\n<p><strong>Sagalassos Antik Kenti\u2019ne Nas\u0131l Gidilir?<\/strong><\/p>\n<p>Sagalassos Antik Kenti\u2019ne kendi arac\u0131n\u0131z\u0131n yan\u0131 s\u0131ra Burdur\u2019dan A\u011flasun\u2019a hareket eden toplu ta\u015f\u0131ma ara\u00e7lar\u0131 ile de ula\u015fabilirsiniz. Toplu ta\u015f\u0131ma ile burdur merkezden yakla\u015f\u0131k 2 saat s\u00fcren yolculuk sonunda ula\u015fabilirsiniz. Bir hat\u0131rlatma yapacak olursak toplu ta\u015f\u0131may\u0131 tercih ederseniz yolculu\u011funuzu planlamadan \u00f6nce otob\u00fcs saatlerini \u00f6\u011frenmenizi \u00f6neririz.<\/p>\n<\/div><div class=\"fusion-separator fusion-full-width-sep\" style=\"align-self: center;margin-left: auto;margin-right: auto;margin-bottom:10px;width:100%;\"><div class=\"fusion-separator-border sep-single sep-solid\" style=\"--awb-height:20px;--awb-amount:20px;border-color:var(--awb-color3);border-top-width:1px;\"><\/div><\/div><div class=\"fusion-text fusion-text-3\"><p><strong>Sagalassos Antik Kenti Nereye Kuruldu?<\/strong><\/p>\n<p>Deniz seviyesinden 1490 ila 1600 metre aras\u0131nda yer alan Sagalassos kenti, g\u00fcneybat\u0131 Toroslar\u0131n g\u00fcneyine bakan yama\u00e7lar\u0131na serilidir. Halk\u0131n yerle\u015fim i\u00e7in bu kadar y\u00fcksek bir noktay\u0131 se\u00e7mesinin ise iki farkl\u0131 nedeni var. Bunlardan birincisi y\u00fcksek konumun g\u00fcvenlik sa\u011flamas\u0131 bir di\u011feri de suyun bol olu\u015fudur. \u00d6zellikle ge\u00e7irgen bir toprak yap\u0131s\u0131n\u0131n olmas\u0131 \u00e7ok say\u0131da p\u0131nar\u0131n olu\u015fmas\u0131n\u0131 sa\u011flar. Di\u011fer yandan b\u00f6lgedeki y\u00fcksek kalitedeki toprak, seramik yap\u0131m\u0131 i\u00e7in elveri\u015fli kil sunmu\u015fken de\u011ferli maden yataklar\u0131n\u0131n olmas\u0131 da metal e\u015fya \u00fcretimine yol a\u00e7ar. Bunlar\u0131n do\u011fal bir getirisi olarak Sagalassos\u2019u k\u0131sa zamanda d\u00f6nemin \u00f6nemli ticaret kentlerinden birisi haline getirir.<\/p>\n<p><img decoding=\"async\" class=\"lazyload aligncenter size-full wp-image-4464\" src=\"data:image\/svg+xml,%3Csvg%20xmlns%3D%27http%3A%2F%2Fwww.w3.org%2F2000%2Fsvg%27%20width%3D%27800%27%20height%3D%27500%27%20viewBox%3D%270%200%20800%20500%27%3E%3Crect%20width%3D%27800%27%20height%3D%27500%27%20fill-opacity%3D%220%22%2F%3E%3C%2Fsvg%3E\" data-orig-src=\"https:\/\/delux.com.tr\/dt\/wp-content\/uploads\/2022\/10\/Sagalassos-Antik-Kenti-burdur.jpg\" alt=\"\" width=\"800\" height=\"500\" \/><\/p>\n<\/div><div class=\"fusion-separator fusion-full-width-sep\" style=\"align-self: center;margin-left: auto;margin-right: auto;margin-bottom:10px;width:100%;\"><div class=\"fusion-separator-border sep-single sep-solid\" style=\"--awb-height:20px;--awb-amount:20px;border-color:var(--awb-color3);border-top-width:1px;\"><\/div><\/div><div class=\"fusion-text fusion-text-4\"><p><strong>Sagalassos Antik Kenti Tarihi<\/strong><\/p>\n<p>Antik kentin tarihine de\u011finmeden \u00f6nce\u00a0<strong>Sagalassos\u00a0<\/strong>isminin nereden geldi\u011fine de\u011finecek olursak elde edilen bulgulara g\u00f6re buradaki yaz\u0131tlarda ismi ge\u00e7en Agalassoslu diye s\u00f6z edilen bir rahipten geldi\u011fini s\u00f6yleyebiliriz. Ancak ismin bilinen bir anlam\u0131 bulunmuyor. Gelelim Sagalassoslular\u2019un nereden geldiklerine; bu halk M.\u00d6 3000 y\u0131l\u0131n sonlar\u0131nda bat\u0131 ve g\u00fcney Anadolu\u2019da ya\u015fayan Luvi kabilelerinin bir kolu olan Pisidia halk\u0131na mensupturlar. M.\u00d6 333 y\u0131l\u0131na geldi\u011fimizde ise B\u00fcy\u00fck \u0130skender kenti ele ge\u00e7irir ve ard\u0131ndan s\u0131ras\u0131yla Seleukos, Attalid, Galatia kral\u0131 Amyntas ve son olarak Agustus taraf\u0131ndan Roma \u0130mparatorlu\u011fu hakimiyeti alt\u0131na girer. 120\u2019li y\u0131llara do\u011fru ilerledi\u011fimizde ise Hadrian\u2019\u0131n Sagalassos\u2019u Pisidia \u0130mparatorlu\u011fu\u2019nun resmi merkezi se\u00e7mesi \u00fczerine b\u00fcy\u00fck \u00e7apl\u0131 ekonomik geli\u015fme g\u00f6r\u00fcr\u00fcz. 6. y\u00fczy\u0131l\u0131n ortas\u0131na kadar geli\u015fmeye devam eden kent, 590 y\u0131l\u0131nda ger\u00e7ekle\u015fen b\u00fcy\u00fck deprem sonucunda tamamen yerle bir olur. M.S 13 y\u00fczy\u0131l ortalar\u0131nda Sel\u00e7uklu Devleti\u2019nin son Bizans kalelerini de kald\u0131rana kadar y\u0131k\u0131nt\u0131lar aras\u0131nda birka\u00e7 k\u00fc\u00e7\u00fck k\u00f6y ayakta kalmaya devam eder.<\/p>\n<p><strong>Sagalassos Antik Kenti\u2019nde Neler Bulunuyor?<\/strong><\/p>\n<p>Sagalassos\u2019un ilk ke\u015ffi 1706 y\u0131l\u0131nda Frans\u0131z gezgin Paul Lucas taraf\u0131ndan yap\u0131lm\u0131\u015f olsa da kaz\u0131 \u00e7al\u0131\u015fmalar\u0131 1989\u2019da Leuven Katolik \u00dcniversitesi\u2019nden Bel\u00e7ikal\u0131 Prof. Dr. Marc Waelkens\u2019in \u00f6nderli\u011finde ba\u015flad\u0131. \u015eimdiye kadar yap\u0131lan kaz\u0131larda bulunan yap\u0131lar\u0131n b\u00fcy\u00fck bir \u00e7o\u011funlu\u011fu Roma d\u00f6nemine ait eserlerden olu\u015fuyor. Burada olduk\u00e7a g\u00f6rkemli bir yap\u0131 olan Antoinler \u00c7e\u015fmesi, Neron\u2019un K\u00fct\u00fcphanesi, Cladius kap\u0131s\u0131, tiyatro, seramik \u00fcretim merkezi, kilise, tap\u0131nak, agora ve meclis binas\u0131 bulunuyor.<\/p>\n<p><img decoding=\"async\" class=\"lazyload aligncenter size-full wp-image-4465\" src=\"data:image\/svg+xml,%3Csvg%20xmlns%3D%27http%3A%2F%2Fwww.w3.org%2F2000%2Fsvg%27%20width%3D%27800%27%20height%3D%27500%27%20viewBox%3D%270%200%20800%20500%27%3E%3Crect%20width%3D%27800%27%20height%3D%27500%27%20fill-opacity%3D%220%22%2F%3E%3C%2Fsvg%3E\" data-orig-src=\"https:\/\/delux.com.tr\/dt\/wp-content\/uploads\/2022\/10\/Tarihe-Yolculuk-Sagalassos-Antik-Kenti-nerde.jpg\" alt=\"\" width=\"800\" height=\"500\" \/><\/p>\n<p>Sagalassos Antik Kenti, terk edildi\u011fi g\u00fcnden beri g\u00fcn\u00fcm\u00fcze kadar en sa\u011flam \u015fekilde ula\u015fan kentlerin ba\u015f\u0131nda geliyor. 2009 y\u0131l\u0131nda UNESCO D\u00fcnya Miras\u0131 Ge\u00e7ici Listesi\u2019ne al\u0131nan antik kentin kaz\u0131lar\u0131nda ortaya \u00e7\u0131kan y\u00fcksekli\u011fi 5 metrenin \u00fczerinde oldu\u011fu tahmin edilen \u0130mparator Marcus Aurelius ile \u0130mparator Hadrian\u2019a ait heykeller ve di\u011fer bir\u00e7ok eser Burdur Arkeoloji M\u00fczesi\u2019nde sergileniyor.<\/p>\n<\/div><div class=\"fusion-separator fusion-full-width-sep\" style=\"align-self: center;margin-left: auto;margin-right: auto;margin-bottom:10px;width:100%;\"><div class=\"fusion-separator-border sep-single sep-solid\" style=\"--awb-height:20px;--awb-amount:20px;border-color:var(--awb-color3);border-top-width:1px;\"><\/div><\/div><div class=\"fusion-text fusion-text-5\"><p><strong>Antoninler \u00c7e\u015fmesi<\/strong><\/p>\n<p>Yakla\u015f\u0131k 2000 y\u0131ld\u0131r akan bir \u00e7e\u015fme d\u00fc\u015f\u00fcn\u00fcn\u2026 Olduk\u00e7a g\u00f6rkemli ve g\u00fczel bir mimariye sahip olan Antoinler \u00c7e\u015fmesi MS 180 y\u0131l\u0131nda Roma \u0130mparatoru Marcus Aurelius zaman\u0131nda yapt\u0131r\u0131l\u0131r. 7 farkl\u0131 renkten olu\u015fan \u00e7e\u015fme, 590 y\u0131l\u0131nda ger\u00e7ekle\u015fen b\u00fcy\u00fck depremle y\u0131k\u0131larak toprak alt\u0131nda kal\u0131r. \u015eelaleli bir \u00e7e\u015fme olan bu \u00f6zel yap\u0131da y\u00fczeyinde \u0131\u015f\u0131k oyunlar\u0131 olu\u015fmas\u0131n\u0131 sa\u011flayan Afyon Mermeri kullan\u0131lm\u0131\u015f. Bir\u00e7ok heykelle s\u00fcsl\u00fc olan \u00e7e\u015fme 28 metre uzunlu\u011fa ve 9 metre y\u00fcksekli\u011fe sahip. Tanr\u0131 Dionysos\u2019a ithaf edilen sembollerle bezeli. Depremlerde zarar g\u00f6ren bu heykeller arkeolojik kaz\u0131 \u00e7al\u0131\u015fmalar\u0131 s\u0131ras\u0131nda ortaya \u00e7\u0131kar\u0131lm\u0131\u015f.<\/p>\n<p><strong>Neron\u2019un K\u00fct\u00fcphanesi<\/strong><\/p>\n<p>Kentin ekonomik geli\u015fme g\u00f6stermeye ba\u015flad\u0131\u011f\u0131 d\u00f6nemlere rastlayan M.S 120\u2019li y\u0131llarda \u015fehrin \u00f6nde gelen ailelerinden Neonlar taraf\u0131ndan yapt\u0131r\u0131lan k\u00fct\u00fcphanenin zemini mozaik ile kapl\u0131. Mozaiklerden b\u00fcy\u00fck olan\u0131n ortas\u0131nda A\u015fil\u2019in Troya Sava\u015f\u0131\u2019na kat\u0131lmas\u0131 g\u00f6steriliyor. \u00d6n\u00fcnde bulunan \u00e7e\u015fmenin restorasyonu s\u0131ras\u0131nda su kayna\u011f\u0131 bulundu\u011fundan bug\u00fcn hala ak\u0131yor.<\/p>\n<p><strong>Tiyatro Binas\u0131<\/strong><\/p>\n<p>Antik kentin en etkileyici yap\u0131lar\u0131ndan birisi olan tiyatro, kentin en parlak d\u00f6nemlerinde yakla\u015f\u0131k 9 bin ki\u015filik kapasiteye sahipmi\u015f. D\u00fcnyada en y\u00fckse\u011fe kurulan tiyatrolardan birisi olan yap\u0131, M.S ilk bin y\u0131l i\u00e7inde ger\u00e7ekle\u015fen depremlerle hasar g\u00f6rse de oturma yerlerinin b\u00fcy\u00fck bir k\u0131sm\u0131 halen sa\u011flaml\u0131\u011f\u0131n\u0131 koruyor.<\/p>\n<p><strong>Sagalassos Antik Kenti Giri\u015f \u00dccreti ve Ziyaret Zaman\u0131<\/strong><\/p>\n<p>Y\u0131l\u0131n her g\u00fcn\u00fc a\u00e7\u0131k olan Sagalassos Antik Kenti\u2019ni yaz d\u00f6neminde 09.00 \u2013 19.00, k\u0131\u015f d\u00f6neminde ise 08.30 \u2013 17.30 saatleri aras\u0131nda gezebilirsiniz. Giri\u015f \u00fccreti ise 17.5TL ancak M\u00fcze Kart\u0131n\u0131z varsa \u00fccretsiz ziyaret edebilirsiniz.<\/p>\n<\/div><div class=\"fusion-separator fusion-full-width-sep\" style=\"align-self: center;margin-left: auto;margin-right: auto;margin-bottom:10px;width:100%;\"><div class=\"fusion-separator-border sep-single sep-solid\" style=\"--awb-height:20px;--awb-amount:20px;border-color:var(--awb-color3);border-top-width:1px;\"><\/div><\/div><div class=\"fusion-text fusion-text-6\"><p style=\"background: white; margin: 0cm 0cm 15.0pt 0cm;\"><strong><i><span style=\"font-size: 15.0pt; font-family: 'Lucida Sans Unicode',sans-serif; color: #607d8b;\">Size \u00f6zel fiyat ve se\u00e7enekler i\u00e7in bizimle ileti\u015fime ge\u00e7ebilirsiniz<\/span><\/i><\/strong><i><\/i><\/p>\n<p style=\"background: white; margin: 0cm 0cm 15.0pt 0cm;\"><strong><i><span style=\"font-size: 15.0pt; font-family: 'Lucida Sans Unicode',sans-serif; color: #607d8b;\">0212 560 36 36 sales@delux.com.tr<\/span><\/i><\/strong><\/p>\n<\/div><\/div><\/div><div class=\"fusion-layout-column fusion_builder_column fusion-builder-column-1 fusion_builder_column_1_3 1_3 fusion-flex-column\" style=\"--awb-padding-top:4%;--awb-padding-right:4%;--awb-padding-bottom:4%;--awb-padding-left:4%;--awb-bg-color:#f2f2f2;--awb-bg-color-hover:#f2f2f2;--awb-bg-size:cover;--awb-width-large:33.333333333333%;--awb-margin-top-large:0px;--awb-spacing-right-large:5.76%;--awb-margin-bottom-large:0px;--awb-spacing-left-large:3.84%;--awb-width-medium:33.333333333333%;--awb-order-medium:0;--awb-spacing-right-medium:5.76%;--awb-spacing-left-medium:3.84%;--awb-width-small:100%;--awb-order-small:0;--awb-spacing-right-small:1.92%;--awb-spacing-left-small:1.92%;\"><div class=\"fusion-column-wrapper fusion-column-has-shadow fusion-flex-justify-content-flex-start fusion-content-layout-column\"><div class=\"fusion-blog-shortcode fusion-blog-shortcode-1 fusion-blog-archive fusion-blog-layout-grid-wrapper fusion-blog-no\"><style type=\"text\/css\">.fusion-blog-shortcode-1 .fusion-blog-layout-grid .fusion-post-grid{padding:20px;}.fusion-blog-shortcode-1 .fusion-posts-container{margin-left: -20px !important; margin-right:-20px !important;}<\/style><div class=\"fusion-posts-container fusion-posts-container-no fusion-no-meta-info fusion-blog-layout-grid fusion-blog-layout-grid-1 isotope\" data-pages=\"10\" data-grid-col-space=\"40\" style=\"margin: -20px -20px 0;min-height:500px;\"><article id=\"blog-1-post-1917\" class=\"fusion-post-grid post-1917 post type-post status-publish format-standard has-post-thumbnail hentry category-asya category-tatil-hakkinda tag-asya tag-cin tag-kultur-tatili tag-macera-tatili\">\n<div class=\"fusion-post-wrapper\" style=\"background-color:rgba(255,255,255,0);border:1px solid var(--awb-color2);border-bottom-width:3px;\">\n\n\t\t\t<div class=\"fusion-flexslider flexslider fusion-flexslider-loading fusion-post-slideshow\" style=\"border-color:var(--awb-color2);\">\n\t\t<ul class=\"slides\">\n\t\t\t\n\t\t\t\t\t\t\t\t\t\t\t\t\t\t<li><div  class=\"fusion-image-wrapper\" aria-haspopup=\"true\">\n\t\t\t\t\t\t\t<a href=\"https:\/\/delux.com.tr\/dt\/tatil-hakkinda\/cin\/\" aria-label=\"\u00c7in\">\n\t\t\t\t\t\t\t<img decoding=\"async\" width=\"864\" height=\"486\" src=\"https:\/\/delux.com.tr\/dt\/wp-content\/uploads\/2021\/05\/cin-1.jpg\" class=\"attachment-full size-full lazyload wp-post-image\" alt=\"\" srcset=\"data:image\/svg+xml,%3Csvg%20xmlns%3D%27http%3A%2F%2Fwww.w3.org%2F2000%2Fsvg%27%20width%3D%27864%27%20height%3D%27486%27%20viewBox%3D%270%200%20864%20486%27%3E%3Crect%20width%3D%27864%27%20height%3D%27486%27%20fill-opacity%3D%220%22%2F%3E%3C%2Fsvg%3E\" data-orig-src=\"https:\/\/delux.com.tr\/dt\/wp-content\/uploads\/2021\/05\/cin-1.jpg\" data-srcset=\"https:\/\/delux.com.tr\/dt\/wp-content\/uploads\/2021\/05\/cin-1-200x113.jpg 200w, https:\/\/delux.com.tr\/dt\/wp-content\/uploads\/2021\/05\/cin-1-400x225.jpg 400w, https:\/\/delux.com.tr\/dt\/wp-content\/uploads\/2021\/05\/cin-1-600x338.jpg 600w, https:\/\/delux.com.tr\/dt\/wp-content\/uploads\/2021\/05\/cin-1-800x450.jpg 800w, https:\/\/delux.com.tr\/dt\/wp-content\/uploads\/2021\/05\/cin-1.jpg 864w\" data-sizes=\"auto\" \/>\t\t\t<\/a>\n\t\t\t\t\t\t\t<\/div>\n<\/li>\n\t\t\t\n\t\t\t\n\t\t\t\t\t\t\t\t\t\t\t\t\t\t\t\t\t\t\t\t\t\t\t\t\t\t\t\t\t\t\t\t\t\t\t\t\t\t\t\t\t\t\t\t\t\t\t\t\t\t\t\t\t\t\t\t\t\t\t\t\t\t\t\t\t\t\t\t<\/ul>\n\t<\/div>\n\t<div class=\"fusion-post-content-wrapper\" style=\"padding:30px 25px 25px 25px;\"><div class=\"fusion-post-content post-content\"><h2 class=\"blog-shortcode-post-title entry-title\"><a href=\"https:\/\/delux.com.tr\/dt\/tatil-hakkinda\/cin\/\">\u00c7in<\/a><\/h2><\/div><\/div><div class=\"fusion-clearfix\"><\/div><\/div>\n<\/article>\n<article id=\"blog-1-post-1927\" class=\"fusion-post-grid post-1927 post type-post status-publish format-standard has-post-thumbnail hentry category-orta-dogu tag-israil tag-kultur-tatili tag-orta-dogu\">\n<div class=\"fusion-post-wrapper\" style=\"background-color:rgba(255,255,255,0);border:1px solid var(--awb-color2);border-bottom-width:3px;\">\n\n\t\t\t<div class=\"fusion-flexslider flexslider fusion-flexslider-loading fusion-post-slideshow\" style=\"border-color:var(--awb-color2);\">\n\t\t<ul class=\"slides\">\n\t\t\t\n\t\t\t\t\t\t\t\t\t\t\t\t\t\t<li><div  class=\"fusion-image-wrapper\" aria-haspopup=\"true\">\n\t\t\t\t\t\t\t<a href=\"https:\/\/delux.com.tr\/dt\/destinasyonlar\/orta-dogu\/israil\/\" aria-label=\"\u0130srail\">\n\t\t\t\t\t\t\t<img decoding=\"async\" width=\"548\" height=\"318\" src=\"https:\/\/delux.com.tr\/dt\/wp-content\/uploads\/2021\/05\/indir-3.jpeg\" class=\"attachment-full size-full lazyload wp-post-image\" alt=\"\" srcset=\"data:image\/svg+xml,%3Csvg%20xmlns%3D%27http%3A%2F%2Fwww.w3.org%2F2000%2Fsvg%27%20width%3D%27548%27%20height%3D%27318%27%20viewBox%3D%270%200%20548%20318%27%3E%3Crect%20width%3D%27548%27%20height%3D%27318%27%20fill-opacity%3D%220%22%2F%3E%3C%2Fsvg%3E\" data-orig-src=\"https:\/\/delux.com.tr\/dt\/wp-content\/uploads\/2021\/05\/indir-3.jpeg\" data-srcset=\"https:\/\/delux.com.tr\/dt\/wp-content\/uploads\/2021\/05\/indir-3-200x116.jpeg 200w, https:\/\/delux.com.tr\/dt\/wp-content\/uploads\/2021\/05\/indir-3-400x232.jpeg 400w, https:\/\/delux.com.tr\/dt\/wp-content\/uploads\/2021\/05\/indir-3.jpeg 548w\" data-sizes=\"auto\" \/>\t\t\t<\/a>\n\t\t\t\t\t\t\t<\/div>\n<\/li>\n\t\t\t\n\t\t\t\n\t\t\t\t\t\t\t\t\t\t\t\t\t\t\t\t\t\t\t\t\t\t\t\t\t\t\t\t\t\t\t\t\t\t\t\t\t\t\t\t\t\t\t\t\t\t\t\t\t\t\t\t\t\t\t\t\t\t\t\t\t\t\t\t\t\t\t\t<\/ul>\n\t<\/div>\n\t<div class=\"fusion-post-content-wrapper\" style=\"padding:30px 25px 25px 25px;\"><div class=\"fusion-post-content post-content\"><h2 class=\"blog-shortcode-post-title entry-title\"><a href=\"https:\/\/delux.com.tr\/dt\/destinasyonlar\/orta-dogu\/israil\/\">\u0130srail<\/a><\/h2><\/div><\/div><div class=\"fusion-clearfix\"><\/div><\/div>\n<\/article>\n<article id=\"blog-1-post-4235\" class=\"fusion-post-grid post-4235 post type-post status-publish format-standard has-post-thumbnail hentry category-tatil-hakkinda tag-anadolu-tarihi tag-konya tag-mevlana\">\n<div class=\"fusion-post-wrapper\" style=\"background-color:rgba(255,255,255,0);border:1px solid var(--awb-color2);border-bottom-width:3px;\">\n\n\t\t\t<div class=\"fusion-flexslider flexslider fusion-flexslider-loading fusion-post-slideshow\" style=\"border-color:var(--awb-color2);\">\n\t\t<ul class=\"slides\">\n\t\t\t\n\t\t\t\t\t\t\t\t\t\t\t\t\t\t<li><div  class=\"fusion-image-wrapper\" aria-haspopup=\"true\">\n\t\t\t\t\t\t\t<a href=\"https:\/\/delux.com.tr\/dt\/tatil-hakkinda\/mevlana-hayati\/\" aria-label=\"Mevlana Hayat\u0131\">\n\t\t\t\t\t\t\t<img decoding=\"async\" width=\"800\" height=\"500\" src=\"https:\/\/delux.com.tr\/dt\/wp-content\/uploads\/2022\/01\/mevlana-hayati.jpg\" class=\"attachment-full size-full lazyload wp-post-image\" alt=\"\" srcset=\"data:image\/svg+xml,%3Csvg%20xmlns%3D%27http%3A%2F%2Fwww.w3.org%2F2000%2Fsvg%27%20width%3D%27800%27%20height%3D%27500%27%20viewBox%3D%270%200%20800%20500%27%3E%3Crect%20width%3D%27800%27%20height%3D%27500%27%20fill-opacity%3D%220%22%2F%3E%3C%2Fsvg%3E\" data-orig-src=\"https:\/\/delux.com.tr\/dt\/wp-content\/uploads\/2022\/01\/mevlana-hayati.jpg\" data-srcset=\"https:\/\/delux.com.tr\/dt\/wp-content\/uploads\/2022\/01\/mevlana-hayati-200x125.jpg 200w, https:\/\/delux.com.tr\/dt\/wp-content\/uploads\/2022\/01\/mevlana-hayati-400x250.jpg 400w, https:\/\/delux.com.tr\/dt\/wp-content\/uploads\/2022\/01\/mevlana-hayati-600x375.jpg 600w, https:\/\/delux.com.tr\/dt\/wp-content\/uploads\/2022\/01\/mevlana-hayati.jpg 800w\" data-sizes=\"auto\" \/>\t\t\t<\/a>\n\t\t\t\t\t\t\t<\/div>\n<\/li>\n\t\t\t\n\t\t\t\n\t\t\t\t\t\t\t\t\t\t\t\t\t\t\t\t\t\t\t\t\t\t\t\t\t\t\t\t\t\t\t\t\t\t\t\t\t\t\t\t\t\t\t\t\t\t\t\t\t\t\t\t\t\t\t\t\t\t\t\t\t\t\t\t\t\t\t\t<\/ul>\n\t<\/div>\n\t<div class=\"fusion-post-content-wrapper\" style=\"padding:30px 25px 25px 25px;\"><div class=\"fusion-post-content post-content\"><h2 class=\"blog-shortcode-post-title entry-title\"><a href=\"https:\/\/delux.com.tr\/dt\/tatil-hakkinda\/mevlana-hayati\/\">Mevlana Hayat\u0131<\/a><\/h2><\/div><\/div><div class=\"fusion-clearfix\"><\/div><\/div>\n<\/article>\n<article id=\"blog-1-post-1972\" class=\"fusion-post-grid post-1972 post type-post status-publish format-standard has-post-thumbnail hentry category-asya category-plaj-tatili category-tatil-hakkinda tag-asya tag-kultur-tatili tag-macera-tatili tag-plaj-tatili tag-tayland\">\n<div class=\"fusion-post-wrapper\" style=\"background-color:rgba(255,255,255,0);border:1px solid var(--awb-color2);border-bottom-width:3px;\">\n\n\t\t\t<div class=\"fusion-flexslider flexslider fusion-flexslider-loading fusion-post-slideshow\" style=\"border-color:var(--awb-color2);\">\n\t\t<ul class=\"slides\">\n\t\t\t\n\t\t\t\t\t\t\t\t\t\t\t\t\t\t<li><div  class=\"fusion-image-wrapper\" aria-haspopup=\"true\">\n\t\t\t\t\t\t\t<a href=\"https:\/\/delux.com.tr\/dt\/tatil-hakkinda\/tayland\/\" aria-label=\"Tayland\">\n\t\t\t\t\t\t\t<img decoding=\"async\" width=\"800\" height=\"533\" src=\"https:\/\/delux.com.tr\/dt\/wp-content\/uploads\/2021\/05\/tayland-1.jpg\" class=\"attachment-full size-full lazyload wp-post-image\" alt=\"\" srcset=\"data:image\/svg+xml,%3Csvg%20xmlns%3D%27http%3A%2F%2Fwww.w3.org%2F2000%2Fsvg%27%20width%3D%27800%27%20height%3D%27533%27%20viewBox%3D%270%200%20800%20533%27%3E%3Crect%20width%3D%27800%27%20height%3D%27533%27%20fill-opacity%3D%220%22%2F%3E%3C%2Fsvg%3E\" data-orig-src=\"https:\/\/delux.com.tr\/dt\/wp-content\/uploads\/2021\/05\/tayland-1.jpg\" data-srcset=\"https:\/\/delux.com.tr\/dt\/wp-content\/uploads\/2021\/05\/tayland-1-200x133.jpg 200w, https:\/\/delux.com.tr\/dt\/wp-content\/uploads\/2021\/05\/tayland-1-400x267.jpg 400w, https:\/\/delux.com.tr\/dt\/wp-content\/uploads\/2021\/05\/tayland-1-600x400.jpg 600w, https:\/\/delux.com.tr\/dt\/wp-content\/uploads\/2021\/05\/tayland-1.jpg 800w\" data-sizes=\"auto\" \/>\t\t\t<\/a>\n\t\t\t\t\t\t\t<\/div>\n<\/li>\n\t\t\t\n\t\t\t\n\t\t\t\t\t\t\t\t\t\t\t\t\t\t\t\t\t\t\t\t\t\t\t\t\t\t\t\t\t\t\t\t\t\t\t\t\t\t\t\t\t\t\t\t\t\t\t\t\t\t\t\t\t\t\t\t\t\t\t\t\t\t\t\t\t\t\t\t<\/ul>\n\t<\/div>\n\t<div class=\"fusion-post-content-wrapper\" style=\"padding:30px 25px 25px 25px;\"><div class=\"fusion-post-content post-content\"><h2 class=\"blog-shortcode-post-title entry-title\"><a href=\"https:\/\/delux.com.tr\/dt\/tatil-hakkinda\/tayland\/\">Tayland<\/a><\/h2><\/div><\/div><div class=\"fusion-clearfix\"><\/div><\/div>\n<\/article>\n<article id=\"blog-1-post-1849\" class=\"fusion-post-grid post-1849 post type-post status-publish format-standard has-post-thumbnail hentry category-amerika category-plaj-tatili tag-amerika tag-brezilya tag-kultur-tatili tag-plaj-tatili tag-sanat-tatili\">\n<div class=\"fusion-post-wrapper\" style=\"background-color:rgba(255,255,255,0);border:1px solid var(--awb-color2);border-bottom-width:3px;\">\n\n\t\t\t<div class=\"fusion-flexslider flexslider fusion-flexslider-loading fusion-post-slideshow\" style=\"border-color:var(--awb-color2);\">\n\t\t<ul class=\"slides\">\n\t\t\t\n\t\t\t\t\t\t\t\t\t\t\t\t\t\t<li><div  class=\"fusion-image-wrapper\" aria-haspopup=\"true\">\n\t\t\t\t\t\t\t<a href=\"https:\/\/delux.com.tr\/dt\/destinasyonlar\/amerika\/brezilya\/\" aria-label=\"Brezilya\">\n\t\t\t\t\t\t\t<img decoding=\"async\" width=\"1500\" height=\"937\" src=\"https:\/\/delux.com.tr\/dt\/wp-content\/uploads\/2021\/05\/brezilya-2.jpg\" class=\"attachment-full size-full lazyload wp-post-image\" alt=\"\" srcset=\"data:image\/svg+xml,%3Csvg%20xmlns%3D%27http%3A%2F%2Fwww.w3.org%2F2000%2Fsvg%27%20width%3D%271500%27%20height%3D%27937%27%20viewBox%3D%270%200%201500%20937%27%3E%3Crect%20width%3D%271500%27%20height%3D%27937%27%20fill-opacity%3D%220%22%2F%3E%3C%2Fsvg%3E\" data-orig-src=\"https:\/\/delux.com.tr\/dt\/wp-content\/uploads\/2021\/05\/brezilya-2.jpg\" data-srcset=\"https:\/\/delux.com.tr\/dt\/wp-content\/uploads\/2021\/05\/brezilya-2-200x125.jpg 200w, https:\/\/delux.com.tr\/dt\/wp-content\/uploads\/2021\/05\/brezilya-2-400x250.jpg 400w, https:\/\/delux.com.tr\/dt\/wp-content\/uploads\/2021\/05\/brezilya-2-600x375.jpg 600w, https:\/\/delux.com.tr\/dt\/wp-content\/uploads\/2021\/05\/brezilya-2-800x500.jpg 800w, https:\/\/delux.com.tr\/dt\/wp-content\/uploads\/2021\/05\/brezilya-2-1200x750.jpg 1200w, https:\/\/delux.com.tr\/dt\/wp-content\/uploads\/2021\/05\/brezilya-2.jpg 1500w\" data-sizes=\"auto\" \/>\t\t\t<\/a>\n\t\t\t\t\t\t\t<\/div>\n<\/li>\n\t\t\t\n\t\t\t\n\t\t\t\t\t\t\t\t\t\t\t\t\t\t\t\t\t\t\t\t\t\t\t\t\t\t\t\t\t\t\t\t\t\t\t\t\t\t\t\t\t\t\t\t\t\t\t\t\t\t\t\t\t\t\t\t\t\t\t\t\t\t\t\t\t\t\t\t<\/ul>\n\t<\/div>\n\t<div class=\"fusion-post-content-wrapper\" style=\"padding:30px 25px 25px 25px;\"><div class=\"fusion-post-content post-content\"><h2 class=\"blog-shortcode-post-title entry-title\"><a href=\"https:\/\/delux.com.tr\/dt\/destinasyonlar\/amerika\/brezilya\/\">Brezilya<\/a><\/h2><\/div><\/div><div class=\"fusion-clearfix\"><\/div><\/div>\n<\/article>\n<div class=\"fusion-clearfix\"><\/div><\/div><\/div><div class=\"fusion-text fusion-text-7\"><p>&#8211; Yolculu\u011funuzun her ola\u011fan\u00fcst\u00fc detay\u0131n \u00f6zenle se\u00e7ilmi\u015f olmas\u0131<\/p>\n<p>&#8211; Kusursuz bir \u015fekilde uygulanan, el yap\u0131m\u0131, esnek ve kusursuz g\u00fczergahlar<\/p>\n<p>&#8211; Egzotik destinasyonlarda uzman\u0131<\/p>\n<p>&#8211; Ola\u011fan\u00fcst\u00fc hizmet ve detaylara tavizsiz \u00f6zen<\/p>\n<p>&#8211; \u00c7iftler, aileler ve k\u00fc\u00e7\u00fck gruplar i\u00e7in m\u00fckemmel \u00f6zel yolculuklar<\/p>\n<p>&#8211; Kendi kal\u0131\u015f tarihinizi se\u00e7me \u00f6zg\u00fcrl\u00fc\u011f\u00fc<\/p>\n<p>&#8211; Tamamen \u00f6zelle\u015ftirilebilir deneyimler<\/p>\n<\/div><div class=\"fusion-text fusion-text-8\"><p><strong>Otel ve Tur Sat\u0131\u015f<\/strong><br \/>\n<a href=\"mailto:sales@delux.com.tr\">sales@delux.com.tr<\/a> &#8211; <a href=\"telto:+905559637216\">0555 963 7216<\/a><\/p>\n<\/div><\/div><\/div><\/div><\/div>\n","protected":false},"excerpt":{"rendered":"<p>\u2018A\u015f\u0131klar\u0131n ve imparatorlar\u0131n \u015fehri\u2019 olarak bilinen Sagalassos Antik Kenti, t\u00fcm ihti\u015fam\u0131 ile Toros da\u011flar\u0131n\u0131n eteklerine serili. Tarihi milattan \u00f6nce \u00fc\u00e7 bin y\u0131l \u00f6nceye dayal\u0131 olan bu kent, d\u00f6neminin en \u00f6nemli ticaret kentleri aras\u0131nda g\u00f6steriliyor. Kaz\u0131 \u00e7al\u0131\u015fmalar\u0131 ile g\u00f6m\u00fcld\u00fc\u011f\u00fc sessizlikten kurtulan Sagalassos 2009 y\u0131l\u0131nda UNESCO D\u00fcnya Miras\u0131 Ge\u00e7ici Listesi\u2019ne girdi. Her y\u0131l binlerce ziyaret\u00e7i a\u011f\u0131rlayan bu antik kenti siz de ke\u015ffetmeye ne dersiniz? Gelin birlikte Sagalassos antik kenti hakk\u0131nda tarihi bir yolculu\u011fa \u00e7\u0131kal\u0131m\u2026<\/p>\n","protected":false},"author":1,"featured_media":5369,"comment_status":"open","ping_status":"open","sticky":false,"template":"","format":"standard","meta":{"footnotes":""},"categories":[9],"tags":[50,118,266,363,368],"class_list":["post-4463","post","type-post","status-publish","format-standard","has-post-thumbnail","hentry","category-tatil-hakkinda","tag-anadolu-tarihi","tag-burdur","tag-kultur-tatili","tag-sagallos","tag-sanat-tatili"],"_links":{"self":[{"href":"https:\/\/delux.com.tr\/dt\/wp-json\/wp\/v2\/posts\/4463","targetHints":{"allow":["GET"]}}],"collection":[{"href":"https:\/\/delux.com.tr\/dt\/wp-json\/wp\/v2\/posts"}],"about":[{"href":"https:\/\/delux.com.tr\/dt\/wp-json\/wp\/v2\/types\/post"}],"author":[{"embeddable":true,"href":"https:\/\/delux.com.tr\/dt\/wp-json\/wp\/v2\/users\/1"}],"replies":[{"embeddable":true,"href":"https:\/\/delux.com.tr\/dt\/wp-json\/wp\/v2\/comments?post=4463"}],"version-history":[{"count":2,"href":"https:\/\/delux.com.tr\/dt\/wp-json\/wp\/v2\/posts\/4463\/revisions"}],"predecessor-version":[{"id":5368,"href":"https:\/\/delux.com.tr\/dt\/wp-json\/wp\/v2\/posts\/4463\/revisions\/5368"}],"wp:featuredmedia":[{"embeddable":true,"href":"https:\/\/delux.com.tr\/dt\/wp-json\/wp\/v2\/media\/5369"}],"wp:attachment":[{"href":"https:\/\/delux.com.tr\/dt\/wp-json\/wp\/v2\/media?parent=4463"}],"wp:term":[{"taxonomy":"category","embeddable":true,"href":"https:\/\/delux.com.tr\/dt\/wp-json\/wp\/v2\/categories?post=4463"},{"taxonomy":"post_tag","embeddable":true,"href":"https:\/\/delux.com.tr\/dt\/wp-json\/wp\/v2\/tags?post=4463"}],"curies":[{"name":"wp","href":"https:\/\/api.w.org\/{rel}","templated":true}]}}