{"id":4417,"date":"2022-08-27T13:33:10","date_gmt":"2022-08-27T10:33:10","guid":{"rendered":"https:\/\/delux.com.tr\/tr\/?p=4417"},"modified":"2023-09-08T14:06:28","modified_gmt":"2023-09-08T11:06:28","slug":"bag-oteli-konsepti-nedir-turkiyede-one-cikan-bag-otelleri","status":"publish","type":"post","link":"https:\/\/delux.com.tr\/dt\/tatil-hakkinda\/bag-oteli-konsepti-nedir-turkiyede-one-cikan-bag-otelleri\/","title":{"rendered":"Ba\u011f Oteli Konsepti Nedir? T\u00fcrkiye\u2019de \u00d6ne \u00c7\u0131kan Ba\u011f Otelleri"},"content":{"rendered":"<div class=\"fusion-fullwidth fullwidth-box fusion-builder-row-1 fusion-flex-container nonhundred-percent-fullwidth non-hundred-percent-height-scrolling\" style=\"--awb-border-radius-top-left:0px;--awb-border-radius-top-right:0px;--awb-border-radius-bottom-right:0px;--awb-border-radius-bottom-left:0px;--awb-flex-wrap:wrap;\" ><div class=\"fusion-builder-row fusion-row fusion-flex-align-items-flex-start fusion-flex-content-wrap\" style=\"max-width:1414.4px;margin-left: calc(-4% \/ 2 );margin-right: calc(-4% \/ 2 );\"><div class=\"fusion-layout-column fusion_builder_column fusion-builder-column-0 fusion_builder_column_2_3 2_3 fusion-flex-column\" style=\"--awb-bg-size:cover;--awb-width-large:66.666666666667%;--awb-margin-top-large:0px;--awb-spacing-right-large:3.84%;--awb-margin-bottom-large:0px;--awb-spacing-left-large:2.88%;--awb-width-medium:66.666666666667%;--awb-spacing-right-medium:3.84%;--awb-spacing-left-medium:2.88%;--awb-width-small:100%;--awb-spacing-right-small:1.92%;--awb-spacing-left-small:1.92%;\"><div class=\"fusion-column-wrapper fusion-flex-justify-content-flex-start fusion-content-layout-column\"><div class=\"fusion-text fusion-text-1\"><p>Al\u0131\u015fageldik tatil konseptinin d\u0131\u015f\u0131na \u00e7\u0131kmak isteyenlerin son y\u0131llarda s\u0131kl\u0131kla tercih etti\u011fi ba\u011f evlerinde dopdolu bir deneyim bekliyor. Ba\u011f\u0131n ortas\u0131nda konumlanan ba\u011f evlerinde \u00f6zel tad\u0131mlar\u0131n yan\u0131 s\u0131ra \u00f6zel geziler ve etkinlikler gittik\u00e7e daha fazla ki\u015finin dikkatini \u00e7ekiyor.\u00a0<strong>Ba\u011f oteli\u00a0<\/strong>konseptini merak ediyor ev \u00fclkemizde \u00f6ne \u00e7\u0131kan\u00a0<strong>ba\u011f otelleri<\/strong>ni merak ediyorsan\u0131z sizin i\u00e7in haz\u0131rlad\u0131\u011f\u0131m\u0131z i\u00e7eri\u011fimize buyurun\u2026<\/p>\n<\/div><div class=\"fusion-separator fusion-full-width-sep\" style=\"align-self: center;margin-left: auto;margin-right: auto;margin-bottom:10px;width:100%;\"><div class=\"fusion-separator-border sep-single sep-solid\" style=\"--awb-height:20px;--awb-amount:20px;border-color:var(--awb-color3);border-top-width:1px;\"><\/div><\/div><div class=\"fusion-text fusion-text-2\"><p><strong>Ba\u011f Oteli Konsepti Nedir?<\/strong><\/p>\n<p>Yemye\u015fil bir do\u011fan\u0131n ortas\u0131na kurulan, sade detaylar\u0131 ile do\u011fal g\u00fczellikleri \u00f6n plana \u00e7\u0131karan ba\u011f evleri farkl\u0131 bir tatil deneyimi ya\u015famak isteyenleri davet ediyor. En lezzetli \u00fcz\u00fcmlerin yeti\u015fti\u011fi ba\u011flar\u0131m\u0131z, \u00fclkemizi \u015farap turizmi a\u00e7\u0131s\u0131ndan da zengin bir konuma ta\u015f\u0131yor. Y\u0131llar \u00f6ncesinde \u00fcz\u00fcm ve \u015farap \u00fcretiminin oldu\u011fu yerler bar\u0131nma alanlar\u0131 olarak kullan\u0131l\u0131rken g\u00fcn\u00fcm\u00fczde birer butik ba\u011f oteline d\u00f6n\u00fc\u015ferek turizme katk\u0131 sa\u011flayan kompleks konumundalar. Ba\u011f evleri s\u0131n\u0131rlar\u0131 i\u00e7inde butik otel, restoran, ba\u011f gezileri, \u00f6zel sunum ve tad\u0131mlar, mahzen deneyimleri ve aktivite alanlar\u0131 gibi \u00e7ok y\u00f6nl\u00fc hizmet sunuyorlar. Hem merakl\u0131lar\u0131 hem de farkl\u0131 bir tatil deneyimi ya\u015famak isteyenleri bekleyen ba\u011f evleri ayn\u0131 zamanda olduk\u00e7a romantik bir tatil de sunuyor.<\/p>\n<\/div><div class=\"fusion-separator fusion-full-width-sep\" style=\"align-self: center;margin-left: auto;margin-right: auto;margin-bottom:10px;width:100%;\"><div class=\"fusion-separator-border sep-single sep-solid\" style=\"--awb-height:20px;--awb-amount:20px;border-color:var(--awb-color3);border-top-width:1px;\"><\/div><\/div><div class=\"fusion-text fusion-text-3\"><p><strong>Barbaros Ba\u011f Evi &#8211; Tekirda\u011f<\/strong><\/p>\n<p>Trakya Ba\u011f Rotas\u0131\u2019n\u0131n en \u00e7ok tercih edilen noktalar\u0131ndan birisi olan Barbaros Ba\u011f Evi, ismini bulundu\u011fu kasabadan al\u0131yor. 230 d\u00f6n\u00fcml\u00fck bir alanda bulunan Barbare Ba\u011flar\u0131\u2019n\u0131n i\u00e7inde yer alan i\u015fletme, ba\u011f manzaras\u0131n\u0131 kucakl\u0131yor. Mimari detaylar\u0131nda sadeli\u011fi tercih eden Barbaros Da\u011f Evi, ba\u011f konseptini yans\u0131tan dekoratif \u00f6geleriyle size unutamayaca\u011f\u0131n\u0131z bir tatil sunuyor.<\/p>\n<\/div><div class=\"fusion-separator fusion-full-width-sep\" style=\"align-self: center;margin-left: auto;margin-right: auto;margin-bottom:10px;width:100%;\"><div class=\"fusion-separator-border sep-single sep-solid\" style=\"--awb-height:20px;--awb-amount:20px;border-color:var(--awb-color3);border-top-width:1px;\"><\/div><\/div><div class=\"fusion-text fusion-text-4\"><p><strong>Dessera Ba\u011f Evi, K\u0131rklareli<\/strong><\/p>\n<p>K\u0131rklareli\u2019nin Ahmet\u00e7e K\u00f6y\u00fc\u2019nde bulunan Dessara Ba\u011f Evi, 200 d\u00f6n\u00fcml\u00fck alana yay\u0131lan Vino Dessera Ba\u011flar\u0131 i\u00e7inde konumlan\u0131yor. Ba\u011f manzaras\u0131na kar\u015f\u0131 18 odas\u0131 olan otel do\u011fayla uyumlu bir stile sahip. Dinginle\u015fmek, huzur bulmak, Vino Dessera\u2019n\u0131n leziz \u015faraplar\u0131n\u0131 tatmak, uzun do\u011fa y\u00fcr\u00fcy\u00fc\u015fleri yapmak isterseniz Dessera Ba\u011f Evi\u2019ni ke\u015ffedebilirsiniz.<\/p>\n<p><strong>Bakucha Vineyard Hotel &#8211; K\u0131rklareli<\/strong><\/p>\n<p>G\u00f6rkemli Ist\u0131ranca Da\u011flar\u0131\u2019n\u0131n eteklerinde 200 hektarl\u0131k bir alana kurulan Bakucha Vineyard Hotel, Arcadia Ba\u011flar\u0131\u2019n\u0131n yan\u0131 s\u0131ra bostanlar, me\u015fe korular\u0131 ve meyve bah\u00e7eleri ile misafirlerine unutulmaz bir tatil sunuyor. Arcadia Ba\u011flar\u0131, cumhuriyet d\u00f6neminde kurulan ilk ve en b\u00fcy\u00fck ba\u011flar\u0131ndan birisi olma \u00f6zelli\u011fine sahip. Burada Sauvignon Blanc, Cabernet Sauvignon, Papaskaras\u0131, Pinot Gris, Cabernet Franc, Sauvignon Gris, \u00d6k\u00fczg\u00f6z\u00fc, Merlot, Narince gibi olduk\u00e7a zengin bir \u00fcz\u00fcm \u00e7e\u015fitlili\u011fi bulunuyor. Ba\u011f\u0131n ortas\u0131nda bulunan Bakucha Vineyard Hotel ise her biri \u00f6zel terasl\u0131 suite\u2019i ile konuklar\u0131na kendilerini olduk\u00e7a \u00f6zel hissettiriyor.<\/p>\n<\/div><div class=\"fusion-separator fusion-full-width-sep\" style=\"align-self: center;margin-left: auto;margin-right: auto;margin-bottom:10px;width:100%;\"><div class=\"fusion-separator-border sep-single sep-solid\" style=\"--awb-height:20px;--awb-amount:20px;border-color:var(--awb-color3);border-top-width:1px;\"><\/div><\/div><div class=\"fusion-text fusion-text-5\"><p><strong>Hotel Caeli \u2013 \u00c7anakkale<\/strong><\/p>\n<p>Trakya Ba\u011f Rotas\u0131\u2019n\u0131n en k\u0131ymetli ba\u011f otellerinden birisi olan Hotel Caeli Eceabat\u2019ta konumlan\u0131yor. Sizi tabiatla s\u0131k\u0131 s\u0131k\u0131 kucaklayan Caeli, Tarihi Gelibolu Yar\u0131madas\u0131\u2019n\u0131n tarihi, k\u00fclt\u00fcrel ve do\u011fal g\u00fczelliklerini de yan\u0131na alarak Porta Caeli ba\u011flar\u0131n\u0131n ortas\u0131na a\u00e7\u0131l\u0131yor. G\u00f6zlerden uzakta yenilenmek, lezzetli yemekler yemek ve tad\u0131m yapmak isterseniz size \u00f6nerebilece\u011fimiz destinasyonlardan birisi olan Hotel Caeli\u2019de 1 tower suite, 5 suite ve 15 deluxe odan\u0131n yan\u0131 s\u0131ra Spa Caeli by Caudalie hizmeti de bulunuyor. Ba\u011f ve g\u00f6let manzaras\u0131n\u0131n ortas\u0131ndaki Caeli \u00c7iftli\u011fi ve Caeli Ekolojik bah\u00e7esinden gelen y\u00f6resel ve organik \u00fcr\u00fcnlerle lezzetli bir kahvalt\u0131 yapabilir, ard\u0131ndan d\u00fcnyaca \u00fcnl\u00fc sanat\u00e7\u0131lara ait sanat eserlerini gezebilir, Caeli \u015earaphanesi\u2019nde tad\u0131m deneyimi ya\u015fayarak harika bir g\u00fcn ge\u00e7irebilirsiniz.<\/p>\n<p><strong>Bengodi &#8211; \u00c7anakkale<\/strong><\/p>\n<p>\u00c7anakkale\u2019nin en g\u00fczel yerlerinden birisi olan Eceabat\u2019ta konumlanan Bengodi, do\u011fal ta\u015f kaplama binas\u0131 ve asmal\u0131 avlu \u00e7evresindeki 20 odas\u0131 ile olduk\u00e7a dikkat \u00e7ekici bir ba\u011f oteli. Burada \u015farap ba\u011flar\u0131n\u0131, gurme restoran\u0131 ve mahzeni ke\u015ffederken olduk\u00e7a keyifli vakit ge\u00e7irece\u011finizi d\u00fc\u015f\u00fcn\u00fcyoruz. Avrupa\u2019da ilk ve tek olan \u015farap m\u00fczesi Asmadan M\u00fcze\u2019yi gezebilir, m\u00fchendisler e\u015fli\u011finde Asmadan Winery\u2019de ba\u011f turlar\u0131na kat\u0131l\u0131p \u00f6zel tad\u0131m yapabilir ve y\u0131llanm\u0131\u015f \u015farap f\u0131\u00e7\u0131lar\u0131n\u0131n sergilendi\u011fi mahzeni ke\u015ffedebilirsiniz. Bunlar\u0131n yan\u0131 s\u0131ra \u00f6zel mutfa\u011f\u0131 ve spa hizmeti ile konuklar\u0131n\u0131\u00a0olduk\u00e7a \u00f6zel hissettiriyor.<\/p>\n<p><strong>Talay Ba\u011flar\u0131 Konuk Evi &#8211; Bozcaada<\/strong><\/p>\n<p>Ge\u00e7mi\u015fi g\u00fcn\u00fcm\u00fczden y\u00fczy\u0131llar geriye dayanan Talay Ba\u011flar\u0131\u2019n\u0131n hikayesi olduk\u00e7a s\u0131cak. 17. y\u00fczy\u0131lda Osmanl\u0131 \u0130mparatorlu\u011fu d\u00f6neminde Bozcaada\u2019ya yerle\u015fen ilk M\u00fcsl\u00fcman-T\u00fcrk ailelerden olan Talay Ailesi\u2019nin son ku\u015fa\u011f\u0131 45 y\u0131ll\u0131k ba\u011f evini restore ederek 4 odal\u0131 keyif dolu bir konuk evine \u00e7evirmi\u015fler. Birbirinden ba\u011f\u0131ms\u0131z odalar\u0131n her birinin kap\u0131lar\u0131 ba\u011f yoluna \u00e7\u0131k\u0131yor. Burada ba\u011f\u0131n keyfini \u00e7\u0131karabilir, tad\u0131mlara kat\u0131labilir, bisikletinizle aday\u0131 turlayabilirsiniz.<\/p>\n<\/div><div class=\"fusion-separator fusion-full-width-sep\" style=\"align-self: center;margin-left: auto;margin-right: auto;margin-bottom:10px;width:100%;\"><div class=\"fusion-separator-border sep-single sep-solid\" style=\"--awb-height:20px;--awb-amount:20px;border-color:var(--awb-color3);border-top-width:1px;\"><\/div><\/div><div class=\"fusion-text fusion-text-6\"><p><strong>Urla Ba\u011f Evi &#8211; \u0130zmir<\/strong><\/p>\n<p>Rotan\u0131z\u0131 Urla\u2019n\u0131n Ya\u011fc\u0131lar K\u00f6y\u00fc\u2019ne \u00e7evirdi\u011finizde burada sizi yemye\u015fil bir alana kurulan Urla Ba\u011f Evi bekliyor. Otel konaklamalar\u0131n\u0131zda minimalist bir tarzdan ho\u015flan\u0131yorsan\u0131z bu ba\u011f evi tam size g\u00f6re! Ta\u015f bina i\u00e7inde yer alan 6 odas\u0131 do\u011fal dokularla restore edilmi\u015f. Dama\u011f\u0131n\u0131z\u0131 \u015fenlendirecek lezzetler, Urla Ba\u011f Yolu \u00fcreticilerinin \u015faraplar\u0131ndan yapaca\u011f\u0131n\u0131z tad\u0131mlarla olduk\u00e7a keyifli bir tatil ge\u00e7ireceksiniz.<\/p>\n<p><strong>2 Rooms &#8211; Urla<\/strong><\/p>\n<p>\u0130smiyle benzer \u00f6zellik g\u00f6steren 2 Rooms Hotel\u2019de tablo g\u00f6r\u00fcn\u00fcm\u00fcne sahip ba\u011flar\u0131n hemen ard\u0131nda iki oda bulunuyor. Kendine has bir dokuya sahip Urla\u2019n\u0131n keyifli i\u015fletmelerinden birisi olan 2 Rooms Hotel rafine ve sade bir tarza sahip. G\u00f6z\u00fcn\u00fcz\u00fc a\u00e7ar a\u00e7maz do\u011fayla kucakla\u015fmak isterseniz do\u011fan\u0131n en harika k\u00f6\u015felerinden birisi burada sizi bekliyor.<\/p>\n<\/div><div class=\"fusion-separator fusion-full-width-sep\" style=\"align-self: center;margin-left: auto;margin-right: auto;margin-bottom:10px;width:100%;\"><div class=\"fusion-separator-border sep-single sep-solid\" style=\"--awb-height:20px;--awb-amount:20px;border-color:var(--awb-color3);border-top-width:1px;\"><\/div><\/div><div class=\"fusion-text fusion-text-7\"><p><strong>Sunolus Ba\u011f Evi &#8211; Kayseri<\/strong><\/p>\n<p><strong>Kapadokya ba\u011f ortas\u0131<\/strong>nda hem huzurlu bir tatil hem de lezzetli tad\u0131mlar yapmaya ne dersiniz? Sunolus Ba\u011f Evi, \u00e7iftlik konseptine sahip dokusuyla muhte\u015fem bir butik ba\u011f evi deneyimi sunuyor. 2500 d\u00f6n\u00fcml\u00fck bir alanda yer alan i\u015fletme organik tar\u0131m ile s\u00fcrd\u00fcr\u00fclebilir bir \u00e7iftlik modelini uyguluyor. Burada leziz \u015faraplar\u0131n yan\u0131 s\u0131ra burada yeti\u015fen \u00fcr\u00fcnlerden \u00fcretilen sal\u00e7a, pekmez, eri\u015fte, bulgur, re\u00e7el, tarhana, bu\u011fday, k\u00f6fte ve cevizli sucuk da bulunuyor. Do\u011fayla i\u00e7 i\u00e7e ge\u00e7irece\u011finiz birka\u00e7 g\u00fcnde \u00e7iftlik ya\u015fam\u0131n\u0131 tecr\u00fcbe edebilir, do\u011fa y\u00fcr\u00fcy\u00fc\u015f\u00fcne kat\u0131labilir ya da yoga yapabilirsiniz.<\/p>\n<\/div><div class=\"fusion-separator fusion-full-width-sep\" style=\"align-self: center;margin-left: auto;margin-right: auto;margin-bottom:10px;width:100%;\"><div class=\"fusion-separator-border sep-single sep-solid\" style=\"--awb-height:20px;--awb-amount:20px;border-color:var(--awb-color3);border-top-width:1px;\"><\/div><\/div><div class=\"fusion-text fusion-text-8\"><p><strong>Eskiba\u011flar Boutique Hotel \u2013 Elaz\u0131\u011f<\/strong><\/p>\n<p>Elaz\u0131\u011f\u2019\u0131n eski d\u00f6nem mimarisinden esinlenerek tasarlanm\u0131\u015f olan Eskiba\u011flar Boutique Hotel\u2019de do\u011fayla ba\u015f ba\u015fka e\u015fsiz bir deneyim f\u0131rsat\u0131 yakalayabilirsiniz. \u00dcz\u00fcm ba\u011flar\u0131n\u0131n yan\u0131nda konumlanan otel otantik mimarisi ve e\u015fsiz manzaras\u0131yla keyifli bir tatil vadediyor. Otelde havuz ve hamam hizmetlerinin yan\u0131 s\u0131ra ba\u011f oteli konseptine uygun \u015fekilde y\u00f6resel \u00fcr\u00fcnler sat\u0131\u015f merkezi ile tad\u0131m odas\u0131 da yer al\u0131yor.<\/p>\n<\/div><div class=\"fusion-separator fusion-full-width-sep\" style=\"align-self: center;margin-left: auto;margin-right: auto;margin-bottom:10px;width:100%;\"><div class=\"fusion-separator-border sep-single sep-solid\" style=\"--awb-height:20px;--awb-amount:20px;border-color:var(--awb-color3);border-top-width:1px;\"><\/div><\/div><div class=\"fusion-text fusion-text-9\"><p style=\"background: white; margin: 0cm 0cm 15.0pt 0cm;\"><strong><i><span style=\"font-size: 15.0pt; font-family: 'Lucida Sans Unicode',sans-serif; color: #607d8b;\">Size \u00f6zel fiyat ve se\u00e7enekler i\u00e7in bizimle ileti\u015fime ge\u00e7ebilirsiniz<\/span><\/i><\/strong><i><\/i><\/p>\n<p style=\"background: white; margin: 0cm 0cm 15.0pt 0cm;\"><strong><i><span style=\"font-size: 15.0pt; font-family: 'Lucida Sans Unicode',sans-serif; color: #607d8b;\">0212 560 36 36 sales@delux.com.tr<\/span><\/i><\/strong><\/p>\n<\/div><\/div><\/div><div class=\"fusion-layout-column fusion_builder_column fusion-builder-column-1 fusion_builder_column_1_3 1_3 fusion-flex-column\" style=\"--awb-padding-top:4%;--awb-padding-right:4%;--awb-padding-bottom:4%;--awb-padding-left:4%;--awb-bg-color:#f2f2f2;--awb-bg-color-hover:#f2f2f2;--awb-bg-size:cover;--awb-width-large:33.333333333333%;--awb-margin-top-large:0px;--awb-spacing-right-large:5.76%;--awb-margin-bottom-large:0px;--awb-spacing-left-large:3.84%;--awb-width-medium:33.333333333333%;--awb-order-medium:0;--awb-spacing-right-medium:5.76%;--awb-spacing-left-medium:3.84%;--awb-width-small:100%;--awb-order-small:0;--awb-spacing-right-small:1.92%;--awb-spacing-left-small:1.92%;\"><div class=\"fusion-column-wrapper fusion-column-has-shadow fusion-flex-justify-content-flex-start fusion-content-layout-column\"><div class=\"fusion-blog-shortcode fusion-blog-shortcode-1 fusion-blog-archive fusion-blog-layout-grid-wrapper fusion-blog-no\"><style type=\"text\/css\">.fusion-blog-shortcode-1 .fusion-blog-layout-grid .fusion-post-grid{padding:20px;}.fusion-blog-shortcode-1 .fusion-posts-container{margin-left: -20px !important; margin-right:-20px !important;}<\/style><div class=\"fusion-posts-container fusion-posts-container-no fusion-no-meta-info fusion-blog-layout-grid fusion-blog-layout-grid-1 isotope\" data-pages=\"2\" data-grid-col-space=\"40\" style=\"margin: -20px -20px 0;min-height:500px;\"><article id=\"blog-1-post-3453\" class=\"fusion-post-grid post-3453 post type-post status-publish format-standard has-post-thumbnail hentry category-tatil-hakkinda tag-canakkale\">\n<div class=\"fusion-post-wrapper\" style=\"background-color:rgba(255,255,255,0);border:1px solid var(--awb-color2);border-bottom-width:3px;\">\n\n\t\t\t<div class=\"fusion-flexslider flexslider fusion-flexslider-loading fusion-post-slideshow\" style=\"border-color:var(--awb-color2);\">\n\t\t<ul class=\"slides\">\n\t\t\t\n\t\t\t\t\t\t\t\t\t\t\t\t\t\t<li><div  class=\"fusion-image-wrapper\" aria-haspopup=\"true\">\n\t\t\t\t\t\t\t<a href=\"https:\/\/delux.com.tr\/dt\/tatil-hakkinda\/canakkalenin-birbirinden-muhtesem-plajlari-ve-koylari\/\" aria-label=\"\u00c7anakkale&#8217;nin Birbirinden Muhte\u015fem Plajlar\u0131 ve Koylar\u0131\">\n\t\t\t\t\t\t\t<img decoding=\"async\" width=\"800\" height=\"600\" src=\"https:\/\/delux.com.tr\/dt\/wp-content\/uploads\/2021\/10\/Guzelyali-Plaji-1.jpg\" class=\"attachment-full size-full lazyload wp-post-image\" alt=\"\" srcset=\"data:image\/svg+xml,%3Csvg%20xmlns%3D%27http%3A%2F%2Fwww.w3.org%2F2000%2Fsvg%27%20width%3D%27800%27%20height%3D%27600%27%20viewBox%3D%270%200%20800%20600%27%3E%3Crect%20width%3D%27800%27%20height%3D%27600%27%20fill-opacity%3D%220%22%2F%3E%3C%2Fsvg%3E\" data-orig-src=\"https:\/\/delux.com.tr\/dt\/wp-content\/uploads\/2021\/10\/Guzelyali-Plaji-1.jpg\" data-srcset=\"https:\/\/delux.com.tr\/dt\/wp-content\/uploads\/2021\/10\/Guzelyali-Plaji-1-200x150.jpg 200w, https:\/\/delux.com.tr\/dt\/wp-content\/uploads\/2021\/10\/Guzelyali-Plaji-1-400x300.jpg 400w, https:\/\/delux.com.tr\/dt\/wp-content\/uploads\/2021\/10\/Guzelyali-Plaji-1-600x450.jpg 600w, https:\/\/delux.com.tr\/dt\/wp-content\/uploads\/2021\/10\/Guzelyali-Plaji-1.jpg 800w\" data-sizes=\"auto\" \/>\t\t\t<\/a>\n\t\t\t\t\t\t\t<\/div>\n<\/li>\n\t\t\t\n\t\t\t\n\t\t\t\t\t\t\t\t\t\t\t\t\t\t\t\t\t\t\t\t\t\t\t\t\t\t\t\t\t\t\t\t\t\t\t\t\t\t\t\t\t\t\t\t\t\t\t\t\t\t\t\t\t\t\t\t\t\t\t\t\t\t\t\t\t\t\t\t<\/ul>\n\t<\/div>\n\t<div class=\"fusion-post-content-wrapper\" style=\"padding:30px 25px 25px 25px;\"><div class=\"fusion-post-content post-content\"><h2 class=\"blog-shortcode-post-title entry-title\"><a href=\"https:\/\/delux.com.tr\/dt\/tatil-hakkinda\/canakkalenin-birbirinden-muhtesem-plajlari-ve-koylari\/\">\u00c7anakkale&#8217;nin Birbirinden Muhte\u015fem Plajlar\u0131 ve Koylar\u0131<\/a><\/h2><\/div><\/div><div class=\"fusion-clearfix\"><\/div><\/div>\n<\/article>\n<article id=\"blog-1-post-3612\" class=\"fusion-post-grid post-3612 post type-post status-publish format-standard has-post-thumbnail hentry category-tatil-hakkinda tag-afyon tag-ankara tag-antakya tag-balikesir tag-bolu tag-denizli tag-kaplica tag-kayseri tag-kis-tatilleri tag-kutahya tag-mugla tag-rize tag-sakarya tag-yalova\">\n<div class=\"fusion-post-wrapper\" style=\"background-color:rgba(255,255,255,0);border:1px solid var(--awb-color2);border-bottom-width:3px;\">\n\n\t\t\t<div class=\"fusion-flexslider flexslider fusion-flexslider-loading fusion-post-slideshow\" style=\"border-color:var(--awb-color2);\">\n\t\t<ul class=\"slides\">\n\t\t\t\n\t\t\t\t\t\t\t\t\t\t\t\t\t\t<li><div  class=\"fusion-image-wrapper\" aria-haspopup=\"true\">\n\t\t\t\t\t\t\t<a href=\"https:\/\/delux.com.tr\/dt\/tatil-hakkinda\/kis-tatili-icin-termal-oteller-neden-her-zaman-iyi-bir-fikirdir\/\" aria-label=\"K\u0131\u015f Tatili \u0130\u00e7in Termal Oteller Neden Her Zaman \u0130yi Bir Fikirdir?\">\n\t\t\t\t\t\t\t<img decoding=\"async\" width=\"800\" height=\"600\" src=\"https:\/\/delux.com.tr\/dt\/wp-content\/uploads\/2021\/12\/kaplica-denir.jpg\" class=\"attachment-full size-full lazyload wp-post-image\" alt=\"\" srcset=\"data:image\/svg+xml,%3Csvg%20xmlns%3D%27http%3A%2F%2Fwww.w3.org%2F2000%2Fsvg%27%20width%3D%27800%27%20height%3D%27600%27%20viewBox%3D%270%200%20800%20600%27%3E%3Crect%20width%3D%27800%27%20height%3D%27600%27%20fill-opacity%3D%220%22%2F%3E%3C%2Fsvg%3E\" data-orig-src=\"https:\/\/delux.com.tr\/dt\/wp-content\/uploads\/2021\/12\/kaplica-denir.jpg\" data-srcset=\"https:\/\/delux.com.tr\/dt\/wp-content\/uploads\/2021\/12\/kaplica-denir-200x150.jpg 200w, https:\/\/delux.com.tr\/dt\/wp-content\/uploads\/2021\/12\/kaplica-denir-400x300.jpg 400w, https:\/\/delux.com.tr\/dt\/wp-content\/uploads\/2021\/12\/kaplica-denir-600x450.jpg 600w, https:\/\/delux.com.tr\/dt\/wp-content\/uploads\/2021\/12\/kaplica-denir.jpg 800w\" data-sizes=\"auto\" \/>\t\t\t<\/a>\n\t\t\t\t\t\t\t<\/div>\n<\/li>\n\t\t\t\n\t\t\t\n\t\t\t\t\t\t\t\t\t\t\t\t\t\t\t\t\t\t\t\t\t\t\t\t\t\t\t\t\t\t\t\t\t\t\t\t\t\t\t\t\t\t\t\t\t\t\t\t\t\t\t\t\t\t\t\t\t\t\t\t\t\t\t\t\t\t\t\t<\/ul>\n\t<\/div>\n\t<div class=\"fusion-post-content-wrapper\" style=\"padding:30px 25px 25px 25px;\"><div class=\"fusion-post-content post-content\"><h2 class=\"blog-shortcode-post-title entry-title\"><a href=\"https:\/\/delux.com.tr\/dt\/tatil-hakkinda\/kis-tatili-icin-termal-oteller-neden-her-zaman-iyi-bir-fikirdir\/\">K\u0131\u015f Tatili \u0130\u00e7in Termal Oteller Neden Her Zaman \u0130yi Bir Fikirdir?<\/a><\/h2><\/div><\/div><div class=\"fusion-clearfix\"><\/div><\/div>\n<\/article>\n<article id=\"blog-1-post-3902\" class=\"fusion-post-grid post-3902 post type-post status-publish format-standard has-post-thumbnail hentry category-tatil-hakkinda tag-akcay tag-altinoluk tag-assos tag-ayvalik tag-babakale tag-balikesir tag-bergama tag-bozcaada tag-cunda tag-edremit tag-gokceada tag-hafta-sonu-tatilleri tag-kazdaglari tag-kultur-tatili tag-yurt-ici-tatiller\">\n<div class=\"fusion-post-wrapper\" style=\"background-color:rgba(255,255,255,0);border:1px solid var(--awb-color2);border-bottom-width:3px;\">\n\n\t\t\t<div class=\"fusion-flexslider flexslider fusion-flexslider-loading fusion-post-slideshow\" style=\"border-color:var(--awb-color2);\">\n\t\t<ul class=\"slides\">\n\t\t\t\n\t\t\t\t\t\t\t\t\t\t\t\t\t\t<li><div  class=\"fusion-image-wrapper\" aria-haspopup=\"true\">\n\t\t\t\t\t\t\t<a href=\"https:\/\/delux.com.tr\/dt\/tatil-hakkinda\/kuzey-egeyi-kesfetmeniz-icin-11-neden\/\" aria-label=\"Kuzey Ege\u2019yi Ke\u015ffetmeniz \u0130\u00e7in 11 Neden\">\n\t\t\t\t\t\t\t<img decoding=\"async\" width=\"800\" height=\"453\" src=\"https:\/\/delux.com.tr\/dt\/wp-content\/uploads\/2021\/09\/akcay-balikesir.jpg\" class=\"attachment-full size-full lazyload wp-post-image\" alt=\"\" srcset=\"data:image\/svg+xml,%3Csvg%20xmlns%3D%27http%3A%2F%2Fwww.w3.org%2F2000%2Fsvg%27%20width%3D%27800%27%20height%3D%27453%27%20viewBox%3D%270%200%20800%20453%27%3E%3Crect%20width%3D%27800%27%20height%3D%27453%27%20fill-opacity%3D%220%22%2F%3E%3C%2Fsvg%3E\" data-orig-src=\"https:\/\/delux.com.tr\/dt\/wp-content\/uploads\/2021\/09\/akcay-balikesir.jpg\" data-srcset=\"https:\/\/delux.com.tr\/dt\/wp-content\/uploads\/2021\/09\/akcay-balikesir-200x113.jpg 200w, https:\/\/delux.com.tr\/dt\/wp-content\/uploads\/2021\/09\/akcay-balikesir-400x227.jpg 400w, https:\/\/delux.com.tr\/dt\/wp-content\/uploads\/2021\/09\/akcay-balikesir-600x340.jpg 600w, https:\/\/delux.com.tr\/dt\/wp-content\/uploads\/2021\/09\/akcay-balikesir.jpg 800w\" data-sizes=\"auto\" \/>\t\t\t<\/a>\n\t\t\t\t\t\t\t<\/div>\n<\/li>\n\t\t\t\n\t\t\t\n\t\t\t\t\t\t\t\t\t\t\t\t\t\t\t\t\t\t\t\t\t\t\t\t\t\t\t\t\t\t\t\t\t\t\t\t\t\t\t\t\t\t\t\t\t\t\t\t\t\t\t\t\t\t\t\t\t\t\t\t\t\t\t\t\t\t\t\t<\/ul>\n\t<\/div>\n\t<div class=\"fusion-post-content-wrapper\" style=\"padding:30px 25px 25px 25px;\"><div class=\"fusion-post-content post-content\"><h2 class=\"blog-shortcode-post-title entry-title\"><a href=\"https:\/\/delux.com.tr\/dt\/tatil-hakkinda\/kuzey-egeyi-kesfetmeniz-icin-11-neden\/\">Kuzey Ege\u2019yi Ke\u015ffetmeniz \u0130\u00e7in 11 Neden<\/a><\/h2><\/div><\/div><div class=\"fusion-clearfix\"><\/div><\/div>\n<\/article>\n<article id=\"blog-1-post-4308\" class=\"fusion-post-grid post-4308 post type-post status-publish format-standard has-post-thumbnail hentry category-tatil-hakkinda tag-anadolu tag-aydin tag-bursa tag-canakkale tag-giresun tag-isparta tag-izmir tag-mugla tag-safranbolu\">\n<div class=\"fusion-post-wrapper\" style=\"background-color:rgba(255,255,255,0);border:1px solid var(--awb-color2);border-bottom-width:3px;\">\n\n\t\t\t<div class=\"fusion-flexslider flexslider fusion-flexslider-loading fusion-post-slideshow\" style=\"border-color:var(--awb-color2);\">\n\t\t<ul class=\"slides\">\n\t\t\t\n\t\t\t\t\t\t\t\t\t\t\t\t\t\t<li><div  class=\"fusion-image-wrapper\" aria-haspopup=\"true\">\n\t\t\t\t\t\t\t<a href=\"https:\/\/delux.com.tr\/dt\/tatil-hakkinda\/anadolunun-kesfedilmeyi-bekleyen-birbirinden-muhtesem-12-koyu\/\" aria-label=\"Anadolu\u2019nun Ke\u015ffedilmeyi Bekleyen Birbirinden Muhte\u015fem 12 K\u00f6y\u00fc\">\n\t\t\t\t\t\t\t<img decoding=\"async\" width=\"800\" height=\"500\" src=\"https:\/\/delux.com.tr\/dt\/wp-content\/uploads\/2022\/07\/canakkale-yesilyurt.jpg\" class=\"attachment-full size-full lazyload wp-post-image\" alt=\"\" srcset=\"data:image\/svg+xml,%3Csvg%20xmlns%3D%27http%3A%2F%2Fwww.w3.org%2F2000%2Fsvg%27%20width%3D%27800%27%20height%3D%27500%27%20viewBox%3D%270%200%20800%20500%27%3E%3Crect%20width%3D%27800%27%20height%3D%27500%27%20fill-opacity%3D%220%22%2F%3E%3C%2Fsvg%3E\" data-orig-src=\"https:\/\/delux.com.tr\/dt\/wp-content\/uploads\/2022\/07\/canakkale-yesilyurt.jpg\" data-srcset=\"https:\/\/delux.com.tr\/dt\/wp-content\/uploads\/2022\/07\/canakkale-yesilyurt-200x125.jpg 200w, https:\/\/delux.com.tr\/dt\/wp-content\/uploads\/2022\/07\/canakkale-yesilyurt-400x250.jpg 400w, https:\/\/delux.com.tr\/dt\/wp-content\/uploads\/2022\/07\/canakkale-yesilyurt-600x375.jpg 600w, https:\/\/delux.com.tr\/dt\/wp-content\/uploads\/2022\/07\/canakkale-yesilyurt.jpg 800w\" data-sizes=\"auto\" \/>\t\t\t<\/a>\n\t\t\t\t\t\t\t<\/div>\n<\/li>\n\t\t\t\n\t\t\t\n\t\t\t\t\t\t\t\t\t\t\t\t\t\t\t\t\t\t\t\t\t\t\t\t\t\t\t\t\t\t\t\t\t\t\t\t\t\t\t\t\t\t\t\t\t\t\t\t\t\t\t\t\t\t\t\t\t\t\t\t\t\t\t\t\t\t\t\t<\/ul>\n\t<\/div>\n\t<div class=\"fusion-post-content-wrapper\" style=\"padding:30px 25px 25px 25px;\"><div class=\"fusion-post-content post-content\"><h2 class=\"blog-shortcode-post-title entry-title\"><a href=\"https:\/\/delux.com.tr\/dt\/tatil-hakkinda\/anadolunun-kesfedilmeyi-bekleyen-birbirinden-muhtesem-12-koyu\/\">Anadolu\u2019nun Ke\u015ffedilmeyi Bekleyen Birbirinden Muhte\u015fem 12 K\u00f6y\u00fc<\/a><\/h2><\/div><\/div><div class=\"fusion-clearfix\"><\/div><\/div>\n<\/article>\n<article id=\"blog-1-post-3155\" class=\"fusion-post-grid post-3155 post type-post status-publish format-standard has-post-thumbnail hentry category-yurt-ici-oteller tag-club-marvy tag-izmir\">\n<div class=\"fusion-post-wrapper\" style=\"background-color:rgba(255,255,255,0);border:1px solid var(--awb-color2);border-bottom-width:3px;\">\n\n\t\t\t<div class=\"fusion-flexslider flexslider fusion-flexslider-loading fusion-post-slideshow\" style=\"border-color:var(--awb-color2);\">\n\t\t<ul class=\"slides\">\n\t\t\t\n\t\t\t\t\t\t\t\t\t\t\t\t\t\t<li><div  class=\"fusion-image-wrapper\" aria-haspopup=\"true\">\n\t\t\t\t\t\t\t<a href=\"https:\/\/delux.com.tr\/dt\/yurt-ici-oteller\/club-marvy\/\" aria-label=\"Club Marvy\">\n\t\t\t\t\t\t\t<img decoding=\"async\" width=\"834\" height=\"517\" src=\"https:\/\/delux.com.tr\/dt\/wp-content\/uploads\/2021\/06\/club-marvy-1.jpg\" class=\"attachment-full size-full lazyload wp-post-image\" alt=\"\" srcset=\"data:image\/svg+xml,%3Csvg%20xmlns%3D%27http%3A%2F%2Fwww.w3.org%2F2000%2Fsvg%27%20width%3D%27834%27%20height%3D%27517%27%20viewBox%3D%270%200%20834%20517%27%3E%3Crect%20width%3D%27834%27%20height%3D%27517%27%20fill-opacity%3D%220%22%2F%3E%3C%2Fsvg%3E\" data-orig-src=\"https:\/\/delux.com.tr\/dt\/wp-content\/uploads\/2021\/06\/club-marvy-1.jpg\" data-srcset=\"https:\/\/delux.com.tr\/dt\/wp-content\/uploads\/2021\/06\/club-marvy-1-200x124.jpg 200w, https:\/\/delux.com.tr\/dt\/wp-content\/uploads\/2021\/06\/club-marvy-1-400x248.jpg 400w, https:\/\/delux.com.tr\/dt\/wp-content\/uploads\/2021\/06\/club-marvy-1-600x372.jpg 600w, https:\/\/delux.com.tr\/dt\/wp-content\/uploads\/2021\/06\/club-marvy-1-800x496.jpg 800w, https:\/\/delux.com.tr\/dt\/wp-content\/uploads\/2021\/06\/club-marvy-1.jpg 834w\" data-sizes=\"auto\" \/>\t\t\t<\/a>\n\t\t\t\t\t\t\t<\/div>\n<\/li>\n\t\t\t\n\t\t\t\n\t\t\t\t\t\t\t\t\t\t\t\t\t\t\t\t\t\t\t\t\t\t\t\t\t\t\t\t\t\t\t\t\t\t\t\t\t\t\t\t\t\t\t\t\t\t\t\t\t\t\t\t\t\t\t\t\t\t\t\t\t\t\t\t\t\t\t\t<\/ul>\n\t<\/div>\n\t<div class=\"fusion-post-content-wrapper\" style=\"padding:30px 25px 25px 25px;\"><div class=\"fusion-post-content post-content\"><h2 class=\"blog-shortcode-post-title entry-title\"><a href=\"https:\/\/delux.com.tr\/dt\/yurt-ici-oteller\/club-marvy\/\">Club Marvy<\/a><\/h2><\/div><\/div><div class=\"fusion-clearfix\"><\/div><\/div>\n<\/article>\n<div class=\"fusion-clearfix\"><\/div><\/div><\/div><div class=\"fusion-text fusion-text-10\"><p>&#8211; Yolculu\u011funuzun her ola\u011fan\u00fcst\u00fc detay\u0131n \u00f6zenle se\u00e7ilmi\u015f olmas\u0131<\/p>\n<p>&#8211; Kusursuz bir \u015fekilde uygulanan, el yap\u0131m\u0131, esnek ve kusursuz g\u00fczergahlar<\/p>\n<p>&#8211; Egzotik destinasyonlarda uzman\u0131<\/p>\n<p>&#8211; Ola\u011fan\u00fcst\u00fc hizmet ve detaylara tavizsiz \u00f6zen<\/p>\n<p>&#8211; \u00c7iftler, aileler ve k\u00fc\u00e7\u00fck gruplar i\u00e7in m\u00fckemmel \u00f6zel yolculuklar<\/p>\n<p>&#8211; Kendi kal\u0131\u015f tarihinizi se\u00e7me \u00f6zg\u00fcrl\u00fc\u011f\u00fc<\/p>\n<p>&#8211; Tamamen \u00f6zelle\u015ftirilebilir deneyimler<\/p>\n<\/div><div class=\"fusion-text fusion-text-11\"><p><strong>Otel ve Tur Sat\u0131\u015f<\/strong><br \/>\n<a href=\"mailto:sales@delux.com.tr\">sales@delux.com.tr<\/a> &#8211; <a href=\"telto:+905559637216\">0555 963 7216<\/a><\/p>\n<\/div><\/div><\/div><\/div><\/div>\n","protected":false},"excerpt":{"rendered":"<p>Al\u0131\u015fageldik tatil konseptinin d\u0131\u015f\u0131na \u00e7\u0131kmak isteyenlerin son y\u0131llarda s\u0131kl\u0131kla tercih etti\u011fi ba\u011f evlerinde dopdolu bir deneyim bekliyor. Ba\u011f\u0131n ortas\u0131nda konumlanan ba\u011f evlerinde \u00f6zel tad\u0131mlar\u0131n yan\u0131 s\u0131ra \u00f6zel geziler ve etkinlikler gittik\u00e7e daha fazla ki\u015finin dikkatini \u00e7ekiyor. Ba\u011f oteli konseptini merak ediyor ev \u00fclkemizde \u00f6ne \u00e7\u0131kan ba\u011f otellerini merak ediyorsan\u0131z sizin i\u00e7in haz\u0131rlad\u0131\u011f\u0131m\u0131z i\u00e7eri\u011fimize buyurun\u2026<\/p>\n","protected":false},"author":1,"featured_media":5386,"comment_status":"open","ping_status":"open","sticky":false,"template":"","format":"standard","meta":{"footnotes":""},"categories":[9],"tags":[77,113,123,156,220,245,255,410],"class_list":["post-4417","post","type-post","status-publish","format-standard","has-post-thumbnail","hentry","category-tatil-hakkinda","tag-bag-oteli","tag-bozcaada","tag-canakkale","tag-elazig","tag-izmir","tag-kayseri","tag-kirklareli","tag-tekirdag"],"_links":{"self":[{"href":"https:\/\/delux.com.tr\/dt\/wp-json\/wp\/v2\/posts\/4417","targetHints":{"allow":["GET"]}}],"collection":[{"href":"https:\/\/delux.com.tr\/dt\/wp-json\/wp\/v2\/posts"}],"about":[{"href":"https:\/\/delux.com.tr\/dt\/wp-json\/wp\/v2\/types\/post"}],"author":[{"embeddable":true,"href":"https:\/\/delux.com.tr\/dt\/wp-json\/wp\/v2\/users\/1"}],"replies":[{"embeddable":true,"href":"https:\/\/delux.com.tr\/dt\/wp-json\/wp\/v2\/comments?post=4417"}],"version-history":[{"count":1,"href":"https:\/\/delux.com.tr\/dt\/wp-json\/wp\/v2\/posts\/4417\/revisions"}],"predecessor-version":[{"id":5387,"href":"https:\/\/delux.com.tr\/dt\/wp-json\/wp\/v2\/posts\/4417\/revisions\/5387"}],"wp:featuredmedia":[{"embeddable":true,"href":"https:\/\/delux.com.tr\/dt\/wp-json\/wp\/v2\/media\/5386"}],"wp:attachment":[{"href":"https:\/\/delux.com.tr\/dt\/wp-json\/wp\/v2\/media?parent=4417"}],"wp:term":[{"taxonomy":"category","embeddable":true,"href":"https:\/\/delux.com.tr\/dt\/wp-json\/wp\/v2\/categories?post=4417"},{"taxonomy":"post_tag","embeddable":true,"href":"https:\/\/delux.com.tr\/dt\/wp-json\/wp\/v2\/tags?post=4417"}],"curies":[{"name":"wp","href":"https:\/\/api.w.org\/{rel}","templated":true}]}}