{"id":4382,"date":"2022-07-24T13:12:07","date_gmt":"2022-07-24T10:12:07","guid":{"rendered":"https:\/\/delux.com.tr\/tr\/?p=4382"},"modified":"2023-09-08T14:28:55","modified_gmt":"2023-09-08T11:28:55","slug":"marmaris-ve-cevresindeki-antik-kentler","status":"publish","type":"post","link":"https:\/\/delux.com.tr\/dt\/tatil-hakkinda\/marmaris-ve-cevresindeki-antik-kentler\/","title":{"rendered":"Marmaris ve \u00c7evresindeki Antik Kentler"},"content":{"rendered":"<div class=\"fusion-fullwidth fullwidth-box fusion-builder-row-1 fusion-flex-container nonhundred-percent-fullwidth non-hundred-percent-height-scrolling\" style=\"--awb-border-radius-top-left:0px;--awb-border-radius-top-right:0px;--awb-border-radius-bottom-right:0px;--awb-border-radius-bottom-left:0px;--awb-flex-wrap:wrap;\" ><div class=\"fusion-builder-row fusion-row fusion-flex-align-items-flex-start fusion-flex-content-wrap\" style=\"max-width:1414.4px;margin-left: calc(-4% \/ 2 );margin-right: calc(-4% \/ 2 );\"><div class=\"fusion-layout-column fusion_builder_column fusion-builder-column-0 fusion_builder_column_2_3 2_3 fusion-flex-column\" style=\"--awb-bg-size:cover;--awb-width-large:66.666666666667%;--awb-margin-top-large:0px;--awb-spacing-right-large:3.84%;--awb-margin-bottom-large:0px;--awb-spacing-left-large:2.88%;--awb-width-medium:66.666666666667%;--awb-spacing-right-medium:3.84%;--awb-spacing-left-medium:2.88%;--awb-width-small:100%;--awb-spacing-right-small:1.92%;--awb-spacing-left-small:1.92%;\"><div class=\"fusion-column-wrapper fusion-flex-justify-content-flex-start fusion-content-layout-column\"><div class=\"fusion-text fusion-text-1\"><p>Masmavi koylar\u0131, yemye\u015fil do\u011fas\u0131, bir\u00e7ok medeniyete ev sahipli\u011fi yapm\u0131\u015f zengin k\u00fclt\u00fcr\u00fcyle her y\u00f6nden olduk\u00e7a zengin olan Marmaris ayn\u0131 zamanda geni\u015f bir tarihe de sahip. Ge\u00e7mi\u015fte bir\u00e7ok liman ve askeri kentlere ev sahipli\u011fi yapm\u0131\u015f olan b\u00f6lgede bu durumun do\u011fal bir getirisi olarak \u00e7ok say\u0131da tarihi yap\u0131 bulunuyor. G\u00fcn\u00fcm\u00fczde kal\u0131nt\u0131lar\u0131 bulunan ve ziyarete a\u00e7\u0131k olan antik kentleri siz de Marmaris gezinizde ke\u015ffedebilirsiniz. Haydi gelin, bu antik kentleri yak\u0131ndan inceleyelim\u2026<\/p>\n<\/div><div class=\"fusion-separator fusion-full-width-sep\" style=\"align-self: center;margin-left: auto;margin-right: auto;margin-bottom:10px;width:100%;\"><div class=\"fusion-separator-border sep-single sep-solid\" style=\"--awb-height:20px;--awb-amount:20px;border-color:var(--awb-color3);border-top-width:1px;\"><\/div><\/div><div class=\"fusion-text fusion-text-2\"><p><strong>Amos Antik Kenti<\/strong><\/p>\n<p>M.\u00d6. 3. y\u00fczy\u0131ldan g\u00fcn\u00fcm\u00fcze ula\u015fan Amos Antik Kenti, Turun\u00e7\u2019un yak\u0131n\u0131ndaki Kumlub\u00fck Koyu\u2019nun yak\u0131n\u0131ndaki tepe \u00fczerinde konumlan\u0131yor. Bu antik kentten g\u00fcn\u00fcm\u00fcze tiyatro, tap\u0131nak ve heykel kaidelerinin kald\u0131\u011f\u0131n\u0131 s\u00f6yleyebiliriz. Kal\u0131nt\u0131lara ula\u015fmak i\u00e7in \u00f6ncelikle 178 basamaktan olu\u015fan bir merdiveni t\u0131rmanmal\u0131s\u0131n\u0131z. Zirveye ula\u015ft\u0131\u011f\u0131n\u0131zda hem Amos\u2019un tarihi ruhunu hissedecek hem de m\u00fcthi\u015f bir Marmaris manzaras\u0131 ile kar\u015f\u0131la\u015facaks\u0131n\u0131z.<img decoding=\"async\" class=\"lazyload aligncenter size-full wp-image-4383\" src=\"data:image\/svg+xml,%3Csvg%20xmlns%3D%27http%3A%2F%2Fwww.w3.org%2F2000%2Fsvg%27%20width%3D%27800%27%20height%3D%27500%27%20viewBox%3D%270%200%20800%20500%27%3E%3Crect%20width%3D%27800%27%20height%3D%27500%27%20fill-opacity%3D%220%22%2F%3E%3C%2Fsvg%3E\" data-orig-src=\"https:\/\/delux.com.tr\/dt\/wp-content\/uploads\/2022\/09\/amos-antik-kenti.jpg\" alt=\"\" width=\"800\" height=\"500\" \/><\/p>\n<\/div><div class=\"fusion-separator fusion-full-width-sep\" style=\"align-self: center;margin-left: auto;margin-right: auto;margin-bottom:10px;width:100%;\"><div class=\"fusion-separator-border sep-single sep-solid\" style=\"--awb-height:20px;--awb-amount:20px;border-color:var(--awb-color3);border-top-width:1px;\"><\/div><\/div><div class=\"fusion-text fusion-text-3\"><p><strong>Bybassos Antik Kenti<\/strong><\/p>\n<p>Arkaik ve Klasik d\u00f6nemde liman olarak kullan\u0131lan Bybassos Antik Kenti\u2019nin g\u00fcn\u00fcm\u00fcze ula\u015fan kal\u0131nt\u0131lar\u0131 orman i\u00e7indeki arazide da\u011f\u0131n\u0131k bir \u015fekilde g\u00f6r\u00fclebiliyor. Konum olarak ise Karacas\u00f6\u011f\u00fct K\u00f6y\u00fc\u2019n\u00fcn yakla\u015f\u0131k 2 kilometre g\u00fcneydo\u011fusu ve Alt\u0131nsivrisi tepesi olarak payla\u015fabiliriz. Tepeye do\u011fru \u00e7\u0131karken kent nekropolisi, sur kal\u0131nt\u0131lar\u0131, sarn\u0131\u00e7 ve kaya mezarlar\u0131n\u0131 g\u00f6receksiniz. Hemithea Tap\u0131na\u011f\u0131 ise bu antik kentte mutlaka g\u00f6rmenizi \u00f6nerece\u011fimiz tarihi eserlerden birisi.<\/p>\n<p><strong>Erine Antik Kenti<\/strong><\/p>\n<p>Marmaris-Dat\u00e7a yolunun 20 kilometre kadar i\u00e7inde konumlanan Erine Antik Kenti\u2019nden g\u00fcn\u00fcm\u00fcze \u00e7ok fazla eser kalmam\u0131\u015f olsa da Helenistik ve Antik d\u00f6neme ait izleri g\u00f6rebilirsiniz. Halen arkeologlar\u0131n yo\u011fun \u00e7al\u0131\u015fmalar yapt\u0131\u011f\u0131 bir alan olan Erine Antik Kenti\u2019nin ismi St. \u0130rene Kilisesi\u2019nden geliyor. Marmaris\u2019in antik kentlerini ziyaret etmeyi d\u00fc\u015f\u00fcn\u00fcyorsan\u0131z Erine Antik Kenti\u2019ni de mutlaka listenize eklemenizi \u00f6neririz.<img decoding=\"async\" class=\"lazyload aligncenter size-full wp-image-4384\" src=\"data:image\/svg+xml,%3Csvg%20xmlns%3D%27http%3A%2F%2Fwww.w3.org%2F2000%2Fsvg%27%20width%3D%27800%27%20height%3D%27500%27%20viewBox%3D%270%200%20800%20500%27%3E%3Crect%20width%3D%27800%27%20height%3D%27500%27%20fill-opacity%3D%220%22%2F%3E%3C%2Fsvg%3E\" data-orig-src=\"https:\/\/delux.com.tr\/dt\/wp-content\/uploads\/2022\/09\/erine-antik-kenti-marmaris.jpg\" alt=\"\" width=\"800\" height=\"500\" \/><\/p>\n<\/div><div class=\"fusion-separator fusion-full-width-sep\" style=\"align-self: center;margin-left: auto;margin-right: auto;margin-bottom:10px;width:100%;\"><div class=\"fusion-separator-border sep-single sep-solid\" style=\"--awb-height:20px;--awb-amount:20px;border-color:var(--awb-color3);border-top-width:1px;\"><\/div><\/div><div class=\"fusion-text fusion-text-4\"><p><strong>Hydas Antik Kenti<\/strong><\/p>\n<p>Marmaris \u015fehir merkezine 35 kilometre uzakl\u0131ktaki Turgut K\u00f6y\u00fc s\u0131n\u0131r\u0131nda konumlanan Hydas Antik Kenti\u2019nin ge\u00e7mi\u015fi M.\u00d6 4 ve 3. y\u00fczy\u0131la kadar dayan\u0131yor. Kendine has mimarisinin \u00f6rneklerinden olan piramit \u015feklindeki mezarlar\u0131 ve kale kal\u0131nt\u0131lar\u0131 ile olduk\u00e7a ilgi \u00e7ekici bu antik kentte Hydas\u2019a ait 3 kale kal\u0131nt\u0131s\u0131 bulunuyor. 2005 y\u0131l\u0131na kadar arkeolojik kaz\u0131 ve \u00e7al\u0131\u015fmalar\u0131n\u0131n devam etti\u011fi b\u00f6lge ziyaret\u00e7ilerini bekliyor.<img decoding=\"async\" class=\"lazyload aligncenter size-full wp-image-4385\" src=\"data:image\/svg+xml,%3Csvg%20xmlns%3D%27http%3A%2F%2Fwww.w3.org%2F2000%2Fsvg%27%20width%3D%27800%27%20height%3D%27500%27%20viewBox%3D%270%200%20800%20500%27%3E%3Crect%20width%3D%27800%27%20height%3D%27500%27%20fill-opacity%3D%220%22%2F%3E%3C%2Fsvg%3E\" data-orig-src=\"https:\/\/delux.com.tr\/dt\/wp-content\/uploads\/2022\/09\/haydas-antik-kenti.jpg\" alt=\"\" width=\"800\" height=\"500\" \/><\/p>\n<\/div><div class=\"fusion-separator fusion-full-width-sep\" style=\"align-self: center;margin-left: auto;margin-right: auto;margin-bottom:10px;width:100%;\"><div class=\"fusion-separator-border sep-single sep-solid\" style=\"--awb-height:20px;--awb-amount:20px;border-color:var(--awb-color3);border-top-width:1px;\"><\/div><\/div><div class=\"fusion-text fusion-text-5\"><p><strong>Kasara Antik Kenti<\/strong><\/p>\n<p>Dat\u00e7a-Marmaris aras\u0131nda yer alan do\u011fa harikas\u0131 Bozburun Yar\u0131madas\u0131 ayn\u0131 zamanda olduk\u00e7a zengin bir ge\u00e7mi\u015fe de sahip. Kasara Antik Kenti de bu b\u00f6lgede yer alan \u015fehirlerden birisi. Kentin isminin Karya dilindeki kar\u015f\u0131l\u0131\u011f\u0131 ise B\u00fcy\u00fck G\u00fczel K\u00f6y anlam\u0131na geliyor. Ancak g\u00fcn\u00fcm\u00fczde antik kentte gerekli kadar tarihi ara\u015ft\u0131rma ve \u00e7al\u0131\u015fma yap\u0131lmad\u0131\u011f\u0131ndan birka\u00e7 duvar an\u0131t\u0131 d\u0131\u015f\u0131nda tarihi bilgi bulunmuyor.<img decoding=\"async\" class=\"lazyload aligncenter size-full wp-image-4386\" src=\"data:image\/svg+xml,%3Csvg%20xmlns%3D%27http%3A%2F%2Fwww.w3.org%2F2000%2Fsvg%27%20width%3D%27800%27%20height%3D%27500%27%20viewBox%3D%270%200%20800%20500%27%3E%3Crect%20width%3D%27800%27%20height%3D%27500%27%20fill-opacity%3D%220%22%2F%3E%3C%2Fsvg%3E\" data-orig-src=\"https:\/\/delux.com.tr\/dt\/wp-content\/uploads\/2022\/09\/kasara-anik-kenti-marmaris.jpg\" alt=\"\" width=\"800\" height=\"500\" \/><\/p>\n<\/div><div class=\"fusion-separator fusion-full-width-sep\" style=\"align-self: center;margin-left: auto;margin-right: auto;margin-bottom:10px;width:100%;\"><div class=\"fusion-separator-border sep-single sep-solid\" style=\"--awb-height:20px;--awb-amount:20px;border-color:var(--awb-color3);border-top-width:1px;\"><\/div><\/div><div class=\"fusion-text fusion-text-6\"><p><strong>Kastabos Antik Kenti<\/strong><\/p>\n<p>Hisar\u00f6n\u00fc K\u00f6y\u00fc\u2019n\u00fcn g\u00fcneyinde konumlanan Eren Da\u011f\u0131 \u00fczerinde bulunan Kastabos Antik Kenti ayn\u0131 zamanda bir tap\u0131nak kenti olarak da biliniyor. \u00c7ok\u00e7a mezar ve tap\u0131nak kal\u0131nt\u0131lar\u0131n\u0131n yer ald\u0131\u011f\u0131 b\u00f6lgede antik \u00e7a\u011f\u0131n t\u00fcm etkilerini g\u00f6rebilmek m\u00fcmk\u00fcn. Bybassos Antik Kenti ile aralar\u0131nda 2 kilometre bulunan antik kent g\u00fcn\u00fcm\u00fczde Gavur Pazar\u0131 ya da Pazarc\u0131k olarak da seslendiriliyor. Ayn\u0131 isimle Kapadokya ve Kilikya\u2019da da antik kentler bulundu\u011funu s\u00f6ylemeliyiz bu nedenle hangisinden s\u00f6z edildi\u011finden emin olabilmek i\u00e7in mutlaka konum payla\u015fman\u0131z\u0131 \u00f6neririz. Kastabos\u2019un b\u00fcy\u00fcleyici bir manzaraya sahip oldu\u011funu da eklemeliyiz.<\/p>\n<p><strong>Kedrai Antik Kenti<\/strong><\/p>\n<p>\u00dclkemizin en g\u00fczel noktalar\u0131ndan birisi olan G\u00f6kova K\u00f6rfezi\u2019ndeki Sedir Adas\u0131, Kedrai Antik Kenti ve Kleopatra Plaj\u0131 ile \u00f6n plana \u00e7\u0131k\u0131yor. Kentin ismi Kedrai, sedir a\u011fac\u0131 anlam\u0131na geliyor ve buras\u0131 faaliyet g\u00f6sterdi\u011fi d\u00f6nemde surlarla \u00e7evrilmi\u015f olan bir sava\u015f kentiydi. Ge\u00e7mi\u015fi M.\u00d6. 6. y\u00fczy\u0131la kadar dayanan kentin g\u00fcn\u00fcm\u00fcze ula\u015fan eserleri aras\u0131nda dor d\u00fczeninde in\u015fa edilen Apollon Tap\u0131na\u011f\u0131\u2019n\u0131n temelinde kullan\u0131lan ta\u015flar, agora, kent akropol\u00fc, tiyatro \u00e7e\u015fitli ve yap\u0131 kal\u0131nt\u0131lar\u0131 kalm\u0131\u015f durumda. Buras\u0131 g\u00fc\u00e7l\u00fc tarihi ge\u00e7mi\u015finin yan\u0131 s\u0131ra harika do\u011fas\u0131 ile de ziyaret\u00e7ilerini b\u00fcy\u00fcl\u00fcyor.<\/p>\n<p><strong>Knidos Antik Kenti<\/strong><\/p>\n<p>Dat\u00e7a \u015fehir merkezine yakla\u015f\u0131k 40 kilometre uzakl\u0131kta bulunan Knidos Antik Kenti\u2019nin ge\u00e7mi\u015fi M.\u00d6 2000\u2019li y\u0131llara kadar uzan\u0131yor. D\u00fcnyan\u0131n en g\u00fczel kad\u0131n heykeli olan Afrodit Heykeli ba\u015fta olmak \u00fczere bir\u00e7ok \u00f6zel eserin kal\u0131nt\u0131lar\u0131na sahip olan antik \u015fehir, d\u00f6neminde b\u00f6lgenin en \u00f6nemli ya\u015fam ve ticaret merkezi olarak g\u00f6steriliyordu. G\u00fcn\u00fcm\u00fcze uzand\u0131\u011f\u0131m\u0131zda ne yaz\u0131k ki bir\u00e7ok eser ya\u011fmalanm\u0131\u015f ya da \u00e7al\u0131nm\u0131\u015f oldu\u011fundan \u015fehirden geriye pek fazla kal\u0131nt\u0131 ula\u015fm\u0131\u015f de\u011fil. Ancak e\u015fsiz manzaras\u0131 ve g\u00fcn\u00fcm\u00fczde kadar gelen tarihi eserleri ile Marmaris\u2019te mutlaka g\u00f6r\u00fclmesi gereken antik kentlerden birisi olarak g\u00f6sterebiliriz.<\/p>\n<p><strong>Loryma Antik Kenti<\/strong><\/p>\n<p>Bozuk Koyu\u2019nda yer alan Loryma Antik Kenti, Marmaris\u2019te g\u00f6rmenizi \u00f6nerdi\u011fimiz antik kentlerden birisi. Konumu nedeniyle d\u00f6neminde stratejik \u00f6neme sahip olan Loryma\u2019n\u0131n ne yaz\u0131k ki ne zaman ve kim taraf\u0131ndan kuruldu\u011funa dair net bilgi bulunmuyor. G\u00fcn\u00fcm\u00fcze ula\u015fan kal\u0131nt\u0131lar aras\u0131nda en etkileyici olan\u0131 ise Burunba\u015f\u0131 \u00fczerinde bulunan kale yap\u0131s\u0131. Tepeye t\u0131rmanmay\u0131 d\u00fc\u015f\u00fcn\u00fcyorsan\u0131z sizi zorlu bir yolculu\u011fun bekledi\u011fini s\u00f6ylememiz gerek. Loryma\u2019n\u0131n bulundu\u011fu koy merkeze uzak bir noktada oldu\u011fundan temiz kalabilmeyi ba\u015farm\u0131\u015f durumda. Buray\u0131 ziyaret etti\u011finizde hem \u00f6nemli bir antik kenti ke\u015ffetmi\u015f olacak hem de harika bir koyda kula\u00e7 atabileceksiniz.<\/p>\n<p><strong>Phoenix Antik Kenti<\/strong><\/p>\n<p>Ta\u015fl\u0131ca K\u00f6y\u00fc\u2019n\u00fcn Asar Tepesi \u00fczerinde bulunan Phonenix Antik Kenti, Karyal\u0131lar d\u00f6nemine dayan\u0131yor. Kent kal\u0131nt\u0131lar\u0131na do\u011fru giderken yol \u00fczerinde bir\u00e7ok mezarla kar\u015f\u0131la\u015faca\u011f\u0131n\u0131z\u0131 belirtmek isteriz. Harika bir manzaraya sahip tepeye ula\u015ft\u0131\u011f\u0131n\u0131zda sizi bir de\u011firmen kar\u015f\u0131layacak. G\u00fcn\u00fcm\u00fcze ula\u015fan kal\u0131nt\u0131lar\u0131n\u0131n olduk\u00e7a iyi korundu\u011fu antik b\u00f6lgede \u015fehir d\u00f6neminin izlerini kolayl\u0131kla g\u00f6zlemleyebilirsiniz.<\/p>\n<p><strong>Physkos Antik Kenti<\/strong><\/p>\n<p>Marmaris\u2019in \u00f6nceki isimlerinden birisinin Physkos yani Karya dilindeki kar\u015f\u0131l\u0131\u011f\u0131 ile Do\u011fakenti oldu\u011funu biliyor musunuz? Re\u015fadiye yar\u0131madas\u0131n\u0131n en eski yerle\u015fim noktalar\u0131ndan birisi olan Physkos, bir Karya liman kenti. \u0130zleri M.\u00d6 3400 y\u0131llar\u0131na kadar giden bu antik liman kenti, g\u00fcn\u00fcm\u00fczde Marmaris \u015fehir merkezinin kuzeyinde bulunan Asartepe\u2019de yer al\u0131yor. Yamac\u0131n \u00fczerine kurulmu\u015f olmas\u0131 b\u00f6lgedeki di\u011fer antik kentlerle benzer \u00f6zelli\u011fi olarak g\u00f6sterilebilir. Ancak bu kentten g\u00fcn\u00fcm\u00fczde bu antik kentten geriye pek fazla kal\u0131nt\u0131 ula\u015fmam\u0131\u015ft\u0131r. Bunun en \u00f6nemli nedeni ise buras\u0131n\u0131n bir liman kenti olu\u015fu nedeniyle \u015fehirdeki envanterlerin deniz yolu ile ba\u015fka noktalara ta\u015f\u0131nmas\u0131 diyebiliriz. Antik kentlere dair \u00f6zel bir ilginiz varsa bu noktay\u0131 gezebilirsiniz.<\/p>\n<p><strong>Syrna Antik Kenti<\/strong><\/p>\n<p>Bozburun\u2019un k\u00f6ylerinden birisi olan Bay\u0131r K\u00f6y\u00fc, Helenistik \u00c7a\u011f\u2019da \u00f6nemli noktalardan birisiydi. Syrna Antik Kenti\u2019nin d\u00f6nemine ait en dikkat \u00e7eken yap\u0131s\u0131 ise Akslepios Tap\u0131na\u011f\u0131 diyebiliriz.<\/p>\n<p><strong>Thyssanos Antik Kenti<\/strong><\/p>\n<p>Bozburun\u2019un k\u00f6ylerinden birisi olan S\u00f6\u011f\u00fct K\u00f6y\u00fc\u2019ne olduk\u00e7a yak\u0131n konumlanan Thyssanos Antik Kenti\u2019nde g\u00fcn\u00fcm\u00fczde eski kale kal\u0131nt\u0131lar\u0131 d\u0131\u015f\u0131nda tarihi kal\u0131nt\u0131lar\u0131n kald\u0131\u011f\u0131n\u0131 s\u00f6ylemek m\u00fcmk\u00fcn de\u011fil ancak yine de tarihin etkisini hissedebilirsiniz. Kentin tarihi ge\u00e7mi\u015fine ili\u015fkin ne yaz\u0131k ki net bilgiler bulunmuyor.<\/p>\n<\/div><div class=\"fusion-separator fusion-full-width-sep\" style=\"align-self: center;margin-left: auto;margin-right: auto;margin-bottom:10px;width:100%;\"><div class=\"fusion-separator-border sep-single sep-solid\" style=\"--awb-height:20px;--awb-amount:20px;border-color:var(--awb-color3);border-top-width:1px;\"><\/div><\/div><div class=\"fusion-text fusion-text-7\"><p style=\"background: white; margin: 0cm 0cm 15.0pt 0cm;\"><strong><i><span style=\"font-size: 15.0pt; font-family: 'Lucida Sans Unicode',sans-serif; color: #607d8b;\">Size \u00f6zel fiyat ve se\u00e7enekler i\u00e7in bizimle ileti\u015fime ge\u00e7ebilirsiniz<\/span><\/i><\/strong><i><\/i><\/p>\n<p style=\"background: white; margin: 0cm 0cm 15.0pt 0cm;\"><strong><i><span style=\"font-size: 15.0pt; font-family: 'Lucida Sans Unicode',sans-serif; color: #607d8b;\">0212 560 36 36 sales@delux.com.tr<\/span><\/i><\/strong><\/p>\n<\/div><\/div><\/div><div class=\"fusion-layout-column fusion_builder_column fusion-builder-column-1 fusion_builder_column_1_3 1_3 fusion-flex-column\" style=\"--awb-padding-top:4%;--awb-padding-right:4%;--awb-padding-bottom:4%;--awb-padding-left:4%;--awb-bg-color:#f2f2f2;--awb-bg-color-hover:#f2f2f2;--awb-bg-size:cover;--awb-width-large:33.333333333333%;--awb-margin-top-large:0px;--awb-spacing-right-large:5.76%;--awb-margin-bottom-large:0px;--awb-spacing-left-large:3.84%;--awb-width-medium:33.333333333333%;--awb-order-medium:0;--awb-spacing-right-medium:5.76%;--awb-spacing-left-medium:3.84%;--awb-width-small:100%;--awb-order-small:0;--awb-spacing-right-small:1.92%;--awb-spacing-left-small:1.92%;\"><div class=\"fusion-column-wrapper fusion-column-has-shadow fusion-flex-justify-content-flex-start fusion-content-layout-column\"><div class=\"fusion-blog-shortcode fusion-blog-shortcode-1 fusion-blog-archive fusion-blog-layout-grid-wrapper fusion-blog-no\"><style type=\"text\/css\">.fusion-blog-shortcode-1 .fusion-blog-layout-grid .fusion-post-grid{padding:20px;}.fusion-blog-shortcode-1 .fusion-posts-container{margin-left: -20px !important; margin-right:-20px !important;}<\/style><div class=\"fusion-posts-container fusion-posts-container-no fusion-no-meta-info fusion-blog-layout-grid fusion-blog-layout-grid-1 isotope\" data-pages=\"3\" data-grid-col-space=\"40\" style=\"margin: -20px -20px 0;min-height:500px;\"><article id=\"blog-1-post-4235\" class=\"fusion-post-grid post-4235 post type-post status-publish format-standard has-post-thumbnail hentry category-tatil-hakkinda tag-anadolu-tarihi tag-konya tag-mevlana\">\n<div class=\"fusion-post-wrapper\" style=\"background-color:rgba(255,255,255,0);border:1px solid var(--awb-color2);border-bottom-width:3px;\">\n\n\t\t\t<div class=\"fusion-flexslider flexslider fusion-flexslider-loading fusion-post-slideshow\" style=\"border-color:var(--awb-color2);\">\n\t\t<ul class=\"slides\">\n\t\t\t\n\t\t\t\t\t\t\t\t\t\t\t\t\t\t<li><div  class=\"fusion-image-wrapper\" aria-haspopup=\"true\">\n\t\t\t\t\t\t\t<a href=\"https:\/\/delux.com.tr\/dt\/tatil-hakkinda\/mevlana-hayati\/\" aria-label=\"Mevlana Hayat\u0131\">\n\t\t\t\t\t\t\t<img decoding=\"async\" width=\"800\" height=\"500\" src=\"https:\/\/delux.com.tr\/dt\/wp-content\/uploads\/2022\/01\/mevlana-hayati.jpg\" class=\"attachment-full size-full lazyload wp-post-image\" alt=\"\" srcset=\"data:image\/svg+xml,%3Csvg%20xmlns%3D%27http%3A%2F%2Fwww.w3.org%2F2000%2Fsvg%27%20width%3D%27800%27%20height%3D%27500%27%20viewBox%3D%270%200%20800%20500%27%3E%3Crect%20width%3D%27800%27%20height%3D%27500%27%20fill-opacity%3D%220%22%2F%3E%3C%2Fsvg%3E\" data-orig-src=\"https:\/\/delux.com.tr\/dt\/wp-content\/uploads\/2022\/01\/mevlana-hayati.jpg\" data-srcset=\"https:\/\/delux.com.tr\/dt\/wp-content\/uploads\/2022\/01\/mevlana-hayati-200x125.jpg 200w, https:\/\/delux.com.tr\/dt\/wp-content\/uploads\/2022\/01\/mevlana-hayati-400x250.jpg 400w, https:\/\/delux.com.tr\/dt\/wp-content\/uploads\/2022\/01\/mevlana-hayati-600x375.jpg 600w, https:\/\/delux.com.tr\/dt\/wp-content\/uploads\/2022\/01\/mevlana-hayati.jpg 800w\" data-sizes=\"auto\" \/>\t\t\t<\/a>\n\t\t\t\t\t\t\t<\/div>\n<\/li>\n\t\t\t\n\t\t\t\n\t\t\t\t\t\t\t\t\t\t\t\t\t\t\t\t\t\t\t\t\t\t\t\t\t\t\t\t\t\t\t\t\t\t\t\t\t\t\t\t\t\t\t\t\t\t\t\t\t\t\t\t\t\t\t\t\t\t\t\t\t\t\t\t\t\t\t\t<\/ul>\n\t<\/div>\n\t<div class=\"fusion-post-content-wrapper\" style=\"padding:30px 25px 25px 25px;\"><div class=\"fusion-post-content post-content\"><h2 class=\"blog-shortcode-post-title entry-title\"><a href=\"https:\/\/delux.com.tr\/dt\/tatil-hakkinda\/mevlana-hayati\/\">Mevlana Hayat\u0131<\/a><\/h2><\/div><\/div><div class=\"fusion-clearfix\"><\/div><\/div>\n<\/article>\n<article id=\"blog-1-post-3844\" class=\"fusion-post-grid post-3844 post type-post status-publish format-standard has-post-thumbnail hentry category-tatil-hakkinda tag-aizanoi-antik-kent tag-anadolu-tarihi tag-bergama tag-kultur-tatili tag-zeus-tapinagi\">\n<div class=\"fusion-post-wrapper\" style=\"background-color:rgba(255,255,255,0);border:1px solid var(--awb-color2);border-bottom-width:3px;\">\n\n\t\t\t<div class=\"fusion-flexslider flexslider fusion-flexslider-loading fusion-post-slideshow\" style=\"border-color:var(--awb-color2);\">\n\t\t<ul class=\"slides\">\n\t\t\t\n\t\t\t\t\t\t\t\t\t\t\t\t\t\t<li><div  class=\"fusion-image-wrapper\" aria-haspopup=\"true\">\n\t\t\t\t\t\t\t<a href=\"https:\/\/delux.com.tr\/dt\/tatil-hakkinda\/tarihe-yolculuk-aizanoi-antik-kenti\/\" aria-label=\"Tarihe Yolculuk: Aizanoi Antik Kenti\">\n\t\t\t\t\t\t\t<img decoding=\"async\" width=\"800\" height=\"600\" src=\"https:\/\/delux.com.tr\/dt\/wp-content\/uploads\/2022\/02\/aizanoi-antik-kenti-1.jpg\" class=\"attachment-full size-full lazyload wp-post-image\" alt=\"\" srcset=\"data:image\/svg+xml,%3Csvg%20xmlns%3D%27http%3A%2F%2Fwww.w3.org%2F2000%2Fsvg%27%20width%3D%27800%27%20height%3D%27600%27%20viewBox%3D%270%200%20800%20600%27%3E%3Crect%20width%3D%27800%27%20height%3D%27600%27%20fill-opacity%3D%220%22%2F%3E%3C%2Fsvg%3E\" data-orig-src=\"https:\/\/delux.com.tr\/dt\/wp-content\/uploads\/2022\/02\/aizanoi-antik-kenti-1.jpg\" data-srcset=\"https:\/\/delux.com.tr\/dt\/wp-content\/uploads\/2022\/02\/aizanoi-antik-kenti-1-200x150.jpg 200w, https:\/\/delux.com.tr\/dt\/wp-content\/uploads\/2022\/02\/aizanoi-antik-kenti-1-400x300.jpg 400w, https:\/\/delux.com.tr\/dt\/wp-content\/uploads\/2022\/02\/aizanoi-antik-kenti-1-600x450.jpg 600w, https:\/\/delux.com.tr\/dt\/wp-content\/uploads\/2022\/02\/aizanoi-antik-kenti-1.jpg 800w\" data-sizes=\"auto\" \/>\t\t\t<\/a>\n\t\t\t\t\t\t\t<\/div>\n<\/li>\n\t\t\t\n\t\t\t\n\t\t\t\t\t\t\t\t\t\t\t\t\t\t\t\t\t\t\t\t\t\t\t\t\t\t\t\t\t\t\t\t\t\t\t\t\t\t\t\t\t\t\t\t\t\t\t\t\t\t\t\t\t\t\t\t\t\t\t\t\t\t\t\t\t\t\t\t<\/ul>\n\t<\/div>\n\t<div class=\"fusion-post-content-wrapper\" style=\"padding:30px 25px 25px 25px;\"><div class=\"fusion-post-content post-content\"><h2 class=\"blog-shortcode-post-title entry-title\"><a href=\"https:\/\/delux.com.tr\/dt\/tatil-hakkinda\/tarihe-yolculuk-aizanoi-antik-kenti\/\">Tarihe Yolculuk: Aizanoi Antik Kenti<\/a><\/h2><\/div><\/div><div class=\"fusion-clearfix\"><\/div><\/div>\n<\/article>\n<article id=\"blog-1-post-4378\" class=\"fusion-post-grid post-4378 post type-post status-publish format-standard has-post-thumbnail hentry category-tatil-hakkinda tag-anadolu tag-anadolu-tarihi tag-balikesir tag-kazdaglari\">\n<div class=\"fusion-post-wrapper\" style=\"background-color:rgba(255,255,255,0);border:1px solid var(--awb-color2);border-bottom-width:3px;\">\n\n\t\t\t<div class=\"fusion-flexslider flexslider fusion-flexslider-loading fusion-post-slideshow\" style=\"border-color:var(--awb-color2);\">\n\t\t<ul class=\"slides\">\n\t\t\t\n\t\t\t\t\t\t\t\t\t\t\t\t\t\t<li><div  class=\"fusion-image-wrapper\" aria-haspopup=\"true\">\n\t\t\t\t\t\t\t<a href=\"https:\/\/delux.com.tr\/dt\/tatil-hakkinda\/anadoluyu-kesfedelim-kazdaglarinin-simgesi-sarikiz-efsanesi\/\" aria-label=\"Anadolu\u2019yu Ke\u015ffedelim: Kazda\u011flar\u0131\u2019n\u0131n Simgesi Sar\u0131k\u0131z Efsanesi\">\n\t\t\t\t\t\t\t<img decoding=\"async\" width=\"800\" height=\"500\" src=\"https:\/\/delux.com.tr\/dt\/wp-content\/uploads\/2022\/08\/sarikiz-turbesi-kazdaglari-balikesir-1.jpg\" class=\"attachment-full size-full lazyload wp-post-image\" alt=\"\" srcset=\"data:image\/svg+xml,%3Csvg%20xmlns%3D%27http%3A%2F%2Fwww.w3.org%2F2000%2Fsvg%27%20width%3D%27800%27%20height%3D%27500%27%20viewBox%3D%270%200%20800%20500%27%3E%3Crect%20width%3D%27800%27%20height%3D%27500%27%20fill-opacity%3D%220%22%2F%3E%3C%2Fsvg%3E\" data-orig-src=\"https:\/\/delux.com.tr\/dt\/wp-content\/uploads\/2022\/08\/sarikiz-turbesi-kazdaglari-balikesir-1.jpg\" data-srcset=\"https:\/\/delux.com.tr\/dt\/wp-content\/uploads\/2022\/08\/sarikiz-turbesi-kazdaglari-balikesir-1-200x125.jpg 200w, https:\/\/delux.com.tr\/dt\/wp-content\/uploads\/2022\/08\/sarikiz-turbesi-kazdaglari-balikesir-1-400x250.jpg 400w, https:\/\/delux.com.tr\/dt\/wp-content\/uploads\/2022\/08\/sarikiz-turbesi-kazdaglari-balikesir-1-600x375.jpg 600w, https:\/\/delux.com.tr\/dt\/wp-content\/uploads\/2022\/08\/sarikiz-turbesi-kazdaglari-balikesir-1.jpg 800w\" data-sizes=\"auto\" \/>\t\t\t<\/a>\n\t\t\t\t\t\t\t<\/div>\n<\/li>\n\t\t\t\n\t\t\t\n\t\t\t\t\t\t\t\t\t\t\t\t\t\t\t\t\t\t\t\t\t\t\t\t\t\t\t\t\t\t\t\t\t\t\t\t\t\t\t\t\t\t\t\t\t\t\t\t\t\t\t\t\t\t\t\t\t\t\t\t\t\t\t\t\t\t\t\t<\/ul>\n\t<\/div>\n\t<div class=\"fusion-post-content-wrapper\" style=\"padding:30px 25px 25px 25px;\"><div class=\"fusion-post-content post-content\"><h2 class=\"blog-shortcode-post-title entry-title\"><a href=\"https:\/\/delux.com.tr\/dt\/tatil-hakkinda\/anadoluyu-kesfedelim-kazdaglarinin-simgesi-sarikiz-efsanesi\/\">Anadolu\u2019yu Ke\u015ffedelim: Kazda\u011flar\u0131\u2019n\u0131n Simgesi Sar\u0131k\u0131z Efsanesi<\/a><\/h2><\/div><\/div><div class=\"fusion-clearfix\"><\/div><\/div>\n<\/article>\n<article id=\"blog-1-post-4382\" class=\"fusion-post-grid post-4382 post type-post status-publish format-standard has-post-thumbnail hentry category-tatil-hakkinda tag-anadolu-tarihi tag-marmaris\">\n<div class=\"fusion-post-wrapper\" style=\"background-color:rgba(255,255,255,0);border:1px solid var(--awb-color2);border-bottom-width:3px;\">\n\n\t\t\t<div class=\"fusion-flexslider flexslider fusion-flexslider-loading fusion-post-slideshow\" style=\"border-color:var(--awb-color2);\">\n\t\t<ul class=\"slides\">\n\t\t\t\n\t\t\t\t\t\t\t\t\t\t\t\t\t\t<li><div  class=\"fusion-image-wrapper\" aria-haspopup=\"true\">\n\t\t\t\t\t\t\t<a href=\"https:\/\/delux.com.tr\/dt\/tatil-hakkinda\/marmaris-ve-cevresindeki-antik-kentler\/\" aria-label=\"Marmaris ve \u00c7evresindeki Antik Kentler\">\n\t\t\t\t\t\t\t<img decoding=\"async\" width=\"800\" height=\"500\" src=\"https:\/\/delux.com.tr\/dt\/wp-content\/uploads\/2022\/07\/haydas-antik-kenti.jpg\" class=\"attachment-full size-full lazyload wp-post-image\" alt=\"\" srcset=\"data:image\/svg+xml,%3Csvg%20xmlns%3D%27http%3A%2F%2Fwww.w3.org%2F2000%2Fsvg%27%20width%3D%27800%27%20height%3D%27500%27%20viewBox%3D%270%200%20800%20500%27%3E%3Crect%20width%3D%27800%27%20height%3D%27500%27%20fill-opacity%3D%220%22%2F%3E%3C%2Fsvg%3E\" data-orig-src=\"https:\/\/delux.com.tr\/dt\/wp-content\/uploads\/2022\/07\/haydas-antik-kenti.jpg\" data-srcset=\"https:\/\/delux.com.tr\/dt\/wp-content\/uploads\/2022\/07\/haydas-antik-kenti-200x125.jpg 200w, https:\/\/delux.com.tr\/dt\/wp-content\/uploads\/2022\/07\/haydas-antik-kenti-400x250.jpg 400w, https:\/\/delux.com.tr\/dt\/wp-content\/uploads\/2022\/07\/haydas-antik-kenti-600x375.jpg 600w, https:\/\/delux.com.tr\/dt\/wp-content\/uploads\/2022\/07\/haydas-antik-kenti.jpg 800w\" data-sizes=\"auto\" \/>\t\t\t<\/a>\n\t\t\t\t\t\t\t<\/div>\n<\/li>\n\t\t\t\n\t\t\t\n\t\t\t\t\t\t\t\t\t\t\t\t\t\t\t\t\t\t\t\t\t\t\t\t\t\t\t\t\t\t\t\t\t\t\t\t\t\t\t\t\t\t\t\t\t\t\t\t\t\t\t\t\t\t\t\t\t\t\t\t\t\t\t\t\t\t\t\t<\/ul>\n\t<\/div>\n\t<div class=\"fusion-post-content-wrapper\" style=\"padding:30px 25px 25px 25px;\"><div class=\"fusion-post-content post-content\"><h2 class=\"blog-shortcode-post-title entry-title\"><a href=\"https:\/\/delux.com.tr\/dt\/tatil-hakkinda\/marmaris-ve-cevresindeki-antik-kentler\/\">Marmaris ve \u00c7evresindeki Antik Kentler<\/a><\/h2><\/div><\/div><div class=\"fusion-clearfix\"><\/div><\/div>\n<\/article>\n<article id=\"blog-1-post-3486\" class=\"fusion-post-grid post-3486 post type-post status-publish format-standard has-post-thumbnail hentry category-tatil-hakkinda tag-anadolu-tarihi tag-canakkale tag-troya-muzesi\">\n<div class=\"fusion-post-wrapper\" style=\"background-color:rgba(255,255,255,0);border:1px solid var(--awb-color2);border-bottom-width:3px;\">\n\n\t\t\t<div class=\"fusion-flexslider flexslider fusion-flexslider-loading fusion-post-slideshow\" style=\"border-color:var(--awb-color2);\">\n\t\t<ul class=\"slides\">\n\t\t\t\n\t\t\t\t\t\t\t\t\t\t\t\t\t\t<li><div  class=\"fusion-image-wrapper\" aria-haspopup=\"true\">\n\t\t\t\t\t\t\t<a href=\"https:\/\/delux.com.tr\/dt\/tatil-hakkinda\/troya-muzesi-hakkinda-bilmeniz-gereken-7-sey\/\" aria-label=\"Troya M\u00fczesi Hakk\u0131nda Bilmeniz Gereken 7 \u015eey\">\n\t\t\t\t\t\t\t<img decoding=\"async\" width=\"800\" height=\"500\" src=\"https:\/\/delux.com.tr\/dt\/wp-content\/uploads\/2021\/09\/troya-muzesi-2.jpg\" class=\"attachment-full size-full lazyload wp-post-image\" alt=\"\" srcset=\"data:image\/svg+xml,%3Csvg%20xmlns%3D%27http%3A%2F%2Fwww.w3.org%2F2000%2Fsvg%27%20width%3D%27800%27%20height%3D%27500%27%20viewBox%3D%270%200%20800%20500%27%3E%3Crect%20width%3D%27800%27%20height%3D%27500%27%20fill-opacity%3D%220%22%2F%3E%3C%2Fsvg%3E\" data-orig-src=\"https:\/\/delux.com.tr\/dt\/wp-content\/uploads\/2021\/09\/troya-muzesi-2.jpg\" data-srcset=\"https:\/\/delux.com.tr\/dt\/wp-content\/uploads\/2021\/09\/troya-muzesi-2-200x125.jpg 200w, https:\/\/delux.com.tr\/dt\/wp-content\/uploads\/2021\/09\/troya-muzesi-2-400x250.jpg 400w, https:\/\/delux.com.tr\/dt\/wp-content\/uploads\/2021\/09\/troya-muzesi-2-600x375.jpg 600w, https:\/\/delux.com.tr\/dt\/wp-content\/uploads\/2021\/09\/troya-muzesi-2.jpg 800w\" data-sizes=\"auto\" \/>\t\t\t<\/a>\n\t\t\t\t\t\t\t<\/div>\n<\/li>\n\t\t\t\n\t\t\t\n\t\t\t\t\t\t\t\t\t\t\t\t\t\t\t\t\t\t\t\t\t\t\t\t\t\t\t\t\t\t\t\t\t\t\t\t\t\t\t\t\t\t\t\t\t\t\t\t\t\t\t\t\t\t\t\t\t\t\t\t\t\t\t\t\t\t\t\t<\/ul>\n\t<\/div>\n\t<div class=\"fusion-post-content-wrapper\" style=\"padding:30px 25px 25px 25px;\"><div class=\"fusion-post-content post-content\"><h2 class=\"blog-shortcode-post-title entry-title\"><a href=\"https:\/\/delux.com.tr\/dt\/tatil-hakkinda\/troya-muzesi-hakkinda-bilmeniz-gereken-7-sey\/\">Troya M\u00fczesi Hakk\u0131nda Bilmeniz Gereken 7 \u015eey<\/a><\/h2><\/div><\/div><div class=\"fusion-clearfix\"><\/div><\/div>\n<\/article>\n<div class=\"fusion-clearfix\"><\/div><\/div><\/div><div class=\"fusion-text fusion-text-8\"><p>&#8211; Yolculu\u011funuzun her ola\u011fan\u00fcst\u00fc detay\u0131n \u00f6zenle se\u00e7ilmi\u015f olmas\u0131<\/p>\n<p>&#8211; Kusursuz bir \u015fekilde uygulanan, el yap\u0131m\u0131, esnek ve kusursuz g\u00fczergahlar<\/p>\n<p>&#8211; Egzotik destinasyonlarda uzman\u0131<\/p>\n<p>&#8211; Ola\u011fan\u00fcst\u00fc hizmet ve detaylara tavizsiz \u00f6zen<\/p>\n<p>&#8211; \u00c7iftler, aileler ve k\u00fc\u00e7\u00fck gruplar i\u00e7in m\u00fckemmel \u00f6zel yolculuklar<\/p>\n<p>&#8211; Kendi kal\u0131\u015f tarihinizi se\u00e7me \u00f6zg\u00fcrl\u00fc\u011f\u00fc<\/p>\n<p>&#8211; Tamamen \u00f6zelle\u015ftirilebilir deneyimler<\/p>\n<\/div><div class=\"fusion-text fusion-text-9\"><p><strong>Otel ve Tur Sat\u0131\u015f<\/strong><br \/>\n<a href=\"mailto:sales@delux.com.tr\">sales@delux.com.tr<\/a> &#8211; <a href=\"telto:+905559637216\">0555 963 7216<\/a><\/p>\n<\/div><\/div><\/div><\/div><\/div>\n","protected":false},"excerpt":{"rendered":"<p>Masmavi koylar\u0131, yemye\u015fil do\u011fas\u0131, bir\u00e7ok medeniyete ev sahipli\u011fi yapm\u0131\u015f zengin k\u00fclt\u00fcr\u00fcyle her y\u00f6nden olduk\u00e7a zengin olan Marmaris ayn\u0131 zamanda geni\u015f bir tarihe de sahip. Ge\u00e7mi\u015fte bir\u00e7ok liman ve askeri kentlere ev sahipli\u011fi yapm\u0131\u015f olan b\u00f6lgede bu durumun do\u011fal bir getirisi olarak \u00e7ok say\u0131da tarihi yap\u0131 bulunuyor. G\u00fcn\u00fcm\u00fczde kal\u0131nt\u0131lar\u0131 bulunan ve ziyarete a\u00e7\u0131k olan antik kentleri siz de Marmaris gezinizde ke\u015ffedebilirsiniz. Haydi gelin, bu antik kentleri yak\u0131ndan inceleyelim\u2026<\/p>\n","protected":false},"author":1,"featured_media":5393,"comment_status":"open","ping_status":"open","sticky":false,"template":"","format":"standard","meta":{"footnotes":""},"categories":[9],"tags":[50,288],"class_list":["post-4382","post","type-post","status-publish","format-standard","has-post-thumbnail","hentry","category-tatil-hakkinda","tag-anadolu-tarihi","tag-marmaris"],"_links":{"self":[{"href":"https:\/\/delux.com.tr\/dt\/wp-json\/wp\/v2\/posts\/4382","targetHints":{"allow":["GET"]}}],"collection":[{"href":"https:\/\/delux.com.tr\/dt\/wp-json\/wp\/v2\/posts"}],"about":[{"href":"https:\/\/delux.com.tr\/dt\/wp-json\/wp\/v2\/types\/post"}],"author":[{"embeddable":true,"href":"https:\/\/delux.com.tr\/dt\/wp-json\/wp\/v2\/users\/1"}],"replies":[{"embeddable":true,"href":"https:\/\/delux.com.tr\/dt\/wp-json\/wp\/v2\/comments?post=4382"}],"version-history":[{"count":1,"href":"https:\/\/delux.com.tr\/dt\/wp-json\/wp\/v2\/posts\/4382\/revisions"}],"predecessor-version":[{"id":5394,"href":"https:\/\/delux.com.tr\/dt\/wp-json\/wp\/v2\/posts\/4382\/revisions\/5394"}],"wp:featuredmedia":[{"embeddable":true,"href":"https:\/\/delux.com.tr\/dt\/wp-json\/wp\/v2\/media\/5393"}],"wp:attachment":[{"href":"https:\/\/delux.com.tr\/dt\/wp-json\/wp\/v2\/media?parent=4382"}],"wp:term":[{"taxonomy":"category","embeddable":true,"href":"https:\/\/delux.com.tr\/dt\/wp-json\/wp\/v2\/categories?post=4382"},{"taxonomy":"post_tag","embeddable":true,"href":"https:\/\/delux.com.tr\/dt\/wp-json\/wp\/v2\/tags?post=4382"}],"curies":[{"name":"wp","href":"https:\/\/api.w.org\/{rel}","templated":true}]}}