{"id":3623,"date":"2021-12-01T17:01:38","date_gmt":"2021-12-01T14:01:38","guid":{"rendered":"https:\/\/delux.com.tr\/tr\/?p=3623"},"modified":"2023-09-12T14:06:59","modified_gmt":"2023-09-12T11:06:59","slug":"kisin-is-seyahati-yapacaklar-icin-bavul-hazirlama-rehberi","status":"publish","type":"post","link":"https:\/\/delux.com.tr\/dt\/tatil-hakkinda\/kisin-is-seyahati-yapacaklar-icin-bavul-hazirlama-rehberi\/","title":{"rendered":"K\u0131\u015f\u0131n \u0130\u015f Seyahati Yapacaklar \u0130\u00e7in Bavul Haz\u0131rlama Rehberi"},"content":{"rendered":"<div class=\"fusion-fullwidth fullwidth-box fusion-builder-row-1 fusion-flex-container nonhundred-percent-fullwidth non-hundred-percent-height-scrolling\" style=\"--awb-border-radius-top-left:0px;--awb-border-radius-top-right:0px;--awb-border-radius-bottom-right:0px;--awb-border-radius-bottom-left:0px;--awb-flex-wrap:wrap;\" ><div class=\"fusion-builder-row fusion-row fusion-flex-align-items-flex-start fusion-flex-content-wrap\" style=\"max-width:1414.4px;margin-left: calc(-4% \/ 2 );margin-right: calc(-4% \/ 2 );\"><div class=\"fusion-layout-column fusion_builder_column fusion-builder-column-0 fusion_builder_column_2_3 2_3 fusion-flex-column\" style=\"--awb-bg-size:cover;--awb-width-large:66.666666666667%;--awb-margin-top-large:0px;--awb-spacing-right-large:3.84%;--awb-margin-bottom-large:0px;--awb-spacing-left-large:2.88%;--awb-width-medium:66.666666666667%;--awb-spacing-right-medium:3.84%;--awb-spacing-left-medium:2.88%;--awb-width-small:100%;--awb-spacing-right-small:1.92%;--awb-spacing-left-small:1.92%;\"><div class=\"fusion-column-wrapper fusion-flex-justify-content-flex-start fusion-content-layout-column\"><div class=\"fusion-text fusion-text-1\"><p><strong>\u00d6nce Planlaman\u0131z\u0131 Yap\u0131n<\/strong><\/p>\n<p>\u00c7\u0131kart\u0131n valizleri, ba\u015fl\u0131yoruz! K\u0131\u015f valizinizi haz\u0131rlarken dikkat etmeniz gereken ilk nokta planlama. Seyahatinizin nereye oldu\u011funa g\u00f6re \u00f6ncelikle ka\u00e7 g\u00fcn kalaca\u011f\u0131n\u0131z\u0131, yan\u0131n\u0131zda mutlaka olmas\u0131 gereken e\u015fyalar\u0131n\u0131z\u0131 ve yolculu\u011funuzu ne \u015fekilde yapaca\u011f\u0131n\u0131z\u0131 belirlemelisiniz. Planlaman\u0131z haz\u0131r olduktan sonra e\u015fyalar\u0131n\u0131z\u0131 bir arada toplay\u0131p valize yerle\u015ftirmek i\u015fin en e\u011flenceli k\u0131sm\u0131.<\/p>\n<\/div><div class=\"fusion-separator fusion-full-width-sep\" style=\"align-self: center;margin-left: auto;margin-right: auto;margin-bottom:10px;width:100%;\"><div class=\"fusion-separator-border sep-single sep-solid\" style=\"--awb-height:20px;--awb-amount:20px;border-color:var(--awb-color3);border-top-width:1px;\"><\/div><\/div><div class=\"fusion-text fusion-text-2\"><p><strong>Do\u011fru Bavul Sizi Yar\u0131 Yolda B\u0131rakmaz<\/strong><\/p>\n<p>Yaz seyahatleri neyse de k\u0131\u015f aylar\u0131n\u0131n zor hava ko\u015fullar\u0131nda bavullar\u0131n\u0131z ummad\u0131\u011f\u0131n\u0131z kadar s\u0131k\u0131 bir talime tutulur. Unutmay\u0131n, kaliteli malzemeden \u00fcretilmi\u015f ve i\u00e7i do\u011fru tasarlanm\u0131\u015f bir bavulla do\u011fru yerle\u015ftirmeyi yapt\u0131\u011f\u0131n\u0131z takdirde sizi yar\u0131 yolda b\u0131rakmayacakt\u0131r.<\/p>\n<p><strong>Gere\u011finden Fazla Giysi Almay\u0131n<\/strong><\/p>\n<p>Yine bu mevsimin yaz aylar\u0131na g\u00f6re zorlu\u011fundan s\u00f6z edece\u011finiz fakat bir\u00e7ok ki\u015fi \u00fc\u015f\u00fcyece\u011fini ya da ihtiyac\u0131 olaca\u011f\u0131n\u0131 d\u00fc\u015f\u00fcnerek yan\u0131na fazladan birer kal\u0131n bir kazak ve s\u00fcveter daha al\u0131r. Burada \u00f6nemli olan nokta gidece\u011finiz kentin ko\u015fullar\u0131na g\u00f6re ihtiyac\u0131n\u0131z olan do\u011fru giysilerinizi yan\u0131n\u0131za almak olacakt\u0131r. Geni\u015f hacimli ve a\u011f\u0131r k\u0131\u015f giysileriniz yerine hafif a\u011f\u0131rl\u0131klar\u0131 olan fakat sizi s\u0131cac\u0131k tutacak giysilerinizi valizinize yerle\u015ftirmelisiniz. \u00d6rne\u011fin kal\u0131n bir kazak eklemek yerine termal bir i\u00e7lik tercih edebilirsiniz. B\u00f6ylelikle hem valizinizde gereksiz yer kaplamayacak hem de siz giysinizin a\u011f\u0131rl\u0131\u011f\u0131yla bunalmayacak, g\u00fcn\u00fcn\u00fcz\u00fc hafif atlatacaks\u0131n\u0131z.<img decoding=\"async\" class=\"lazyload aligncenter size-full wp-image-3625\" src=\"data:image\/svg+xml,%3Csvg%20xmlns%3D%27http%3A%2F%2Fwww.w3.org%2F2000%2Fsvg%27%20width%3D%27800%27%20height%3D%27600%27%20viewBox%3D%270%200%20800%20600%27%3E%3Crect%20width%3D%27800%27%20height%3D%27600%27%20fill-opacity%3D%220%22%2F%3E%3C%2Fsvg%3E\" data-orig-src=\"https:\/\/delux.com.tr\/dt\/wp-content\/uploads\/2022\/01\/bavul-hazrilama.jpg\" alt=\"\" width=\"800\" height=\"600\" \/><\/p>\n<\/div><div class=\"fusion-separator fusion-full-width-sep\" style=\"align-self: center;margin-left: auto;margin-right: auto;margin-bottom:10px;width:100%;\"><div class=\"fusion-separator-border sep-single sep-solid\" style=\"--awb-height:20px;--awb-amount:20px;border-color:var(--awb-color3);border-top-width:1px;\"><\/div><\/div><div class=\"fusion-text fusion-text-3\"><p><strong>Can Kurtaran Yeti\u015fiyor, Bavul \u0130\u00e7i D\u00fczenleyiciler!<\/strong><\/p>\n<p>G\u00fcn\u00fcm\u00fczde pek \u00e7ok internet sitesi ve ma\u011fazalarda kar\u015f\u0131m\u0131za \u00e7\u0131kan yeniliklerden birisi de bavul i\u00e7i d\u00fczenleyiciler. Bu fileli ve fermuarl\u0131 d\u00fczenleyicilerin ilk bak\u0131\u015fta gereksiz bir \u00fcr\u00fcn oldu\u011fu d\u00fc\u015f\u00fcn\u00fclse de asl\u0131nda ger\u00e7ek bunun tam tersi. Her bir d\u00fczenleyicinin i\u00e7ine doldurana kadar rulo \u015feklinde sard\u0131\u011f\u0131n\u0131z giysilerinizi yerle\u015ftirin. Bu d\u00fczenleyicilerin valizinizin i\u00e7ine kolayl\u0131kla yerle\u015fti\u011fini ve size hala bolca alan kald\u0131\u011f\u0131n\u0131 g\u00f6r\u00fcnce olduk\u00e7a \u015fa\u015f\u0131racaks\u0131n\u0131z. Bu \u00fcr\u00fcnler valizinizi uygun yerle\u015ftirmenizi sa\u011flaman\u0131z\u0131n yan\u0131 s\u0131ra e\u015fyalar\u0131n\u0131z\u0131 da organize edecek ve otelde e\u015fyalar\u0131n\u0131z\u0131 yerle\u015ftirirken hatta d\u00f6n\u00fc\u015f vakti gelip de yeniden valiz yaparken olduk\u00e7a kolayl\u0131k sa\u011flayacak.<\/p>\n<p><strong>Giysilerinizi Rulo Yaparak Yerle\u015ftirin<\/strong><\/p>\n<p>Valizinizi haz\u0131rlamaya ba\u015flad\u0131\u011f\u0131n\u0131zda giysilerinizi katlayarak m\u0131 yoksa rulo yaparak m\u0131 yerle\u015ftirmeniz gerekti\u011finden emin olam\u0131yorsan\u0131z biz size hemen do\u011fru yan\u0131t\u0131 verelim; kesinlikle rulo yapmak! \u0130\u00e7lik, ti\u015f\u00f6rt gibi ince giysilerinizi, kazaklar\u0131n\u0131z\u0131 ve pantolonlar\u0131n\u0131z\u0131 fazla s\u0131kmadan rulo yaparak yerle\u015ftirmenizi \u00f6neririz. Bunlar kolay, g\u00f6mlekler hakk\u0131nda bilgi verin diyecek olursan\u0131z g\u00fczel haber, onun da olduk\u00e7a pratik bir yolu var. Bunun en kestirme yolu g\u00f6mleklerinizi ma\u011fazalardaki gibi katlaman\u0131z olacakt\u0131r. Otelinizde g\u00f6mle\u011finizi \u00fct\u00fcye vermek ya da yan\u0131n\u0131zda seyahat \u00fct\u00fcs\u00fc ta\u015f\u0131mak gibi alternatifleriniz olmayacaksa bu y\u00f6ntem en i\u015flevlisi. G\u00f6mle\u011finizi giydi\u011finizde katlanm\u0131\u015f yerler ceketinizin alt\u0131nda kalacak ve belli olmayacakt\u0131r. Yakas\u0131n\u0131n formunu bozmadan yerle\u015ftirmenin en g\u00fczel y\u00f6ntemi ise yaka bo\u015flu\u011funun i\u00e7ine yuvarlad\u0131\u011f\u0131n\u0131z kemerinizi yerle\u015ftirmek olacakt\u0131r. Otelinize gider gitmez e\u015fyalar\u0131n\u0131z\u0131 do\u011fru \u015fekilde asarsan\u0131z olu\u015fan do\u011fal k\u0131r\u0131\u015f\u0131kl\u0131klar kendini k\u0131sa s\u00fcrede salacakt\u0131r.<\/p>\n<\/div><div class=\"fusion-separator fusion-full-width-sep\" style=\"align-self: center;margin-left: auto;margin-right: auto;margin-bottom:10px;width:100%;\"><div class=\"fusion-separator-border sep-single sep-solid\" style=\"--awb-height:20px;--awb-amount:20px;border-color:var(--awb-color3);border-top-width:1px;\"><\/div><\/div><div class=\"fusion-text fusion-text-4\"><p><strong>Ayakkab\u0131 Se\u00e7iminize Do\u011fru Eklemeler Yap\u0131n<\/strong><\/p>\n<p>Giysilerinizi haz\u0131rlad\u0131ktan sonra valizinize koyman\u0131z gereken di\u011fer en \u00f6nemli \u015fey elbette ayakkab\u0131lar\u0131n\u0131z. Klasik ve \u015f\u0131k ayakkab\u0131lar bir\u00e7ok ki\u015finin i\u015f seyahatinde ihtiyac\u0131 olan ayakkab\u0131 \u00e7e\u015fidi olsa da yan\u0131n\u0131za mutlaka rahat edece\u011finiz spor ayakkab\u0131 ya da babet almay\u0131 unutmay\u0131n. Yorucu bir g\u00fcn\u00fc hafifletecek ilk \u015feylerden birinin rahat ayakkab\u0131lar oldu\u011funu eklemeden ge\u00e7meyelim.<img decoding=\"async\" class=\"lazyload aligncenter size-full wp-image-3626\" src=\"data:image\/svg+xml,%3Csvg%20xmlns%3D%27http%3A%2F%2Fwww.w3.org%2F2000%2Fsvg%27%20width%3D%27800%27%20height%3D%27600%27%20viewBox%3D%270%200%20800%20600%27%3E%3Crect%20width%3D%27800%27%20height%3D%27600%27%20fill-opacity%3D%220%22%2F%3E%3C%2Fsvg%3E\" data-orig-src=\"https:\/\/delux.com.tr\/dt\/wp-content\/uploads\/2022\/01\/bavul-kisisel-hijyen-urunleri.jpg\" alt=\"\" width=\"800\" height=\"600\" \/><\/p>\n<\/div><div class=\"fusion-separator fusion-full-width-sep\" style=\"align-self: center;margin-left: auto;margin-right: auto;margin-bottom:10px;width:100%;\"><div class=\"fusion-separator-border sep-single sep-solid\" style=\"--awb-height:20px;--awb-amount:20px;border-color:var(--awb-color3);border-top-width:1px;\"><\/div><\/div><div class=\"fusion-text fusion-text-5\"><p><strong>Ki\u015fisel Hijyen \u00dcr\u00fcnlerini Unutmay\u0131n<\/strong><\/p>\n<p>Yan\u0131n\u0131za alman\u0131z gereken ki\u015fisel hijyen \u00fcr\u00fcnlerini tek bir \u00e7antada toplayabilirsiniz. Ard\u0131ndan bu k\u00fc\u00e7\u00fck \u00e7antay\u0131 valiz cebine bile yerle\u015ftirebilirsiniz. Makyaj malzemelerinizin bir hayli yer kaplad\u0131\u011f\u0131n\u0131 d\u00fc\u015f\u00fcn\u00fcyorsan\u0131z en pratik yolu seyahat setlerinden edinmeniz olacakt\u0131r. Hem bolca se\u00e7enek hem de az yer \u015fahane bir \u00e7\u00f6z\u00fcm de\u011fil mi sizce de?<\/p>\n<\/div><div class=\"fusion-separator fusion-full-width-sep\" style=\"align-self: center;margin-left: auto;margin-right: auto;margin-bottom:10px;width:100%;\"><div class=\"fusion-separator-border sep-single sep-solid\" style=\"--awb-height:20px;--awb-amount:20px;border-color:var(--awb-color3);border-top-width:1px;\"><\/div><\/div><div class=\"fusion-text fusion-text-6\"><p style=\"background: white; margin: 0cm 0cm 15.0pt 0cm;\"><strong><i><span style=\"font-size: 15.0pt; font-family: 'Lucida Sans Unicode',sans-serif; color: #607d8b;\">Size \u00f6zel fiyat ve se\u00e7enekler i\u00e7in bizimle ileti\u015fime ge\u00e7ebilirsiniz<\/span><\/i><\/strong><i><\/i><\/p>\n<p style=\"background: white; margin: 0cm 0cm 15.0pt 0cm;\"><strong><i><span style=\"font-size: 15.0pt; font-family: 'Lucida Sans Unicode',sans-serif; color: #607d8b;\">0212 560 36 36 sales@delux.com.tr<\/span><\/i><\/strong><\/p>\n<\/div><\/div><\/div><div class=\"fusion-layout-column fusion_builder_column fusion-builder-column-1 fusion_builder_column_1_3 1_3 fusion-flex-column\" style=\"--awb-padding-top:4%;--awb-padding-right:4%;--awb-padding-bottom:4%;--awb-padding-left:4%;--awb-bg-color:#f2f2f2;--awb-bg-color-hover:#f2f2f2;--awb-bg-size:cover;--awb-width-large:33.333333333333%;--awb-margin-top-large:0px;--awb-spacing-right-large:5.76%;--awb-margin-bottom-large:0px;--awb-spacing-left-large:3.84%;--awb-width-medium:33.333333333333%;--awb-order-medium:0;--awb-spacing-right-medium:5.76%;--awb-spacing-left-medium:3.84%;--awb-width-small:100%;--awb-order-small:0;--awb-spacing-right-small:1.92%;--awb-spacing-left-small:1.92%;\"><div class=\"fusion-column-wrapper fusion-column-has-shadow fusion-flex-justify-content-flex-start fusion-content-layout-column\"><div class=\"fusion-blog-shortcode fusion-blog-shortcode-1 fusion-blog-archive fusion-blog-layout-grid-wrapper fusion-blog-no\"><style type=\"text\/css\">.fusion-blog-shortcode-1 .fusion-blog-layout-grid .fusion-post-grid{padding:20px;}.fusion-blog-shortcode-1 .fusion-posts-container{margin-left: -20px !important; margin-right:-20px !important;}<\/style><div class=\"fusion-posts-container fusion-posts-container-no fusion-no-meta-info fusion-blog-layout-grid fusion-blog-layout-grid-1 isotope\" data-pages=\"9\" data-grid-col-space=\"40\" style=\"margin: -20px -20px 0;min-height:500px;\"><article id=\"blog-1-post-6830\" class=\"fusion-post-grid post-6830 post type-post status-publish format-standard has-post-thumbnail hentry category-tatil-hakkinda tag-akyaka tag-assos tag-bozburun tag-datca tag-kabak-koyu tag-pratik-bilgi\">\n<div class=\"fusion-post-wrapper\" style=\"background-color:rgba(255,255,255,0);border:1px solid var(--awb-color2);border-bottom-width:3px;\">\n\n\t\t\t<div class=\"fusion-flexslider flexslider fusion-flexslider-loading fusion-post-slideshow\" style=\"border-color:var(--awb-color2);\">\n\t\t<ul class=\"slides\">\n\t\t\t\n\t\t\t\t\t\t\t\t\t\t\t\t\t\t<li><div  class=\"fusion-image-wrapper\" aria-haspopup=\"true\">\n\t\t\t\t\t\t\t<a href=\"https:\/\/delux.com.tr\/dt\/tatil-hakkinda\/turkiyenin-en-gizli-kalinacak-tatil-yerleri-kesfedilmeyi-bekleyen-cennetler\/\" aria-label=\"T\u00dcRK\u0130YE\u2019N\u0130N EN G\u0130ZL\u0130 KALINACAK TAT\u0130L YERLER\u0130: KE\u015eFED\u0130LMEY\u0130 BEKLEYEN CENNETLER\">\n\t\t\t\t\t\t\t<img decoding=\"async\" width=\"800\" height=\"627\" src=\"https:\/\/delux.com.tr\/dt\/wp-content\/uploads\/2024\/11\/Akyaka-yavas-yasami-sevenler-icin-dogayla-uyumlu-bir-tatil-sunuyor.jpg\" class=\"attachment-full size-full lazyload wp-post-image\" alt=\"\" srcset=\"data:image\/svg+xml,%3Csvg%20xmlns%3D%27http%3A%2F%2Fwww.w3.org%2F2000%2Fsvg%27%20width%3D%27800%27%20height%3D%27627%27%20viewBox%3D%270%200%20800%20627%27%3E%3Crect%20width%3D%27800%27%20height%3D%27627%27%20fill-opacity%3D%220%22%2F%3E%3C%2Fsvg%3E\" data-orig-src=\"https:\/\/delux.com.tr\/dt\/wp-content\/uploads\/2024\/11\/Akyaka-yavas-yasami-sevenler-icin-dogayla-uyumlu-bir-tatil-sunuyor.jpg\" data-srcset=\"https:\/\/delux.com.tr\/dt\/wp-content\/uploads\/2024\/11\/Akyaka-yavas-yasami-sevenler-icin-dogayla-uyumlu-bir-tatil-sunuyor-200x157.jpg 200w, https:\/\/delux.com.tr\/dt\/wp-content\/uploads\/2024\/11\/Akyaka-yavas-yasami-sevenler-icin-dogayla-uyumlu-bir-tatil-sunuyor-400x314.jpg 400w, https:\/\/delux.com.tr\/dt\/wp-content\/uploads\/2024\/11\/Akyaka-yavas-yasami-sevenler-icin-dogayla-uyumlu-bir-tatil-sunuyor-600x470.jpg 600w, https:\/\/delux.com.tr\/dt\/wp-content\/uploads\/2024\/11\/Akyaka-yavas-yasami-sevenler-icin-dogayla-uyumlu-bir-tatil-sunuyor.jpg 800w\" data-sizes=\"auto\" \/>\t\t\t<\/a>\n\t\t\t\t\t\t\t<\/div>\n<\/li>\n\t\t\t\n\t\t\t\n\t\t\t\t\t\t\t\t\t\t\t\t\t\t\t\t\t\t\t\t\t\t\t\t\t\t\t\t\t\t\t\t\t\t\t\t\t\t\t\t\t\t\t\t\t\t\t\t\t\t\t\t\t\t\t\t\t\t\t\t\t\t\t\t\t\t\t\t<\/ul>\n\t<\/div>\n\t<div class=\"fusion-post-content-wrapper\" style=\"padding:30px 25px 25px 25px;\"><div class=\"fusion-post-content post-content\"><h2 class=\"blog-shortcode-post-title entry-title\"><a href=\"https:\/\/delux.com.tr\/dt\/tatil-hakkinda\/turkiyenin-en-gizli-kalinacak-tatil-yerleri-kesfedilmeyi-bekleyen-cennetler\/\">T\u00dcRK\u0130YE\u2019N\u0130N EN G\u0130ZL\u0130 KALINACAK TAT\u0130L YERLER\u0130: KE\u015eFED\u0130LMEY\u0130 BEKLEYEN CENNETLER<\/a><\/h2><\/div><\/div><div class=\"fusion-clearfix\"><\/div><\/div>\n<\/article>\n<article id=\"blog-1-post-6993\" class=\"fusion-post-grid post-6993 post type-post status-publish format-standard has-post-thumbnail hentry category-tatil-hakkinda tag-aile-fotografciligi tag-luks-aile-tatili tag-otel-guvenlgi tag-pratik-bilgi tag-turkiye tag-ultra-luks-tatil\">\n<div class=\"fusion-post-wrapper\" style=\"background-color:rgba(255,255,255,0);border:1px solid var(--awb-color2);border-bottom-width:3px;\">\n\n\t\t\t<div class=\"fusion-flexslider flexslider fusion-flexslider-loading fusion-post-slideshow\" style=\"border-color:var(--awb-color2);\">\n\t\t<ul class=\"slides\">\n\t\t\t\n\t\t\t\t\t\t\t\t\t\t\t\t\t\t<li><div  class=\"fusion-image-wrapper\" aria-haspopup=\"true\">\n\t\t\t\t\t\t\t<a href=\"https:\/\/delux.com.tr\/dt\/tatil-hakkinda\/otel-check-in-ve-check-out-hatalari-tatilinizi-golgeleyebilecek-10-buyuk-yanlis\/\" aria-label=\"OTEL CHECK-\u0130N VE CHECK-OUT HATALARI: TAT\u0130L\u0130N\u0130Z\u0130 G\u00d6LGELEYEB\u0130LECEK 10 B\u00dcY\u00dcK YANLI\u015e\">\n\t\t\t\t\t\t\t<img decoding=\"async\" width=\"800\" height=\"900\" src=\"https:\/\/delux.com.tr\/dt\/wp-content\/uploads\/2025\/06\/delux_turizm1.jpg\" class=\"attachment-full size-full lazyload wp-post-image\" alt=\"\" srcset=\"data:image\/svg+xml,%3Csvg%20xmlns%3D%27http%3A%2F%2Fwww.w3.org%2F2000%2Fsvg%27%20width%3D%27800%27%20height%3D%27900%27%20viewBox%3D%270%200%20800%20900%27%3E%3Crect%20width%3D%27800%27%20height%3D%27900%27%20fill-opacity%3D%220%22%2F%3E%3C%2Fsvg%3E\" data-orig-src=\"https:\/\/delux.com.tr\/dt\/wp-content\/uploads\/2025\/06\/delux_turizm1.jpg\" data-srcset=\"https:\/\/delux.com.tr\/dt\/wp-content\/uploads\/2025\/06\/delux_turizm1-200x225.jpg 200w, https:\/\/delux.com.tr\/dt\/wp-content\/uploads\/2025\/06\/delux_turizm1-400x450.jpg 400w, https:\/\/delux.com.tr\/dt\/wp-content\/uploads\/2025\/06\/delux_turizm1-600x675.jpg 600w, https:\/\/delux.com.tr\/dt\/wp-content\/uploads\/2025\/06\/delux_turizm1.jpg 800w\" data-sizes=\"auto\" \/>\t\t\t<\/a>\n\t\t\t\t\t\t\t<\/div>\n<\/li>\n\t\t\t\n\t\t\t\n\t\t\t\t\t\t\t\t\t\t\t\t\t\t\t\t\t\t\t\t\t\t\t\t\t\t\t\t\t\t\t\t\t\t\t\t\t\t\t\t\t\t\t\t\t\t\t\t\t\t\t\t\t\t\t\t\t\t\t\t\t\t\t\t\t\t\t\t<\/ul>\n\t<\/div>\n\t<div class=\"fusion-post-content-wrapper\" style=\"padding:30px 25px 25px 25px;\"><div class=\"fusion-post-content post-content\"><h2 class=\"blog-shortcode-post-title entry-title\"><a href=\"https:\/\/delux.com.tr\/dt\/tatil-hakkinda\/otel-check-in-ve-check-out-hatalari-tatilinizi-golgeleyebilecek-10-buyuk-yanlis\/\">OTEL CHECK-\u0130N VE CHECK-OUT HATALARI: TAT\u0130L\u0130N\u0130Z\u0130 G\u00d6LGELEYEB\u0130LECEK 10 B\u00dcY\u00dcK YANLI\u015e<\/a><\/h2><\/div><\/div><div class=\"fusion-clearfix\"><\/div><\/div>\n<\/article>\n<article id=\"blog-1-post-6940\" class=\"fusion-post-grid post-6940 post type-post status-publish format-standard has-post-thumbnail hentry category-tatil-hakkinda tag-kisiye-ozel-tatil tag-paris tag-pratik-bilgi tag-singapur tag-turkiye\">\n<div class=\"fusion-post-wrapper\" style=\"background-color:rgba(255,255,255,0);border:1px solid var(--awb-color2);border-bottom-width:3px;\">\n\n\t\t\t<div class=\"fusion-flexslider flexslider fusion-flexslider-loading fusion-post-slideshow\" style=\"border-color:var(--awb-color2);\">\n\t\t<ul class=\"slides\">\n\t\t\t\n\t\t\t\t\t\t\t\t\t\t\t\t\t\t<li><div  class=\"fusion-image-wrapper\" aria-haspopup=\"true\">\n\t\t\t\t\t\t\t<a href=\"https:\/\/delux.com.tr\/dt\/tatil-hakkinda\/zamanin-otesinde-bir-deneyim-tarihi-luks-otellerde-konaklamak\/\" aria-label=\"ZAMANIN \u00d6TES\u0130NDE B\u0130R DENEY\u0130M: TAR\u0130H\u0130 L\u00dcKS OTELLERDE KONAKLAMAK\">\n\t\t\t\t\t\t\t<img decoding=\"async\" width=\"800\" height=\"900\" src=\"https:\/\/delux.com.tr\/dt\/wp-content\/uploads\/2025\/03\/8-Dunyanin-En-Ikonik-Tarihi-Luks-Otelleri.jpg\" class=\"attachment-full size-full lazyload wp-post-image\" alt=\"\" srcset=\"data:image\/svg+xml,%3Csvg%20xmlns%3D%27http%3A%2F%2Fwww.w3.org%2F2000%2Fsvg%27%20width%3D%27800%27%20height%3D%27900%27%20viewBox%3D%270%200%20800%20900%27%3E%3Crect%20width%3D%27800%27%20height%3D%27900%27%20fill-opacity%3D%220%22%2F%3E%3C%2Fsvg%3E\" data-orig-src=\"https:\/\/delux.com.tr\/dt\/wp-content\/uploads\/2025\/03\/8-Dunyanin-En-Ikonik-Tarihi-Luks-Otelleri.jpg\" data-srcset=\"https:\/\/delux.com.tr\/dt\/wp-content\/uploads\/2025\/03\/8-Dunyanin-En-Ikonik-Tarihi-Luks-Otelleri-200x225.jpg 200w, https:\/\/delux.com.tr\/dt\/wp-content\/uploads\/2025\/03\/8-Dunyanin-En-Ikonik-Tarihi-Luks-Otelleri-400x450.jpg 400w, https:\/\/delux.com.tr\/dt\/wp-content\/uploads\/2025\/03\/8-Dunyanin-En-Ikonik-Tarihi-Luks-Otelleri-600x675.jpg 600w, https:\/\/delux.com.tr\/dt\/wp-content\/uploads\/2025\/03\/8-Dunyanin-En-Ikonik-Tarihi-Luks-Otelleri.jpg 800w\" data-sizes=\"auto\" \/>\t\t\t<\/a>\n\t\t\t\t\t\t\t<\/div>\n<\/li>\n\t\t\t\n\t\t\t\n\t\t\t\t\t\t\t\t\t\t\t\t\t\t\t\t\t\t\t\t\t\t\t\t\t\t\t\t\t\t\t\t\t\t\t\t\t\t\t\t\t\t\t\t\t\t\t\t\t\t\t\t\t\t\t\t\t\t\t\t\t\t\t\t\t\t\t\t<\/ul>\n\t<\/div>\n\t<div class=\"fusion-post-content-wrapper\" style=\"padding:30px 25px 25px 25px;\"><div class=\"fusion-post-content post-content\"><h2 class=\"blog-shortcode-post-title entry-title\"><a href=\"https:\/\/delux.com.tr\/dt\/tatil-hakkinda\/zamanin-otesinde-bir-deneyim-tarihi-luks-otellerde-konaklamak\/\">ZAMANIN \u00d6TES\u0130NDE B\u0130R DENEY\u0130M: TAR\u0130H\u0130 L\u00dcKS OTELLERDE KONAKLAMAK<\/a><\/h2><\/div><\/div><div class=\"fusion-clearfix\"><\/div><\/div>\n<\/article>\n<article id=\"blog-1-post-6769\" class=\"fusion-post-grid post-6769 post type-post status-publish format-standard has-post-thumbnail hentry category-tatil-hakkinda tag-pratik-bilgi tag-tatil-secimi\">\n<div class=\"fusion-post-wrapper\" style=\"background-color:rgba(255,255,255,0);border:1px solid var(--awb-color2);border-bottom-width:3px;\">\n\n\t\t\t<div class=\"fusion-flexslider flexslider fusion-flexslider-loading fusion-post-slideshow\" style=\"border-color:var(--awb-color2);\">\n\t\t<ul class=\"slides\">\n\t\t\t\n\t\t\t\t\t\t\t\t\t\t\t\t\t\t<li><div  class=\"fusion-image-wrapper\" aria-haspopup=\"true\">\n\t\t\t\t\t\t\t<a href=\"https:\/\/delux.com.tr\/dt\/tatil-hakkinda\/grup-turlari-mi-bireysel-seyahat-mi-hangisi-sizin-icin-daha-uygun\/\" aria-label=\"Grup Turlar\u0131 m\u0131, Bireysel Seyahat mi? Hangisi Sizin \u0130\u00e7in Daha Uygun?\">\n\t\t\t\t\t\t\t<img decoding=\"async\" width=\"800\" height=\"800\" src=\"https:\/\/delux.com.tr\/dt\/wp-content\/uploads\/2024\/09\/tamamen-kisisel-tercihler.jpg\" class=\"attachment-full size-full lazyload wp-post-image\" alt=\"\" srcset=\"data:image\/svg+xml,%3Csvg%20xmlns%3D%27http%3A%2F%2Fwww.w3.org%2F2000%2Fsvg%27%20width%3D%27800%27%20height%3D%27800%27%20viewBox%3D%270%200%20800%20800%27%3E%3Crect%20width%3D%27800%27%20height%3D%27800%27%20fill-opacity%3D%220%22%2F%3E%3C%2Fsvg%3E\" data-orig-src=\"https:\/\/delux.com.tr\/dt\/wp-content\/uploads\/2024\/09\/tamamen-kisisel-tercihler.jpg\" data-srcset=\"https:\/\/delux.com.tr\/dt\/wp-content\/uploads\/2024\/09\/tamamen-kisisel-tercihler-200x200.jpg 200w, https:\/\/delux.com.tr\/dt\/wp-content\/uploads\/2024\/09\/tamamen-kisisel-tercihler-400x400.jpg 400w, https:\/\/delux.com.tr\/dt\/wp-content\/uploads\/2024\/09\/tamamen-kisisel-tercihler-600x600.jpg 600w, https:\/\/delux.com.tr\/dt\/wp-content\/uploads\/2024\/09\/tamamen-kisisel-tercihler.jpg 800w\" data-sizes=\"auto\" \/>\t\t\t<\/a>\n\t\t\t\t\t\t\t<\/div>\n<\/li>\n\t\t\t\n\t\t\t\n\t\t\t\t\t\t\t\t\t\t\t\t\t\t\t\t\t\t\t\t\t\t\t\t\t\t\t\t\t\t\t\t\t\t\t\t\t\t\t\t\t\t\t\t\t\t\t\t\t\t\t\t\t\t\t\t\t\t\t\t\t\t\t\t\t\t\t\t<\/ul>\n\t<\/div>\n\t<div class=\"fusion-post-content-wrapper\" style=\"padding:30px 25px 25px 25px;\"><div class=\"fusion-post-content post-content\"><h2 class=\"blog-shortcode-post-title entry-title\"><a href=\"https:\/\/delux.com.tr\/dt\/tatil-hakkinda\/grup-turlari-mi-bireysel-seyahat-mi-hangisi-sizin-icin-daha-uygun\/\">Grup Turlar\u0131 m\u0131, Bireysel Seyahat mi? Hangisi Sizin \u0130\u00e7in Daha Uygun?<\/a><\/h2><\/div><\/div><div class=\"fusion-clearfix\"><\/div><\/div>\n<\/article>\n<article id=\"blog-1-post-3590\" class=\"fusion-post-grid post-3590 post type-post status-publish format-standard has-post-thumbnail hentry category-tatil-hakkinda tag-kars tag-kis-tatilleri tag-sarikamis\">\n<div class=\"fusion-post-wrapper\" style=\"background-color:rgba(255,255,255,0);border:1px solid var(--awb-color2);border-bottom-width:3px;\">\n\n\t\t\t<div class=\"fusion-flexslider flexslider fusion-flexslider-loading fusion-post-slideshow\" style=\"border-color:var(--awb-color2);\">\n\t\t<ul class=\"slides\">\n\t\t\t\n\t\t\t\t\t\t\t\t\t\t\t\t\t\t<li><div  class=\"fusion-image-wrapper\" aria-haspopup=\"true\">\n\t\t\t\t\t\t\t<a href=\"https:\/\/delux.com.tr\/dt\/tatil-hakkinda\/bu-kis-sarikamis-kayak-merkezine-gitmeniz-icin-8-neden\/\" aria-label=\"Bu K\u0131\u015f Sar\u0131kam\u0131\u015f Kayak Merkezi&#8217;ne Gitmeniz \u0130\u00e7in 8 Neden\">\n\t\t\t\t\t\t\t<img decoding=\"async\" width=\"600\" height=\"401\" src=\"https:\/\/delux.com.tr\/dt\/wp-content\/uploads\/2021\/12\/sarikamista-kis-tatili-1.jpg\" class=\"attachment-full size-full lazyload wp-post-image\" alt=\"\" srcset=\"data:image\/svg+xml,%3Csvg%20xmlns%3D%27http%3A%2F%2Fwww.w3.org%2F2000%2Fsvg%27%20width%3D%27600%27%20height%3D%27401%27%20viewBox%3D%270%200%20600%20401%27%3E%3Crect%20width%3D%27600%27%20height%3D%27401%27%20fill-opacity%3D%220%22%2F%3E%3C%2Fsvg%3E\" data-orig-src=\"https:\/\/delux.com.tr\/dt\/wp-content\/uploads\/2021\/12\/sarikamista-kis-tatili-1.jpg\" data-srcset=\"https:\/\/delux.com.tr\/dt\/wp-content\/uploads\/2021\/12\/sarikamista-kis-tatili-1-200x134.jpg 200w, https:\/\/delux.com.tr\/dt\/wp-content\/uploads\/2021\/12\/sarikamista-kis-tatili-1-400x267.jpg 400w, https:\/\/delux.com.tr\/dt\/wp-content\/uploads\/2021\/12\/sarikamista-kis-tatili-1.jpg 600w\" data-sizes=\"auto\" \/>\t\t\t<\/a>\n\t\t\t\t\t\t\t<\/div>\n<\/li>\n\t\t\t\n\t\t\t\n\t\t\t\t\t\t\t\t\t\t\t\t\t\t\t\t\t\t\t\t\t\t\t\t\t\t\t\t\t\t\t\t\t\t\t\t\t\t\t\t\t\t\t\t\t\t\t\t\t\t\t\t\t\t\t\t\t\t\t\t\t\t\t\t\t\t\t\t<\/ul>\n\t<\/div>\n\t<div class=\"fusion-post-content-wrapper\" style=\"padding:30px 25px 25px 25px;\"><div class=\"fusion-post-content post-content\"><h2 class=\"blog-shortcode-post-title entry-title\"><a href=\"https:\/\/delux.com.tr\/dt\/tatil-hakkinda\/bu-kis-sarikamis-kayak-merkezine-gitmeniz-icin-8-neden\/\">Bu K\u0131\u015f Sar\u0131kam\u0131\u015f Kayak Merkezi&#8217;ne Gitmeniz \u0130\u00e7in 8 Neden<\/a><\/h2><\/div><\/div><div class=\"fusion-clearfix\"><\/div><\/div>\n<\/article>\n<div class=\"fusion-clearfix\"><\/div><\/div><\/div><div class=\"fusion-text fusion-text-7\"><p>&#8211; Yolculu\u011funuzun her ola\u011fan\u00fcst\u00fc detay\u0131n \u00f6zenle se\u00e7ilmi\u015f olmas\u0131<\/p>\n<p>&#8211; Kusursuz bir \u015fekilde uygulanan, el yap\u0131m\u0131, esnek ve kusursuz g\u00fczergahlar<\/p>\n<p>&#8211; Egzotik destinasyonlarda uzman\u0131<\/p>\n<p>&#8211; Ola\u011fan\u00fcst\u00fc hizmet ve detaylara tavizsiz \u00f6zen<\/p>\n<p>&#8211; \u00c7iftler, aileler ve k\u00fc\u00e7\u00fck gruplar i\u00e7in m\u00fckemmel \u00f6zel yolculuklar<\/p>\n<p>&#8211; Kendi kal\u0131\u015f tarihinizi se\u00e7me \u00f6zg\u00fcrl\u00fc\u011f\u00fc<\/p>\n<p>&#8211; Tamamen \u00f6zelle\u015ftirilebilir deneyimler<\/p>\n<\/div><div class=\"fusion-text fusion-text-8\"><p><strong>Otel ve Tur Sat\u0131\u015f<\/strong><br \/><a href=\"mailto:sales@delux.com.tr\">sales@delux.com.tr<\/a> &#8211; <a href=\"telto:+905559637216\">0555 963 7216<\/a><\/p>\n<\/div><\/div><\/div><\/div><\/div>\n","protected":false},"excerpt":{"rendered":"<p>Yaz mevsiminde incecik giysilerle valiz yapmak ne kadar kolaysa k\u0131\u015f aylar\u0131nda kal\u0131n giysileri yerle\u015ftirmek bir o kadar zorlay\u0131c\u0131 olabilir. Hele ki \u00e7\u0131kt\u0131\u011f\u0131n\u0131z bir i\u015f seyahati ise giysileri \u00fct\u00fcs\u00fc bozulmayacak \u015fekilde nas\u0131l yerle\u015ftirece\u011finizi d\u00fc\u015f\u00fcn\u00fcrken bir de bunlar\u0131 k\u00fc\u00e7\u00fcc\u00fck bir valize nas\u0131l s\u0131\u011fd\u0131raca\u011f\u0131n\u0131z i\u015fleri biraz daha kar\u0131\u015ft\u0131r\u0131yor olabilir. Asl\u0131nda olduk\u00e7a basit birka\u00e7 kural\u0131 var, haydi gelin birlikte bakal\u0131m\u2026<\/p>\n","protected":false},"author":1,"featured_media":5564,"comment_status":"open","ping_status":"open","sticky":false,"template":"","format":"standard","meta":{"footnotes":""},"categories":[9],"tags":[92,256,346],"class_list":["post-3623","post","type-post","status-publish","format-standard","has-post-thumbnail","hentry","category-tatil-hakkinda","tag-bavul-hazirlama","tag-kis-tatilleri","tag-pratik-bilgi"],"_links":{"self":[{"href":"https:\/\/delux.com.tr\/dt\/wp-json\/wp\/v2\/posts\/3623","targetHints":{"allow":["GET"]}}],"collection":[{"href":"https:\/\/delux.com.tr\/dt\/wp-json\/wp\/v2\/posts"}],"about":[{"href":"https:\/\/delux.com.tr\/dt\/wp-json\/wp\/v2\/types\/post"}],"author":[{"embeddable":true,"href":"https:\/\/delux.com.tr\/dt\/wp-json\/wp\/v2\/users\/1"}],"replies":[{"embeddable":true,"href":"https:\/\/delux.com.tr\/dt\/wp-json\/wp\/v2\/comments?post=3623"}],"version-history":[{"count":2,"href":"https:\/\/delux.com.tr\/dt\/wp-json\/wp\/v2\/posts\/3623\/revisions"}],"predecessor-version":[{"id":5565,"href":"https:\/\/delux.com.tr\/dt\/wp-json\/wp\/v2\/posts\/3623\/revisions\/5565"}],"wp:featuredmedia":[{"embeddable":true,"href":"https:\/\/delux.com.tr\/dt\/wp-json\/wp\/v2\/media\/5564"}],"wp:attachment":[{"href":"https:\/\/delux.com.tr\/dt\/wp-json\/wp\/v2\/media?parent=3623"}],"wp:term":[{"taxonomy":"category","embeddable":true,"href":"https:\/\/delux.com.tr\/dt\/wp-json\/wp\/v2\/categories?post=3623"},{"taxonomy":"post_tag","embeddable":true,"href":"https:\/\/delux.com.tr\/dt\/wp-json\/wp\/v2\/tags?post=3623"}],"curies":[{"name":"wp","href":"https:\/\/api.w.org\/{rel}","templated":true}]}}