{"id":3590,"date":"2021-12-21T15:13:21","date_gmt":"2021-12-21T12:13:21","guid":{"rendered":"https:\/\/delux.com.tr\/tr\/?p=3590"},"modified":"2023-09-12T12:54:00","modified_gmt":"2023-09-12T09:54:00","slug":"bu-kis-sarikamis-kayak-merkezine-gitmeniz-icin-8-neden","status":"publish","type":"post","link":"https:\/\/delux.com.tr\/dt\/tatil-hakkinda\/bu-kis-sarikamis-kayak-merkezine-gitmeniz-icin-8-neden\/","title":{"rendered":"Bu K\u0131\u015f Sar\u0131kam\u0131\u015f Kayak Merkezi&#8217;ne Gitmeniz \u0130\u00e7in 8 Neden"},"content":{"rendered":"<div class=\"fusion-fullwidth fullwidth-box fusion-builder-row-1 fusion-flex-container nonhundred-percent-fullwidth non-hundred-percent-height-scrolling\" style=\"--awb-border-radius-top-left:0px;--awb-border-radius-top-right:0px;--awb-border-radius-bottom-right:0px;--awb-border-radius-bottom-left:0px;--awb-flex-wrap:wrap;\" ><div class=\"fusion-builder-row fusion-row fusion-flex-align-items-flex-start fusion-flex-content-wrap\" style=\"max-width:1414.4px;margin-left: calc(-4% \/ 2 );margin-right: calc(-4% \/ 2 );\"><div class=\"fusion-layout-column fusion_builder_column fusion-builder-column-0 fusion_builder_column_2_3 2_3 fusion-flex-column\" style=\"--awb-bg-size:cover;--awb-width-large:66.666666666667%;--awb-margin-top-large:0px;--awb-spacing-right-large:3.84%;--awb-margin-bottom-large:0px;--awb-spacing-left-large:2.88%;--awb-width-medium:66.666666666667%;--awb-spacing-right-medium:3.84%;--awb-spacing-left-medium:2.88%;--awb-width-small:100%;--awb-spacing-right-small:1.92%;--awb-spacing-left-small:1.92%;\"><div class=\"fusion-column-wrapper fusion-flex-justify-content-flex-start fusion-content-layout-column\"><div class=\"fusion-text fusion-text-1\"><p><strong>Sar\u0131kam\u0131\u015f Kayak Merkezi Nerede?<\/strong><\/p>\n<p>D\u00fcnyaca \u00fcnl\u00fc pistleriyle her y\u0131l yerli turistin yan\u0131 s\u0131ra yabanc\u0131 turistlerin de oda\u011f\u0131nda olan Sar\u0131kam\u0131\u015f Kayak Merkezi, Kars ilinin s\u0131n\u0131rlar\u0131 i\u00e7inde yer al\u0131yor. Sar\u0131kam\u0131\u015f il\u00e7e merkezine 4, Kars \u015fehir merkezine ise 60 kilometre uzakl\u0131kta bulunan bu kayak merkezinde olduk\u00e7a keyifli bir k\u0131\u015f tatili sizi bekliyor.<\/p>\n<\/div><div class=\"fusion-separator fusion-full-width-sep\" style=\"align-self: center;margin-left: auto;margin-right: auto;margin-bottom:10px;width:100%;\"><div class=\"fusion-separator-border sep-single sep-solid\" style=\"--awb-height:20px;--awb-amount:20px;border-color:var(--awb-color3);border-top-width:1px;\"><\/div><\/div><div class=\"fusion-text fusion-text-2\"><p><strong>Sar\u0131kam\u0131\u015f Kayak Merkezi\u2019ne Nas\u0131l Gidilir?<\/strong><\/p>\n<p><strong>K\u0131\u015f turizminin \u00f6ne \u00e7\u0131kan destinasyonlar\u0131 aras\u0131nda h\u0131zla y\u00fckselen Sar\u0131kam\u0131\u015f Kayak Merkezi\u2019ne ula\u015f\u0131m olduk\u00e7a kolay.\u00a0<\/strong>Kars\u2019a uzak mesafede bulunan bir \u015fehirden gelecekseniz zaman tasarrufu bak\u0131m\u0131ndan en avantajl\u0131s\u0131 hava yolu alternatifini de\u011ferlendirmeniz olacakt\u0131r. Bir\u00e7ok ilden direkt u\u00e7u\u015fun oldu\u011fu Kars Havaliman\u0131\u2019na ini\u015f yapt\u0131ktan sonra ara\u00e7 kiralayarak ya da taksi ile Sar\u0131kam\u0131\u015f Kayak Merkezi\u2019ne ula\u015fabilirsiniz. \u015eehirleraras\u0131 otob\u00fcs yolcu\u011fu yapacaksan\u0131z da Sar\u0131kam\u0131\u015f Otogar\u0131\u2019ndan kayak merkezine giden dolmu\u015f ve taksilerden faydalanabilirsiniz. Di\u011fer yandan buraya ula\u015fmak i\u00e7in tren yolunu tercih edecekseniz her g\u00fcn Ankara\u2019dan hareket eden Do\u011fu Ekspresi\u2019ni kullanabilirsiniz. Sar\u0131kam\u0131\u015f \u0130stasyonu\u2019nda inerek olduk\u00e7a k\u0131sa bir s\u00fcre i\u00e7inde taksi ya da dolmu\u015fla kayak merkezine ula\u015fabilirsiniz.<\/p>\n<\/div><div class=\"fusion-separator fusion-full-width-sep\" style=\"align-self: center;margin-left: auto;margin-right: auto;margin-bottom:10px;width:100%;\"><div class=\"fusion-separator-border sep-single sep-solid\" style=\"--awb-height:20px;--awb-amount:20px;border-color:var(--awb-color3);border-top-width:1px;\"><\/div><\/div><div class=\"fusion-text fusion-text-3\"><p><strong>Sar\u0131kam\u0131\u015f Kayak Merkezi\u2019nde Konaklama<\/strong><\/p>\n<p>Sar\u0131kam\u0131\u015f Kayak Merkezi\u2019nde bulunan konaklama tesislerinde k\u0131\u015f sezonu 15 Kas\u0131m tarihinde a\u00e7\u0131l\u0131yor. \u00c7e\u015fitli konaklama f\u0131rsatlar\u0131 bulunan oteller b\u00f6lgesinde yar\u0131 pansiyonun yan\u0131 s\u0131ra 5 y\u0131ld\u0131zl\u0131 oteller de yer al\u0131yor. Burada bulunan tesislerde 500\u2019\u00fcn \u00fczerinde oda 1300\u2019\u00fcn \u00fczerinde ise yatak kapasitesi bulunuyor.<\/p>\n<p><strong>1- Sar\u0131kam\u0131\u015f\u2019ta Kar Sezonu 5 Ay S\u00fcr\u00fcyor<\/strong><\/p>\n<p>Beyaz \u00f6rt\u00fcn\u00fcn olduk\u00e7a uzun s\u00fcre yerde kald\u0131\u011f\u0131 Sar\u0131kam\u0131\u015f\u2019a aral\u0131k ay\u0131n\u0131n ba\u015f\u0131ndan itibaren kristal kar serilmeye ba\u015fl\u0131yor, nisan ay\u0131nda ise sona eriyor. K\u0131sacas\u0131 ortalama 141 g\u00fcn kar\u0131n g\u00f6r\u00fcld\u00fc\u011f\u00fc Sar\u0131kam\u0131\u015f\u2019ta k\u0131\u015f tatili epey uzun s\u00fcr\u00fcyor. Sar\u0131kam\u0131\u015f\u2019a aral\u0131k ba\u015f\u0131 ya da mart sonu gitmeyi d\u00fc\u015f\u00fcn\u00fcyorsan\u0131z konaklama yapt\u0131\u011f\u0131n\u0131z oteli aray\u0131p kar\u0131n durumunu \u00f6\u011frenmekte fayda var.<img decoding=\"async\" class=\"lazyload aligncenter size-full wp-image-3592\" src=\"data:image\/svg+xml,%3Csvg%20xmlns%3D%27http%3A%2F%2Fwww.w3.org%2F2000%2Fsvg%27%20width%3D%27600%27%20height%3D%27401%27%20viewBox%3D%270%200%20600%20401%27%3E%3Crect%20width%3D%27600%27%20height%3D%27401%27%20fill-opacity%3D%220%22%2F%3E%3C%2Fsvg%3E\" data-orig-src=\"https:\/\/delux.com.tr\/dt\/wp-content\/uploads\/2022\/01\/sarikamista-kis-tatili-1.jpg\" alt=\"\" width=\"600\" height=\"401\" \/><\/p>\n<\/div><div class=\"fusion-separator fusion-full-width-sep\" style=\"align-self: center;margin-left: auto;margin-right: auto;margin-bottom:10px;width:100%;\"><div class=\"fusion-separator-border sep-single sep-solid\" style=\"--awb-height:20px;--awb-amount:20px;border-color:var(--awb-color3);border-top-width:1px;\"><\/div><\/div><div class=\"fusion-text fusion-text-4\"><p><strong>2- Kristal Kar: Kayak \u0130\u00e7in En \u0130deali<\/strong><\/p>\n<p>Kayak sporunu yapmak i\u00e7in en ideal kar olarak g\u00f6sterilen kristal kar d\u00fcnya \u00fczerinde yaln\u0131zca iki yerde bulunuyor. Bunlardan birisi Alpler iken di\u011feri de Sar\u0131kam\u0131\u015f. Kristal kar\u0131n \u00f6zelli\u011fi ise kar\u0131n ya\u011fd\u0131\u011f\u0131 b\u00f6lgede nem oran\u0131n d\u00fc\u015f\u00fck olmas\u0131ndan dolay\u0131 ya\u011fan kar\u0131n buzlanmadan ya\u011fd\u0131\u011f\u0131 andaki hali ile yani kristalize durumunu korumas\u0131. B\u00f6ylelikle toz halinde olan kristal kar sulanm\u0131yor haliyle de kayak i\u00e7in olduk\u00e7a ideal bir formda kal\u0131yor. Snowboardcu ve offpist\u00e7ilerin \u00f6zellikle tercih etti\u011fi Sar\u0131kam\u0131\u015f hem kar kalitesi hem de \u00f6ne \u00e7\u0131kan do\u011fal g\u00fczellikleriyle konuklar\u0131na tam bir kayak keyfi sunuyor.<\/p>\n<p><strong>3- Pistleri Her D\u00f6nem Sakin<\/strong><\/p>\n<p>Kristal kar\u0131n b\u00fcy\u00fcleyici g\u00fczelli\u011finin uzun s\u00fcre serili kald\u0131\u011f\u0131 Sar\u0131kam\u0131\u015f\u2019ta pistler olduk\u00e7a sakin. Sar\u0131\u00e7am ormanlar\u0131yla \u00e7evrili e\u015fsiz bir manzarada keyifle kayak yapman\u0131n tad\u0131na varaca\u011f\u0131n\u0131z bu yerde pistlerin genellikle sakin olmas\u0131 kayak keyfini katl\u0131yor.<\/p>\n<p><strong>4- Hava Her Zaman I\u015f\u0131l I\u015f\u0131l<\/strong><\/p>\n<p>Sar\u0131kam\u0131\u015f\u2019\u0131n T\u00fcrkiye\u2019nin en \u00e7ok g\u00fcne\u015f alan yerlerinden birisi oldu\u011funu biliyor musunuz? Bu da havan\u0131n her zaman a\u00e7\u0131k oldu\u011fu ve hava muhalefetine tutulup kayamama \u015fans\u0131n\u0131z\u0131n \u00e7ok d\u00fc\u015f\u00fck oldu\u011fu anlam\u0131na geliyor. Sar\u0131kam\u0131\u015f\u2019ta kar sezonu ba\u015flad\u0131\u011f\u0131nda havan\u0131n g\u00fcne\u015fli olmas\u0131na ra\u011fmen kar\u0131n erimemesi buran\u0131n tercih edilme nedenlerinden birisi. Ayr\u0131ca pistlerde buzlanma ihtimali de olduk\u00e7a d\u00fc\u015f\u00fck.<\/p>\n<p><strong>5- \u00c7am Ormanlar\u0131 Aras\u0131nda Harika Manzara E\u015fli\u011finde Kay\u0131n<\/strong><\/p>\n<p>Sar\u0131kam\u0131\u015f Kayak Merkezi\u2019nde pistlerin etraf\u0131 sar\u0131\u00e7am ormanlar\u0131yla kapl\u0131 bu durum da harika manzaralar\u0131n ortaya \u00e7\u0131kmas\u0131n\u0131 sa\u011fl\u0131yor. Bu maddeye dair harika bir detay daha payla\u015facak olursak sar\u0131\u00e7am ormanlar\u0131 \u00e7\u0131\u011f tehlikesini de bertaraf ediyor. M\u00fcthi\u015f bir manzara e\u015fli\u011finde g\u00fcvenle kayak sporlar\u0131n\u0131 yapmak harika bir tecr\u00fcbe olacakt\u0131r.<img decoding=\"async\" class=\"lazyload aligncenter size-full wp-image-3593\" src=\"data:image\/svg+xml,%3Csvg%20xmlns%3D%27http%3A%2F%2Fwww.w3.org%2F2000%2Fsvg%27%20width%3D%27600%27%20height%3D%27401%27%20viewBox%3D%270%200%20600%20401%27%3E%3Crect%20width%3D%27600%27%20height%3D%27401%27%20fill-opacity%3D%220%22%2F%3E%3C%2Fsvg%3E\" data-orig-src=\"https:\/\/delux.com.tr\/dt\/wp-content\/uploads\/2022\/01\/sarikamista-kis-tatili-2.jpg\" alt=\"\" width=\"600\" height=\"401\" \/><\/p>\n<\/div><div class=\"fusion-separator fusion-full-width-sep\" style=\"align-self: center;margin-left: auto;margin-right: auto;margin-bottom:10px;width:100%;\"><div class=\"fusion-separator-border sep-single sep-solid\" style=\"--awb-height:20px;--awb-amount:20px;border-color:var(--awb-color3);border-top-width:1px;\"><\/div><\/div><div class=\"fusion-text fusion-text-5\"><p><strong>6- Uluslararas\u0131 Tescilli Pistlere Sahip<\/strong><\/p>\n<p>Uzun pistleri de ad\u0131ndan s\u00f6z ettiren Sar\u0131kam\u0131\u015f\u2019ta 7 tane pist bulunuyor. 2200 metreden 2900 metre y\u00fcksekli\u011fe ula\u015fan platolarda uzunluklar\u0131 25 km\u2019ye ula\u015fan kayak pistleri bulunuyor. Birinci etapta 5 adet, a\u015fa\u011f\u0131 do\u011fru inerken 2 adet, Karanl\u0131kdere mevkiinde ise 2 adet daha pist bulunuyor. Pistlerin en uzun 3500 metre uzunlu\u011funa sahipken her seviyede kayak\u00e7\u0131n\u0131n kayabilece\u011fi seviyede pistler bulunuyor. Bunlardan 2\u2019si ba\u015flang\u0131\u00e7 pisti, 1\u2019i acemi pisti, 1\u2019i kolay seviye, 3\u2019\u00fc orta seviye, 2\u2019si ise zor seviye olarak g\u00f6steriliyor. Ayr\u0131ca sporcular\u0131 \u00fcst b\u00f6lgeye ta\u015f\u0131mak i\u00e7in 4 telesiyej bulunuyor ve bunlar\u0131n her birisi 4 ki\u015fiyi ta\u015f\u0131ma kapasitesine sahip.<\/p>\n<p>D\u00fcnyan\u0131n g\u00f6z\u00fcn\u00fcn \u00fcst\u00fcnde olmas\u0131n\u0131 sa\u011flayan bir di\u011fer \u00f6ne \u00e7\u0131kan ayr\u0131nt\u0131 ise Uluslararas\u0131 Kayak Federasyonu \u2013 FIS taraf\u0131ndan tescillenmi\u015f olan 5 kilometre uzunlu\u011fundaki \u2018Crosscountry\u2019 pistine sahip. Ayr\u0131ca buras\u0131 T\u00fcrkiye\u2019deki da\u011f k\u0131za\u011f\u0131na uygun in\u015fa edilmi\u015f ilk kayak pistine de sahip.<\/p>\n<p><strong>7- Sar\u0131kam\u0131\u015f Kayak Merkezi\u2019nde K\u0131\u015f Sporlar\u0131na Doyun<\/strong><\/p>\n<p>\u00d6ne \u00e7\u0131kan avantajlar\u0131yla yeri yabanc\u0131 bir\u00e7ok kayak severin tercih etti\u011fi Sar\u0131kam\u0131\u015f Kayak Merkezi\u2019nde bir\u00e7ok k\u0131\u015f sporunu deneyimleyebilirsiniz. Kayak, snowboard, k\u0131zak, kar motoru gibi aktiviteler \u00f6n plana \u00e7\u0131karken ayn\u0131 zamanda burada bir\u00e7ok organizasyon da d\u00fczenleniyor. K\u0131\u015f oyunlar\u0131, kayak \u015fampiyonalar\u0131 ve di\u011fer etkinlikleri internet ve sosyal medya \u00fczerinden takip edebilirsiniz. Hen\u00fcz kayak yapmay\u0131 bilmiyor ve \u00f6\u011frenmek istiyorsan\u0131z burada uygun fiyata g\u00fcnl\u00fck e\u011fitimler alabilirsiniz. Ekipman\u0131n\u0131z\u0131n olmamas\u0131 da hi\u00e7 sorun de\u011fil, burada t\u00fcm kayak ekipmanlar\u0131n\u0131 kiralama y\u00f6ntemiyle kullanabilirsiniz.<\/p>\n<p><strong>8- Kars Mutfa\u011f\u0131 Lezzetleri Sar\u0131kam\u0131\u015f\u2019ta<\/strong><\/p>\n<p>Yorucu kar sporlar\u0131yla kaslar\u0131n\u0131 besledikten sonra bol lezzetli ve doyurucu Kars mutfa\u011f\u0131n\u0131n dama\u011f\u0131n\u0131 \u015fenlendirmesine kesinlikle \u015fans vermelisin. Kars Sar\u0131kam\u0131\u015f denildi\u011finde akla ilk gelen lezzet elbette kaz eti yemekleri oluyor. Bundan ba\u015fka olarak ku\u015f ekme\u011fi \u00e7orbas\u0131, tuluk peyniri, veliba\u011f, ka\u015f\u0131k salatas\u0131 ve \u00e7a\u015f\u0131r gibi di\u011fer y\u00f6resel lezzetler \u00f6n plana \u00e7\u0131k\u0131yor. Sar\u0131kam\u0131\u015f Kayak Merkezi\u2019nde kald\u0131\u011f\u0131n\u0131z otellerin restoranlar\u0131nda bu lezzetlerle tan\u0131\u015fman\u0131z\u0131 \u00f6neririz.<\/p>\n<\/div><div class=\"fusion-separator fusion-full-width-sep\" style=\"align-self: center;margin-left: auto;margin-right: auto;margin-bottom:10px;width:100%;\"><div class=\"fusion-separator-border sep-single sep-solid\" style=\"--awb-height:20px;--awb-amount:20px;border-color:var(--awb-color3);border-top-width:1px;\"><\/div><\/div><div class=\"fusion-text fusion-text-6\"><p><strong><em>Size \u00f6zel fiyat ve se\u00e7enekler i\u00e7in bizimle ileti\u015fime ge\u00e7ebilirsiniz<\/em><\/strong><\/p>\n<p><strong><em>0212 560 36 36 sales@delux.com.tr<\/em><\/strong><\/p>\n<\/div><\/div><\/div><div class=\"fusion-layout-column fusion_builder_column fusion-builder-column-1 fusion_builder_column_1_3 1_3 fusion-flex-column\" style=\"--awb-padding-top:4%;--awb-padding-right:4%;--awb-padding-bottom:4%;--awb-padding-left:4%;--awb-bg-color:#f2f2f2;--awb-bg-color-hover:#f2f2f2;--awb-bg-size:cover;--awb-width-large:33.333333333333%;--awb-margin-top-large:0px;--awb-spacing-right-large:5.76%;--awb-margin-bottom-large:0px;--awb-spacing-left-large:3.84%;--awb-width-medium:33.333333333333%;--awb-order-medium:0;--awb-spacing-right-medium:5.76%;--awb-spacing-left-medium:3.84%;--awb-width-small:100%;--awb-order-small:0;--awb-spacing-right-small:1.92%;--awb-spacing-left-small:1.92%;\"><div class=\"fusion-column-wrapper fusion-column-has-shadow fusion-flex-justify-content-flex-start fusion-content-layout-column\"><div class=\"fusion-blog-shortcode fusion-blog-shortcode-1 fusion-blog-archive fusion-blog-layout-grid-wrapper fusion-blog-no\"><style type=\"text\/css\">.fusion-blog-shortcode-1 .fusion-blog-layout-grid .fusion-post-grid{padding:20px;}.fusion-blog-shortcode-1 .fusion-posts-container{margin-left: -20px !important; margin-right:-20px !important;}<\/style><div class=\"fusion-posts-container fusion-posts-container-no fusion-no-meta-info fusion-blog-layout-grid fusion-blog-layout-grid-1 isotope\" data-pages=\"3\" data-grid-col-space=\"40\" style=\"margin: -20px -20px 0;min-height:500px;\"><article id=\"blog-1-post-3577\" class=\"fusion-post-grid post-3577 post type-post status-publish format-standard has-post-thumbnail hentry category-tatil-hakkinda tag-amsterdam tag-budapeste tag-kis-tatilleri tag-kopengah tag-napoli tag-noel tag-stokholm\">\n<div class=\"fusion-post-wrapper\" style=\"background-color:rgba(255,255,255,0);border:1px solid var(--awb-color2);border-bottom-width:3px;\">\n\n\t\t\t<div class=\"fusion-flexslider flexslider fusion-flexslider-loading fusion-post-slideshow\" style=\"border-color:var(--awb-color2);\">\n\t\t<ul class=\"slides\">\n\t\t\t\n\t\t\t\t\t\t\t\t\t\t\t\t\t\t<li><div  class=\"fusion-image-wrapper\" aria-haspopup=\"true\">\n\t\t\t\t\t\t\t<a href=\"https:\/\/delux.com.tr\/dt\/tatil-hakkinda\/avrupanin-en-guzel-10-noel-pazari\/\" aria-label=\"Avrupa&#8217;n\u0131n En G\u00fczel 10 Noel Pazar\u0131\">\n\t\t\t\t\t\t\t<img decoding=\"async\" width=\"572\" height=\"382\" src=\"https:\/\/delux.com.tr\/dt\/wp-content\/uploads\/2021\/12\/amsterdam-hollanda.jpg\" class=\"attachment-full size-full lazyload wp-post-image\" alt=\"\" srcset=\"data:image\/svg+xml,%3Csvg%20xmlns%3D%27http%3A%2F%2Fwww.w3.org%2F2000%2Fsvg%27%20width%3D%27572%27%20height%3D%27382%27%20viewBox%3D%270%200%20572%20382%27%3E%3Crect%20width%3D%27572%27%20height%3D%27382%27%20fill-opacity%3D%220%22%2F%3E%3C%2Fsvg%3E\" data-orig-src=\"https:\/\/delux.com.tr\/dt\/wp-content\/uploads\/2021\/12\/amsterdam-hollanda.jpg\" data-srcset=\"https:\/\/delux.com.tr\/dt\/wp-content\/uploads\/2021\/12\/amsterdam-hollanda-200x134.jpg 200w, https:\/\/delux.com.tr\/dt\/wp-content\/uploads\/2021\/12\/amsterdam-hollanda-400x267.jpg 400w, https:\/\/delux.com.tr\/dt\/wp-content\/uploads\/2021\/12\/amsterdam-hollanda.jpg 572w\" data-sizes=\"auto\" \/>\t\t\t<\/a>\n\t\t\t\t\t\t\t<\/div>\n<\/li>\n\t\t\t\n\t\t\t\n\t\t\t\t\t\t\t\t\t\t\t\t\t\t\t\t\t\t\t\t\t\t\t\t\t\t\t\t\t\t\t\t\t\t\t\t\t\t\t\t\t\t\t\t\t\t\t\t\t\t\t\t\t\t\t\t\t\t\t\t\t\t\t\t\t\t\t\t<\/ul>\n\t<\/div>\n\t<div class=\"fusion-post-content-wrapper\" style=\"padding:30px 25px 25px 25px;\"><div class=\"fusion-post-content post-content\"><h2 class=\"blog-shortcode-post-title entry-title\"><a href=\"https:\/\/delux.com.tr\/dt\/tatil-hakkinda\/avrupanin-en-guzel-10-noel-pazari\/\">Avrupa&#8217;n\u0131n En G\u00fczel 10 Noel Pazar\u0131<\/a><\/h2><\/div><\/div><div class=\"fusion-clearfix\"><\/div><\/div>\n<\/article>\n<article id=\"blog-1-post-3595\" class=\"fusion-post-grid post-3595 post type-post status-publish format-standard has-post-thumbnail hentry category-tatil-hakkinda tag-abant tag-antalya tag-buyukada tag-eskisehir tag-kapadokya tag-kartepe tag-kis-tatilleri tag-sirince\">\n<div class=\"fusion-post-wrapper\" style=\"background-color:rgba(255,255,255,0);border:1px solid var(--awb-color2);border-bottom-width:3px;\">\n\n\t\t\t<div class=\"fusion-flexslider flexslider fusion-flexslider-loading fusion-post-slideshow\" style=\"border-color:var(--awb-color2);\">\n\t\t<ul class=\"slides\">\n\t\t\t\n\t\t\t\t\t\t\t\t\t\t\t\t\t\t<li><div  class=\"fusion-image-wrapper\" aria-haspopup=\"true\">\n\t\t\t\t\t\t\t<a href=\"https:\/\/delux.com.tr\/dt\/tatil-hakkinda\/yilbasinda-nereye-gidelim-turkiyenin-en-iyi-yilbasi-rotalari\/\" aria-label=\"Y\u0131lba\u015f\u0131nda Nereye Gidelim: T\u00fcrkiye&#8217;nin En \u0130yi Y\u0131lba\u015f\u0131 Rotalar\u0131\">\n\t\t\t\t\t\t\t<img decoding=\"async\" width=\"600\" height=\"401\" src=\"https:\/\/delux.com.tr\/dt\/wp-content\/uploads\/2021\/12\/alacati-izmir-yeniyil.jpg\" class=\"attachment-full size-full lazyload wp-post-image\" alt=\"\" srcset=\"data:image\/svg+xml,%3Csvg%20xmlns%3D%27http%3A%2F%2Fwww.w3.org%2F2000%2Fsvg%27%20width%3D%27600%27%20height%3D%27401%27%20viewBox%3D%270%200%20600%20401%27%3E%3Crect%20width%3D%27600%27%20height%3D%27401%27%20fill-opacity%3D%220%22%2F%3E%3C%2Fsvg%3E\" data-orig-src=\"https:\/\/delux.com.tr\/dt\/wp-content\/uploads\/2021\/12\/alacati-izmir-yeniyil.jpg\" data-srcset=\"https:\/\/delux.com.tr\/dt\/wp-content\/uploads\/2021\/12\/alacati-izmir-yeniyil-200x134.jpg 200w, https:\/\/delux.com.tr\/dt\/wp-content\/uploads\/2021\/12\/alacati-izmir-yeniyil-400x267.jpg 400w, https:\/\/delux.com.tr\/dt\/wp-content\/uploads\/2021\/12\/alacati-izmir-yeniyil.jpg 600w\" data-sizes=\"auto\" \/>\t\t\t<\/a>\n\t\t\t\t\t\t\t<\/div>\n<\/li>\n\t\t\t\n\t\t\t\n\t\t\t\t\t\t\t\t\t\t\t\t\t\t\t\t\t\t\t\t\t\t\t\t\t\t\t\t\t\t\t\t\t\t\t\t\t\t\t\t\t\t\t\t\t\t\t\t\t\t\t\t\t\t\t\t\t\t\t\t\t\t\t\t\t\t\t\t<\/ul>\n\t<\/div>\n\t<div class=\"fusion-post-content-wrapper\" style=\"padding:30px 25px 25px 25px;\"><div class=\"fusion-post-content post-content\"><h2 class=\"blog-shortcode-post-title entry-title\"><a href=\"https:\/\/delux.com.tr\/dt\/tatil-hakkinda\/yilbasinda-nereye-gidelim-turkiyenin-en-iyi-yilbasi-rotalari\/\">Y\u0131lba\u015f\u0131nda Nereye Gidelim: T\u00fcrkiye&#8217;nin En \u0130yi Y\u0131lba\u015f\u0131 Rotalar\u0131<\/a><\/h2><\/div><\/div><div class=\"fusion-clearfix\"><\/div><\/div>\n<\/article>\n<article id=\"blog-1-post-3649\" class=\"fusion-post-grid post-3649 post type-post status-publish format-standard has-post-thumbnail hentry category-tatil-hakkinda tag-ankara tag-antalya tag-bursa tag-duzce tag-edirne tag-eskisehir tag-kasim-ayi-tatilleri tag-kis-tatilleri\">\n<div class=\"fusion-post-wrapper\" style=\"background-color:rgba(255,255,255,0);border:1px solid var(--awb-color2);border-bottom-width:3px;\">\n\n\t\t\t<div class=\"fusion-flexslider flexslider fusion-flexslider-loading fusion-post-slideshow\" style=\"border-color:var(--awb-color2);\">\n\t\t<ul class=\"slides\">\n\t\t\t\n\t\t\t\t\t\t\t\t\t\t\t\t\t\t<li><div  class=\"fusion-image-wrapper\" aria-haspopup=\"true\">\n\t\t\t\t\t\t\t<a href=\"https:\/\/delux.com.tr\/dt\/tatil-hakkinda\/kasim-ara-tatilinde-ailecek-gidilecek-en-guzel-8-yer\/\" aria-label=\"Kas\u0131m Ara Tatilinde Ailecek Gidilecek En G\u00fczel 8 Yer\">\n\t\t\t\t\t\t\t<img decoding=\"async\" width=\"611\" height=\"408\" src=\"https:\/\/delux.com.tr\/dt\/wp-content\/uploads\/2021\/10\/istanbula-yakin-tatil-yerleri-tarakli-edirne.jpg\" class=\"attachment-full size-full lazyload wp-post-image\" alt=\"\" srcset=\"data:image\/svg+xml,%3Csvg%20xmlns%3D%27http%3A%2F%2Fwww.w3.org%2F2000%2Fsvg%27%20width%3D%27611%27%20height%3D%27408%27%20viewBox%3D%270%200%20611%20408%27%3E%3Crect%20width%3D%27611%27%20height%3D%27408%27%20fill-opacity%3D%220%22%2F%3E%3C%2Fsvg%3E\" data-orig-src=\"https:\/\/delux.com.tr\/dt\/wp-content\/uploads\/2021\/10\/istanbula-yakin-tatil-yerleri-tarakli-edirne.jpg\" data-srcset=\"https:\/\/delux.com.tr\/dt\/wp-content\/uploads\/2021\/10\/istanbula-yakin-tatil-yerleri-tarakli-edirne-200x134.jpg 200w, https:\/\/delux.com.tr\/dt\/wp-content\/uploads\/2021\/10\/istanbula-yakin-tatil-yerleri-tarakli-edirne-400x267.jpg 400w, https:\/\/delux.com.tr\/dt\/wp-content\/uploads\/2021\/10\/istanbula-yakin-tatil-yerleri-tarakli-edirne-600x401.jpg 600w, https:\/\/delux.com.tr\/dt\/wp-content\/uploads\/2021\/10\/istanbula-yakin-tatil-yerleri-tarakli-edirne.jpg 611w\" data-sizes=\"auto\" \/>\t\t\t<\/a>\n\t\t\t\t\t\t\t<\/div>\n<\/li>\n\t\t\t\n\t\t\t\n\t\t\t\t\t\t\t\t\t\t\t\t\t\t\t\t\t\t\t\t\t\t\t\t\t\t\t\t\t\t\t\t\t\t\t\t\t\t\t\t\t\t\t\t\t\t\t\t\t\t\t\t\t\t\t\t\t\t\t\t\t\t\t\t\t\t\t\t<\/ul>\n\t<\/div>\n\t<div class=\"fusion-post-content-wrapper\" style=\"padding:30px 25px 25px 25px;\"><div class=\"fusion-post-content post-content\"><h2 class=\"blog-shortcode-post-title entry-title\"><a href=\"https:\/\/delux.com.tr\/dt\/tatil-hakkinda\/kasim-ara-tatilinde-ailecek-gidilecek-en-guzel-8-yer\/\">Kas\u0131m Ara Tatilinde Ailecek Gidilecek En G\u00fczel 8 Yer<\/a><\/h2><\/div><\/div><div class=\"fusion-clearfix\"><\/div><\/div>\n<\/article>\n<article id=\"blog-1-post-2651\" class=\"fusion-post-grid post-2651 post type-post status-publish format-standard has-post-thumbnail hentry category-tatil-hakkinda tag-almanya tag-avrupa tag-garmisch tag-kayak-tatili tag-kis-tatilleri\">\n<div class=\"fusion-post-wrapper\" style=\"background-color:rgba(255,255,255,0);border:1px solid var(--awb-color2);border-bottom-width:3px;\">\n\n\t\t\t<div class=\"fusion-flexslider flexslider fusion-flexslider-loading fusion-post-slideshow\" style=\"border-color:var(--awb-color2);\">\n\t\t<ul class=\"slides\">\n\t\t\t\n\t\t\t\t\t\t\t\t\t\t\t\t\t\t<li><div  class=\"fusion-image-wrapper\" aria-haspopup=\"true\">\n\t\t\t\t\t\t\t<a href=\"https:\/\/delux.com.tr\/dt\/tatil-hakkinda\/garmisch\/\" aria-label=\"Garmisch\">\n\t\t\t\t\t\t\t<img decoding=\"async\" width=\"1365\" height=\"1024\" src=\"https:\/\/delux.com.tr\/dt\/wp-content\/uploads\/2021\/05\/Things-To-Do-in-Garmisch-Partenkirchen.jpeg\" class=\"attachment-full size-full lazyload wp-post-image\" alt=\"\" srcset=\"data:image\/svg+xml,%3Csvg%20xmlns%3D%27http%3A%2F%2Fwww.w3.org%2F2000%2Fsvg%27%20width%3D%271365%27%20height%3D%271024%27%20viewBox%3D%270%200%201365%201024%27%3E%3Crect%20width%3D%271365%27%20height%3D%271024%27%20fill-opacity%3D%220%22%2F%3E%3C%2Fsvg%3E\" data-orig-src=\"https:\/\/delux.com.tr\/dt\/wp-content\/uploads\/2021\/05\/Things-To-Do-in-Garmisch-Partenkirchen.jpeg\" data-srcset=\"https:\/\/delux.com.tr\/dt\/wp-content\/uploads\/2021\/05\/Things-To-Do-in-Garmisch-Partenkirchen-200x150.jpeg 200w, https:\/\/delux.com.tr\/dt\/wp-content\/uploads\/2021\/05\/Things-To-Do-in-Garmisch-Partenkirchen-400x300.jpeg 400w, https:\/\/delux.com.tr\/dt\/wp-content\/uploads\/2021\/05\/Things-To-Do-in-Garmisch-Partenkirchen-600x450.jpeg 600w, https:\/\/delux.com.tr\/dt\/wp-content\/uploads\/2021\/05\/Things-To-Do-in-Garmisch-Partenkirchen-800x600.jpeg 800w, https:\/\/delux.com.tr\/dt\/wp-content\/uploads\/2021\/05\/Things-To-Do-in-Garmisch-Partenkirchen-1200x900.jpeg 1200w, https:\/\/delux.com.tr\/dt\/wp-content\/uploads\/2021\/05\/Things-To-Do-in-Garmisch-Partenkirchen.jpeg 1365w\" data-sizes=\"auto\" \/>\t\t\t<\/a>\n\t\t\t\t\t\t\t<\/div>\n<\/li>\n\t\t\t\n\t\t\t\n\t\t\t\t\t\t\t\t\t\t\t\t\t\t\t\t\t\t\t\t\t\t\t\t\t\t\t\t\t\t\t\t\t\t\t\t\t\t\t\t\t\t\t\t\t\t\t\t\t\t\t\t\t\t\t\t\t\t\t\t\t\t\t\t\t\t\t\t<\/ul>\n\t<\/div>\n\t<div class=\"fusion-post-content-wrapper\" style=\"padding:30px 25px 25px 25px;\"><div class=\"fusion-post-content post-content\"><h2 class=\"blog-shortcode-post-title entry-title\"><a href=\"https:\/\/delux.com.tr\/dt\/tatil-hakkinda\/garmisch\/\">Garmisch<\/a><\/h2><\/div><\/div><div class=\"fusion-clearfix\"><\/div><\/div>\n<\/article>\n<article id=\"blog-1-post-3617\" class=\"fusion-post-grid post-3617 post type-post status-publish format-standard has-post-thumbnail hentry category-tatil-hakkinda tag-asya tag-japonya tag-kaplica tag-kis-tatilleri\">\n<div class=\"fusion-post-wrapper\" style=\"background-color:rgba(255,255,255,0);border:1px solid var(--awb-color2);border-bottom-width:3px;\">\n\n\t\t\t<div class=\"fusion-flexslider flexslider fusion-flexslider-loading fusion-post-slideshow\" style=\"border-color:var(--awb-color2);\">\n\t\t<ul class=\"slides\">\n\t\t\t\n\t\t\t\t\t\t\t\t\t\t\t\t\t\t<li><div  class=\"fusion-image-wrapper\" aria-haspopup=\"true\">\n\t\t\t\t\t\t\t<a href=\"https:\/\/delux.com.tr\/dt\/tatil-hakkinda\/kis-tatili-icin-kaplica-otelleri-neden-iyi-bir-secenek\/\" aria-label=\"K\u0131\u015f Tatili \u0130\u00e7in Kapl\u0131ca Otelleri Neden \u0130yi Bir Se\u00e7enek?\">\n\t\t\t\t\t\t\t<img decoding=\"async\" width=\"800\" height=\"600\" src=\"https:\/\/delux.com.tr\/dt\/wp-content\/uploads\/2021\/11\/kis-tatili-icin-kaplica-neden-onemli-bir-secenek-1.jpg\" class=\"attachment-full size-full lazyload wp-post-image\" alt=\"\" srcset=\"data:image\/svg+xml,%3Csvg%20xmlns%3D%27http%3A%2F%2Fwww.w3.org%2F2000%2Fsvg%27%20width%3D%27800%27%20height%3D%27600%27%20viewBox%3D%270%200%20800%20600%27%3E%3Crect%20width%3D%27800%27%20height%3D%27600%27%20fill-opacity%3D%220%22%2F%3E%3C%2Fsvg%3E\" data-orig-src=\"https:\/\/delux.com.tr\/dt\/wp-content\/uploads\/2021\/11\/kis-tatili-icin-kaplica-neden-onemli-bir-secenek-1.jpg\" data-srcset=\"https:\/\/delux.com.tr\/dt\/wp-content\/uploads\/2021\/11\/kis-tatili-icin-kaplica-neden-onemli-bir-secenek-1-200x150.jpg 200w, https:\/\/delux.com.tr\/dt\/wp-content\/uploads\/2021\/11\/kis-tatili-icin-kaplica-neden-onemli-bir-secenek-1-400x300.jpg 400w, https:\/\/delux.com.tr\/dt\/wp-content\/uploads\/2021\/11\/kis-tatili-icin-kaplica-neden-onemli-bir-secenek-1-600x450.jpg 600w, https:\/\/delux.com.tr\/dt\/wp-content\/uploads\/2021\/11\/kis-tatili-icin-kaplica-neden-onemli-bir-secenek-1.jpg 800w\" data-sizes=\"auto\" \/>\t\t\t<\/a>\n\t\t\t\t\t\t\t<\/div>\n<\/li>\n\t\t\t\n\t\t\t\n\t\t\t\t\t\t\t\t\t\t\t\t\t\t\t\t\t\t\t\t\t\t\t\t\t\t\t\t\t\t\t\t\t\t\t\t\t\t\t\t\t\t\t\t\t\t\t\t\t\t\t\t\t\t\t\t\t\t\t\t\t\t\t\t\t\t\t\t<\/ul>\n\t<\/div>\n\t<div class=\"fusion-post-content-wrapper\" style=\"padding:30px 25px 25px 25px;\"><div class=\"fusion-post-content post-content\"><h2 class=\"blog-shortcode-post-title entry-title\"><a href=\"https:\/\/delux.com.tr\/dt\/tatil-hakkinda\/kis-tatili-icin-kaplica-otelleri-neden-iyi-bir-secenek\/\">K\u0131\u015f Tatili \u0130\u00e7in Kapl\u0131ca Otelleri Neden \u0130yi Bir Se\u00e7enek?<\/a><\/h2><\/div><\/div><div class=\"fusion-clearfix\"><\/div><\/div>\n<\/article>\n<div class=\"fusion-clearfix\"><\/div><\/div><\/div><div class=\"fusion-text fusion-text-7\"><p>&#8211; Yolculu\u011funuzun her ola\u011fan\u00fcst\u00fc detay\u0131n \u00f6zenle se\u00e7ilmi\u015f olmas\u0131<\/p>\n<p>&#8211; Kusursuz bir \u015fekilde uygulanan, el yap\u0131m\u0131, esnek ve kusursuz g\u00fczergahlar<\/p>\n<p>&#8211; Egzotik destinasyonlarda uzman\u0131<\/p>\n<p>&#8211; Ola\u011fan\u00fcst\u00fc hizmet ve detaylara tavizsiz \u00f6zen<\/p>\n<p>&#8211; \u00c7iftler, aileler ve k\u00fc\u00e7\u00fck gruplar i\u00e7in m\u00fckemmel \u00f6zel yolculuklar<\/p>\n<p>&#8211; Kendi kal\u0131\u015f tarihinizi se\u00e7me \u00f6zg\u00fcrl\u00fc\u011f\u00fc<\/p>\n<p>&#8211; Tamamen \u00f6zelle\u015ftirilebilir deneyimler<\/p>\n<\/div><div class=\"fusion-text fusion-text-8\"><p><strong>Otel ve Tur Sat\u0131\u015f<\/strong><br \/>\n<a href=\"mailto:sales@delux.com.tr\">sales@delux.com.tr<\/a> &#8211; <a href=\"telto:+905559637216\">0555 963 7216<\/a><\/p>\n<\/div><\/div><\/div><\/div><\/div>\n","protected":false},"excerpt":{"rendered":"<p>Bu y\u0131l k\u0131\u015f tatilinizi al\u0131\u015f\u0131ld\u0131k rotalar\u0131n d\u0131\u015f\u0131na \u00e7\u0131karmaya ne dersiniz? Size hem ula\u015f\u0131m kolayl\u0131\u011f\u0131, hem pistlerin kalitesi hem de yepyeni bir k\u00fclt\u00fcr tan\u0131ma f\u0131rsat\u0131 sunan Sar\u0131kam\u0131\u015f Kayak Merkezi\u2019ni \u00f6neriyoruz! Detaylar i\u00e7in yaz\u0131m\u0131za buyurun\u2026<\/p>\n","protected":false},"author":1,"featured_media":5539,"comment_status":"open","ping_status":"open","sticky":false,"template":"","format":"standard","meta":{"footnotes":""},"categories":[9],"tags":[238,256,373],"class_list":["post-3590","post","type-post","status-publish","format-standard","has-post-thumbnail","hentry","category-tatil-hakkinda","tag-kars","tag-kis-tatilleri","tag-sarikamis"],"_links":{"self":[{"href":"https:\/\/delux.com.tr\/dt\/wp-json\/wp\/v2\/posts\/3590","targetHints":{"allow":["GET"]}}],"collection":[{"href":"https:\/\/delux.com.tr\/dt\/wp-json\/wp\/v2\/posts"}],"about":[{"href":"https:\/\/delux.com.tr\/dt\/wp-json\/wp\/v2\/types\/post"}],"author":[{"embeddable":true,"href":"https:\/\/delux.com.tr\/dt\/wp-json\/wp\/v2\/users\/1"}],"replies":[{"embeddable":true,"href":"https:\/\/delux.com.tr\/dt\/wp-json\/wp\/v2\/comments?post=3590"}],"version-history":[{"count":1,"href":"https:\/\/delux.com.tr\/dt\/wp-json\/wp\/v2\/posts\/3590\/revisions"}],"predecessor-version":[{"id":5540,"href":"https:\/\/delux.com.tr\/dt\/wp-json\/wp\/v2\/posts\/3590\/revisions\/5540"}],"wp:featuredmedia":[{"embeddable":true,"href":"https:\/\/delux.com.tr\/dt\/wp-json\/wp\/v2\/media\/5539"}],"wp:attachment":[{"href":"https:\/\/delux.com.tr\/dt\/wp-json\/wp\/v2\/media?parent=3590"}],"wp:term":[{"taxonomy":"category","embeddable":true,"href":"https:\/\/delux.com.tr\/dt\/wp-json\/wp\/v2\/categories?post=3590"},{"taxonomy":"post_tag","embeddable":true,"href":"https:\/\/delux.com.tr\/dt\/wp-json\/wp\/v2\/tags?post=3590"}],"curies":[{"name":"wp","href":"https:\/\/api.w.org\/{rel}","templated":true}]}}