{"id":3404,"date":"2021-09-17T14:44:44","date_gmt":"2021-09-17T11:44:44","guid":{"rendered":"https:\/\/delux.com.tr\/tr\/?p=3404"},"modified":"2023-09-14T14:18:59","modified_gmt":"2023-09-14T11:18:59","slug":"boluda-mutlaka-gormeniz-gereken-18-yer","status":"publish","type":"post","link":"https:\/\/delux.com.tr\/dt\/tatil-hakkinda\/boluda-mutlaka-gormeniz-gereken-18-yer\/","title":{"rendered":"Bolu\u2019da Mutlaka G\u00f6rmeniz Gereken 18 Yer"},"content":{"rendered":"<div class=\"fusion-fullwidth fullwidth-box fusion-builder-row-1 fusion-flex-container nonhundred-percent-fullwidth non-hundred-percent-height-scrolling\" style=\"--awb-border-radius-top-left:0px;--awb-border-radius-top-right:0px;--awb-border-radius-bottom-right:0px;--awb-border-radius-bottom-left:0px;--awb-flex-wrap:wrap;\" ><div class=\"fusion-builder-row fusion-row fusion-flex-align-items-flex-start fusion-flex-content-wrap\" style=\"max-width:1414.4px;margin-left: calc(-4% \/ 2 );margin-right: calc(-4% \/ 2 );\"><div class=\"fusion-layout-column fusion_builder_column fusion-builder-column-0 fusion_builder_column_2_3 2_3 fusion-flex-column\" style=\"--awb-bg-size:cover;--awb-width-large:66.666666666667%;--awb-margin-top-large:0px;--awb-spacing-right-large:3.84%;--awb-margin-bottom-large:0px;--awb-spacing-left-large:2.88%;--awb-width-medium:66.666666666667%;--awb-spacing-right-medium:3.84%;--awb-spacing-left-medium:2.88%;--awb-width-small:100%;--awb-spacing-right-small:1.92%;--awb-spacing-left-small:1.92%;\"><div class=\"fusion-column-wrapper fusion-flex-justify-content-flex-start fusion-content-layout-column\"><div class=\"fusion-text fusion-text-1\"><p><strong>1- Abant G\u00f6l\u00fc ve Tabiat Park\u0131<\/strong><\/p>\n<p>Etraf\u0131 \u00e7am ve k\u00f6knar a\u011fa\u00e7lar\u0131 ile \u00e7epe\u00e7evre sar\u0131l\u0131 olan Abant G\u00f6l\u00fc, co\u011frafi olu\u015fum olarak bir heyelan set g\u00f6l\u00fc. G\u00f6z al\u0131c\u0131 g\u00fczelli\u011fi ve dingin atmosferiyle Bolu\u2019da g\u00f6r\u00fclmesi gereken yerler listesinin ba\u015f\u0131nda geliyor. Burada g\u00f6l k\u0131y\u0131s\u0131nda sakin ve uzun y\u00fcr\u00fcy\u00fc\u015fler yapabilir, ilginiz varsa bol bol foto\u011fraf \u00e7ekebilir ve manzaran\u0131n kar\u015f\u0131s\u0131nda bir banka oturup keyifle s\u0131cak \u00e7ay\u0131n\u0131z\u0131 yudumlayabilirsiniz. Di\u011fer yandan ata binebilir ya da bisiklet kiralayabilirsiniz. Abant\u2019a g\u00fcn\u00fcbirlik gelebilece\u011finiz gibi g\u00f6l manzaral\u0131 otellerde de konaklama keyfi yapabilirsiniz.<\/p>\n<p><img decoding=\"async\" class=\"lazyload aligncenter size-full wp-image-3405\" src=\"data:image\/svg+xml,%3Csvg%20xmlns%3D%27http%3A%2F%2Fwww.w3.org%2F2000%2Fsvg%27%20width%3D%27800%27%20height%3D%27500%27%20viewBox%3D%270%200%20800%20500%27%3E%3Crect%20width%3D%27800%27%20height%3D%27500%27%20fill-opacity%3D%220%22%2F%3E%3C%2Fsvg%3E\" data-orig-src=\"https:\/\/delux.com.tr\/dt\/wp-content\/uploads\/2021\/09\/Abant-Golu-ve-Tabiat-Parki.jpg\" alt=\"\" width=\"800\" height=\"500\" \/><\/p>\n<\/div><div class=\"fusion-separator fusion-full-width-sep\" style=\"align-self: center;margin-left: auto;margin-right: auto;margin-bottom:10px;width:100%;\"><div class=\"fusion-separator-border sep-single sep-solid\" style=\"--awb-height:20px;--awb-amount:20px;border-color:var(--awb-color3);border-top-width:1px;\"><\/div><\/div><div class=\"fusion-text fusion-text-2\"><p><strong>2- Yedig\u00f6ller Milli Park\u0131<\/strong><\/p>\n<p>T\u00fcrkiye\u2019nin en g\u00fczel do\u011fa manzaralar\u0131ndan birisine sahip olan\u00a0Yedig\u00f6ller Milli Park\u0131\u2019n\u0131n efsunlu bir ambiyansa sahip oldu\u011funu s\u00f6yleyebiliriz. Kara\u00e7am, me\u015fe ve kay\u0131n ormanlar\u0131n\u0131n aras\u0131nda s\u0131ra s\u0131ra uzanan yedi g\u00f6lden olu\u015fan park\u0131n kamp alanlar\u0131nda \u00e7ad\u0131r\u0131n\u0131z\u0131 kurarak konaklama yapabilirsiniz. Ku\u015f c\u0131v\u0131lt\u0131lar\u0131 ve dingin bir sabaha uyanaca\u011f\u0131n\u0131z Yedig\u00f6ller\u2019de konaklaman\u0131z\u0131 isterseniz bungalov evler ya da butik otellerde de yapabilirsiniz. Sonbahar tatil plan\u0131n\u0131zda do\u011fayla i\u00e7 i\u00e7e uzun y\u00fcr\u00fcy\u00fc\u015fler yapmak, keyifli bir piknik masas\u0131 haz\u0131rlamak, kamp kurmak yer al\u0131yorsa adresiniz kesinlikle Yedig\u00f6ller.<\/p>\n<p><img decoding=\"async\" class=\"lazyload aligncenter size-full wp-image-3406\" src=\"data:image\/svg+xml,%3Csvg%20xmlns%3D%27http%3A%2F%2Fwww.w3.org%2F2000%2Fsvg%27%20width%3D%27800%27%20height%3D%27500%27%20viewBox%3D%270%200%20800%20500%27%3E%3Crect%20width%3D%27800%27%20height%3D%27500%27%20fill-opacity%3D%220%22%2F%3E%3C%2Fsvg%3E\" data-orig-src=\"https:\/\/delux.com.tr\/dt\/wp-content\/uploads\/2021\/09\/yedigoller-milli-parki.jpg\" alt=\"\" width=\"800\" height=\"500\" \/><\/p>\n<\/div><div class=\"fusion-separator fusion-full-width-sep\" style=\"align-self: center;margin-left: auto;margin-right: auto;margin-bottom:10px;width:100%;\"><div class=\"fusion-separator-border sep-single sep-solid\" style=\"--awb-height:20px;--awb-amount:20px;border-color:var(--awb-color3);border-top-width:1px;\"><\/div><\/div><div class=\"fusion-text fusion-text-3\"><p><strong>3- S\u00fcnnet G\u00f6l\u00fc Tabiat Park\u0131<\/strong><\/p>\n<p>2011 y\u0131l\u0131nda tabiat park\u0131 olarak nitelendirilen S\u00fcnnet G\u00f6l\u00fc Tabiat Park\u0131, G\u00f6yn\u00fck\u2019e 22 kilometre uzakl\u0131kta yer al\u0131yor. Koruda\u011f ve Erenler tepeleri aras\u0131nda konumlanan S\u00fcnnet G\u00f6l\u00fc tam olarak 18 hektar b\u00fcy\u00fckl\u00fc\u011f\u00fcnde. Bal\u0131k tutmaktan keyif al\u0131yorsan\u0131z burada mercan ve alabal\u0131k tutabilirsiniz. Konaklama hizmeti de bulunan S\u00fcnnet G\u00f6l\u00fc Tabiat Park\u0131\u2019nda keyifli bir hafta sonu ge\u00e7irebilirsiniz.<\/p>\n<p><img decoding=\"async\" class=\"lazyload aligncenter size-full wp-image-3407\" src=\"data:image\/svg+xml,%3Csvg%20xmlns%3D%27http%3A%2F%2Fwww.w3.org%2F2000%2Fsvg%27%20width%3D%27800%27%20height%3D%27500%27%20viewBox%3D%270%200%20800%20500%27%3E%3Crect%20width%3D%27800%27%20height%3D%27500%27%20fill-opacity%3D%220%22%2F%3E%3C%2Fsvg%3E\" data-orig-src=\"https:\/\/delux.com.tr\/dt\/wp-content\/uploads\/2021\/09\/Sunnet-Golu-Tabiat-Parki.jpg\" alt=\"\" width=\"800\" height=\"500\" \/><\/p>\n<\/div><div class=\"fusion-separator fusion-full-width-sep\" style=\"align-self: center;margin-left: auto;margin-right: auto;margin-bottom:10px;width:100%;\"><div class=\"fusion-separator-border sep-single sep-solid\" style=\"--awb-height:20px;--awb-amount:20px;border-color:var(--awb-color3);border-top-width:1px;\"><\/div><\/div><div class=\"fusion-text fusion-text-4\"><p><strong>4- Alada\u011f G\u00f6ksu Tabiat Park\u0131<\/strong><\/p>\n<p>Tabiat parklar\u0131 a\u00e7\u0131s\u0131ndan zengin bir il olan Bolu\u2019da size \u00f6nerebilece\u011fimiz bir di\u011fer gezi noktas\u0131 Alada\u011f G\u00f6ksu Tabiat Park\u0131. Do\u011faseverlerin vazge\u00e7ilmez destinasyonlar\u0131ndan birisidir. Her mevsim ayr\u0131 bir g\u00fczelli\u011fe sahip olan Alada\u011f G\u00f6ksu\u2019da g\u00f6let ve yayla evleri g\u00fczellikleri ile g\u00f6z al\u0131yor. Burada kamp yapmak isterseniz park\u0131n giri\u015finde bulunan i\u015fletmeden \u00e7ad\u0131r kiralayabilirsiniz.<\/p>\n<p><img decoding=\"async\" class=\"lazyload aligncenter size-full wp-image-3408\" src=\"data:image\/svg+xml,%3Csvg%20xmlns%3D%27http%3A%2F%2Fwww.w3.org%2F2000%2Fsvg%27%20width%3D%27800%27%20height%3D%27500%27%20viewBox%3D%270%200%20800%20500%27%3E%3Crect%20width%3D%27800%27%20height%3D%27500%27%20fill-opacity%3D%220%22%2F%3E%3C%2Fsvg%3E\" data-orig-src=\"https:\/\/delux.com.tr\/dt\/wp-content\/uploads\/2021\/09\/Aladag-Goksu-Tabiat-Parki.jpg\" alt=\"\" width=\"800\" height=\"500\" \/><\/p>\n<\/div><div class=\"fusion-separator fusion-full-width-sep\" style=\"align-self: center;margin-left: auto;margin-right: auto;margin-bottom:10px;width:100%;\"><div class=\"fusion-separator-border sep-single sep-solid\" style=\"--awb-height:20px;--awb-amount:20px;border-color:var(--awb-color3);border-top-width:1px;\"><\/div><\/div><div class=\"fusion-text fusion-text-5\"><p><strong>5- S\u00fcl\u00fckl\u00fc G\u00f6l<\/strong><\/p>\n<p>Bolu\u2019nun bir di\u011fer muhte\u015fem manzaras\u0131na sahip olan do\u011fal g\u00fczelli\u011finden s\u00f6z edecek olursak size S\u00fcl\u00fckl\u00fc G\u00f6l\u2019den bahsetmek isteriz. Deprem sonucu \u00e7\u00f6k\u00fcnt\u00fc ile olu\u015fan g\u00f6l ve \u00e7evresi zengin bir do\u011faya sahip. G\u00fcn\u00fcbirlik olduk\u00e7a keyifli vakit ge\u00e7irebilece\u011finiz S\u00fcl\u00fckl\u00fc G\u00f6l\u2019de isterseniz kamp da kurabilirsiniz. Ancak bunun i\u00e7in \u00f6nceden izin alman\u0131z gerekiyor.<\/p>\n<p><img decoding=\"async\" class=\"lazyload aligncenter size-full wp-image-3409\" src=\"data:image\/svg+xml,%3Csvg%20xmlns%3D%27http%3A%2F%2Fwww.w3.org%2F2000%2Fsvg%27%20width%3D%27800%27%20height%3D%27500%27%20viewBox%3D%270%200%20800%20500%27%3E%3Crect%20width%3D%27800%27%20height%3D%27500%27%20fill-opacity%3D%220%22%2F%3E%3C%2Fsvg%3E\" data-orig-src=\"https:\/\/delux.com.tr\/dt\/wp-content\/uploads\/2021\/09\/Suluklu-Gol.jpg\" alt=\"\" width=\"800\" height=\"500\" \/><\/p>\n<\/div><div class=\"fusion-separator fusion-full-width-sep\" style=\"align-self: center;margin-left: auto;margin-right: auto;margin-bottom:10px;width:100%;\"><div class=\"fusion-separator-border sep-single sep-solid\" style=\"--awb-height:20px;--awb-amount:20px;border-color:var(--awb-color3);border-top-width:1px;\"><\/div><\/div><div class=\"fusion-text fusion-text-6\"><p><strong>6- \u00c7ubuk G\u00f6l\u00fc<\/strong><\/p>\n<p>Deniz seviyesinden 1150 metre y\u00fckseklikte bulunan \u00c7ubuk G\u00f6l\u00fc bir heyelan sonucu olu\u015fan set g\u00f6l\u00fc. Bolu\u2019nun sakl\u0131 cennetlerinden olan g\u00f6l y\u0131l\u0131n her d\u00f6neminde huzur dolu bir atmosfer sunuyor. Kalabal\u0131ktan uzakta, do\u011fan\u0131n i\u00e7inde dinlenmek isterseniz gelebilece\u011finiz noktalardan birisi olan \u00c7ubuk G\u00f6l\u00fc\u2019nde yapabilece\u011finiz bir\u00e7ok aktivite bulunuyor. G\u00f6l\u00fcn etraf\u0131ndaki y\u00fcr\u00fcy\u00fc\u015f park\u0131nda sakince y\u00fcr\u00fcy\u00fc\u015f yapabilece\u011finiz gibi g\u00f6l \u00e7evresinde bulunan t\u0131rman\u0131\u015f gerektiren parkurlarda temponuzun seviyesini art\u0131rabilirsiniz. Ayr\u0131ca g\u00f6l \u00e7evresinde bulunan yel de\u011firmenleri de alan\u0131n atmosferini daha da g\u00fczelle\u015ftiriyor.<\/p>\n<p><img decoding=\"async\" class=\"lazyload aligncenter size-full wp-image-3410\" src=\"data:image\/svg+xml,%3Csvg%20xmlns%3D%27http%3A%2F%2Fwww.w3.org%2F2000%2Fsvg%27%20width%3D%27800%27%20height%3D%27500%27%20viewBox%3D%270%200%20800%20500%27%3E%3Crect%20width%3D%27800%27%20height%3D%27500%27%20fill-opacity%3D%220%22%2F%3E%3C%2Fsvg%3E\" data-orig-src=\"https:\/\/delux.com.tr\/dt\/wp-content\/uploads\/2021\/09\/Cubuk-Golu.jpg\" alt=\"\" width=\"800\" height=\"500\" \/><\/p>\n<\/div><div class=\"fusion-separator fusion-full-width-sep\" style=\"align-self: center;margin-left: auto;margin-right: auto;margin-bottom:10px;width:100%;\"><div class=\"fusion-separator-border sep-single sep-solid\" style=\"--awb-height:20px;--awb-amount:20px;border-color:var(--awb-color3);border-top-width:1px;\"><\/div><\/div><div class=\"fusion-text fusion-text-7\"><p><strong>7- Seben G\u00f6l\u00fc<\/strong><\/p>\n<p>Bolu\u2019nun en b\u00fcy\u00fck g\u00f6llerinden birisi olan Seben G\u00f6l\u00fc\u2019n\u00fcn \u00e7evresi do\u011fas\u0131yla konuklar\u0131n\u0131 cezbediyor. \u00c7evresi ma\u011fara ve ormanlarla \u00e7evrili olan g\u00f6l\u00fcn etraf\u0131nda Frigler d\u00f6neminden kalma tarihi evleri de g\u00f6rebilirsiniz.<\/p>\n<p><img decoding=\"async\" class=\"lazyload aligncenter size-full wp-image-3411\" src=\"data:image\/svg+xml,%3Csvg%20xmlns%3D%27http%3A%2F%2Fwww.w3.org%2F2000%2Fsvg%27%20width%3D%27800%27%20height%3D%27500%27%20viewBox%3D%270%200%20800%20500%27%3E%3Crect%20width%3D%27800%27%20height%3D%27500%27%20fill-opacity%3D%220%22%2F%3E%3C%2Fsvg%3E\" data-orig-src=\"https:\/\/delux.com.tr\/dt\/wp-content\/uploads\/2021\/09\/Seben-Golu.jpg\" alt=\"\" width=\"800\" height=\"500\" \/><\/p>\n<\/div><div class=\"fusion-separator fusion-full-width-sep\" style=\"align-self: center;margin-left: auto;margin-right: auto;margin-bottom:10px;width:100%;\"><div class=\"fusion-separator-border sep-single sep-solid\" style=\"--awb-height:20px;--awb-amount:20px;border-color:var(--awb-color3);border-top-width:1px;\"><\/div><\/div><div class=\"fusion-text fusion-text-8\"><p><strong>8- Akkaya Travertenleri<\/strong><\/p>\n<p>Kentin Pamukkalesi olarak adland\u0131r\u0131lan Akkaya Travertenleri, Bolu\u2019nun ye\u015fil do\u011fas\u0131n\u0131n ortas\u0131nda pamuk beyaz\u0131 travertenleriyle olduk\u00e7a ho\u015f bir kontrast olu\u015fturuyor. Burada keyifli bir y\u00fcr\u00fcy\u00fc\u015f ve ard\u0131ndan piknik keyfi yapabilirsiniz.<\/p>\n<p><img decoding=\"async\" class=\"lazyload aligncenter size-full wp-image-3412\" src=\"data:image\/svg+xml,%3Csvg%20xmlns%3D%27http%3A%2F%2Fwww.w3.org%2F2000%2Fsvg%27%20width%3D%27800%27%20height%3D%27500%27%20viewBox%3D%270%200%20800%20500%27%3E%3Crect%20width%3D%27800%27%20height%3D%27500%27%20fill-opacity%3D%220%22%2F%3E%3C%2Fsvg%3E\" data-orig-src=\"https:\/\/delux.com.tr\/dt\/wp-content\/uploads\/2021\/09\/Akkaya-Travertenleri.jpg\" alt=\"\" width=\"800\" height=\"500\" \/><\/p>\n<\/div><div class=\"fusion-separator fusion-full-width-sep\" style=\"align-self: center;margin-left: auto;margin-right: auto;margin-bottom:10px;width:100%;\"><div class=\"fusion-separator-border sep-single sep-solid\" style=\"--awb-height:20px;--awb-amount:20px;border-color:var(--awb-color3);border-top-width:1px;\"><\/div><\/div><div class=\"fusion-text fusion-text-9\"><p><strong>9- Bolu M\u00fczesi<\/strong><\/p>\n<p>Bolu\u2019nun do\u011fal g\u00fczelliklerinin ard\u0131ndan \u015fehir merkezine do\u011fru indi\u011fimizde size \u015fehrin tarihini yak\u0131ndan g\u00f6rebilece\u011finiz Bolu M\u00fczesi\u2019ni gezmenizi \u00f6neririz. M\u00fczede toplamda 17.058 adet eser sergileniyor.<\/p>\n<p><strong>10- Tabaklar Hamam\u0131<\/strong><\/p>\n<p>\u015eehir merkezinde bulunan bir\u00e7ok hamam Tabaklar Mahallesi\u2019nde konumlanm\u0131\u015f durumda. Bunlardan bulundu\u011fu mahalle ile ayn\u0131 ismi ta\u015f\u0131yan Tabaklar Hamam\u0131, Tahvil Mehmet Pa\u015fa taraf\u0131ndan 16. y\u00fczy\u0131lda in\u015fa edilmi\u015f. Uzun y\u0131llar ayr\u0131 ayr\u0131 kad\u0131nlar ve erkekler hamam\u0131 olarak hizmet sunan yap\u0131 art\u0131k asli amac\u0131n\u0131 yitirmi\u015f. G\u00fcn\u00fcm\u00fczde restoran tarz\u0131 bir i\u015fletme olarak hizmet veren Tabaklar Hamam\u0131\u2019na u\u011fray\u0131p s\u0131cak bir i\u00e7ecek i\u00e7ebilirsiniz.<\/p>\n<\/div><div class=\"fusion-separator fusion-full-width-sep\" style=\"align-self: center;margin-left: auto;margin-right: auto;margin-bottom:10px;width:100%;\"><div class=\"fusion-separator-border sep-single sep-solid\" style=\"--awb-height:20px;--awb-amount:20px;border-color:var(--awb-color3);border-top-width:1px;\"><\/div><\/div><div class=\"fusion-text fusion-text-10\"><p><strong>11- Y\u0131ld\u0131r\u0131m Bayezid Cami<\/strong><\/p>\n<p>Mudurnu\u2019da yer alan Y\u0131ld\u0131r\u0131m Bayezid Cami, 14. y\u00fczy\u0131l\u0131n son d\u00f6nemlerinde k\u00fclliye olarak in\u015fa edilen bir yap\u0131d\u0131r. Osmanl\u0131 mimarisi eserleri i\u00e7inde tek kubbeli plan\u0131n en sade bi\u00e7imde uyguland\u0131\u011f\u0131 \u00f6rneklerden birisi olmas\u0131 nedeniyle di\u011fer d\u00f6nem yap\u0131lar\u0131ndan \u00f6ne \u00e7\u0131kar.<\/p>\n<p><img decoding=\"async\" class=\"lazyload aligncenter size-full wp-image-3413\" src=\"data:image\/svg+xml,%3Csvg%20xmlns%3D%27http%3A%2F%2Fwww.w3.org%2F2000%2Fsvg%27%20width%3D%27800%27%20height%3D%27500%27%20viewBox%3D%270%200%20800%20500%27%3E%3Crect%20width%3D%27800%27%20height%3D%27500%27%20fill-opacity%3D%220%22%2F%3E%3C%2Fsvg%3E\" data-orig-src=\"https:\/\/delux.com.tr\/dt\/wp-content\/uploads\/2021\/09\/Yildirim-Bayezid-Cami.jpg\" alt=\"\" width=\"800\" height=\"500\" \/><\/p>\n<\/div><div class=\"fusion-separator fusion-full-width-sep\" style=\"align-self: center;margin-left: auto;margin-right: auto;margin-bottom:10px;width:100%;\"><div class=\"fusion-separator-border sep-single sep-solid\" style=\"--awb-height:20px;--awb-amount:20px;border-color:var(--awb-color3);border-top-width:1px;\"><\/div><\/div><div class=\"fusion-text fusion-text-11\"><p><strong>12- Ak\u015femseddin T\u00fcrbesi<\/strong><\/p>\n<p>Fatih Sultan Mehmet\u2019in hocas\u0131 olarak bilinen Ak\u015femseddin hem tarihte hem de \u0130slam d\u00fcnyas\u0131nda etki sahibi birisi. 1464 y\u0131l\u0131nda Fatih Sultan Mehmet\u2019in iste\u011fi \u00fczerine yap\u0131lan Ak\u015feddin T\u00fcrbesi, \u00f6zenli ah\u015fap i\u015f\u00e7ili\u011fi ve mimarisi ile dikkat \u00e7ekiyor.<\/p>\n<p><img decoding=\"async\" class=\"lazyload aligncenter size-full wp-image-3414\" src=\"data:image\/svg+xml,%3Csvg%20xmlns%3D%27http%3A%2F%2Fwww.w3.org%2F2000%2Fsvg%27%20width%3D%27800%27%20height%3D%27500%27%20viewBox%3D%270%200%20800%20500%27%3E%3Crect%20width%3D%27800%27%20height%3D%27500%27%20fill-opacity%3D%220%22%2F%3E%3C%2Fsvg%3E\" data-orig-src=\"https:\/\/delux.com.tr\/dt\/wp-content\/uploads\/2021\/09\/Aksemseddin-Turbesi.jpg\" alt=\"\" width=\"800\" height=\"500\" \/><\/p>\n<\/div><div class=\"fusion-separator fusion-full-width-sep\" style=\"align-self: center;margin-left: auto;margin-right: auto;margin-bottom:10px;width:100%;\"><div class=\"fusion-separator-border sep-single sep-solid\" style=\"--awb-height:20px;--awb-amount:20px;border-color:var(--awb-color3);border-top-width:1px;\"><\/div><\/div><div class=\"fusion-text fusion-text-12\"><p><strong>13- Bolu Kapl\u0131calar\u0131<\/strong><\/p>\n<p>Jeolojik \u00f6zellikleri sayesinde \u00e7ok say\u0131da jeotermal su kayna\u011f\u0131na sahip olan Bolu y\u00fczy\u0131llard\u0131r bu nedenle olduk\u00e7a fazla say\u0131da ki\u015finin ziyaretini al\u0131yor. Evliya \u00c7elebi\u2019nin Seyahatnamesi\u2019nde de ismi ge\u00e7en kapl\u0131calardan be\u011feniyle bahsediyor. \u00d6ne \u00e7\u0131kan Bolu kapl\u0131calar\u0131 aras\u0131nda Karacasu Kapl\u0131calar\u0131, Babas Kapl\u0131cas\u0131, Sarot Kapl\u0131cas\u0131, Pavlu (Kesen\u00f6z\u00fc) Kapl\u0131cas\u0131 ile \u00c7atak Kapl\u0131cas\u0131 bulunuyor.<\/p>\n<p><img decoding=\"async\" class=\"lazyload aligncenter size-full wp-image-3415\" src=\"data:image\/svg+xml,%3Csvg%20xmlns%3D%27http%3A%2F%2Fwww.w3.org%2F2000%2Fsvg%27%20width%3D%27800%27%20height%3D%27500%27%20viewBox%3D%270%200%20800%20500%27%3E%3Crect%20width%3D%27800%27%20height%3D%27500%27%20fill-opacity%3D%220%22%2F%3E%3C%2Fsvg%3E\" data-orig-src=\"https:\/\/delux.com.tr\/dt\/wp-content\/uploads\/2021\/09\/Bolu-Kaplicalari.jpg\" alt=\"\" width=\"800\" height=\"500\" \/><\/p>\n<\/div><div class=\"fusion-separator fusion-full-width-sep\" style=\"align-self: center;margin-left: auto;margin-right: auto;margin-bottom:10px;width:100%;\"><div class=\"fusion-separator-border sep-single sep-solid\" style=\"--awb-height:20px;--awb-amount:20px;border-color:var(--awb-color3);border-top-width:1px;\"><\/div><\/div><div class=\"fusion-text fusion-text-13\"><p><strong>14- Kartalkaya Kayak Merkezi<\/strong><\/p>\n<p>K\u0131\u015f sporlar\u0131n\u0131 ve k\u0131\u015f tatilini sevenlerin s\u0131kl\u0131kla tercih etti\u011fi Kartalkaya, k\u0131sa bir hafta sonu tatili i\u00e7in olduk\u00e7a ho\u015f bir ambiyans sunuyor. \u00c7am ormanlar\u0131 aras\u0131nda yer alan kayak merkezinde kar\u0131n manzaras\u0131 ile b\u00fcy\u00fcleyici! Bolu\u2019nun \u00f6zellikle k\u0131\u015f aylar\u0131nda en fazla ziyaret edilen destinasyonlar\u0131ndan birisi olan Kartalkaya\u2019da siz de bembeyaz bir tatilin keyfini \u00e7\u0131karabilirsiniz.<img decoding=\"async\" class=\"lazyload aligncenter size-full wp-image-3416\" src=\"data:image\/svg+xml,%3Csvg%20xmlns%3D%27http%3A%2F%2Fwww.w3.org%2F2000%2Fsvg%27%20width%3D%27800%27%20height%3D%27500%27%20viewBox%3D%270%200%20800%20500%27%3E%3Crect%20width%3D%27800%27%20height%3D%27500%27%20fill-opacity%3D%220%22%2F%3E%3C%2Fsvg%3E\" data-orig-src=\"https:\/\/delux.com.tr\/dt\/wp-content\/uploads\/2021\/09\/Kartalkaya-Kayak-Merkezi.jpg\" alt=\"\" width=\"800\" height=\"500\" \/><\/p>\n<\/div><div class=\"fusion-separator fusion-full-width-sep\" style=\"align-self: center;margin-left: auto;margin-right: auto;margin-bottom:10px;width:100%;\"><div class=\"fusion-separator-border sep-single sep-solid\" style=\"--awb-height:20px;--awb-amount:20px;border-color:var(--awb-color3);border-top-width:1px;\"><\/div><\/div><div class=\"fusion-text fusion-text-14\"><p><strong>15- Mudurnu Evleri<\/strong><\/p>\n<p>Kentsel Sit Alan\u0131 ilan edilen Mudurnu Evleri size kendinizi bir film setindeymi\u015fsiniz gibi hissetmenize neden olacak. Tarihi ve k\u00fclt\u00fcrel \u00f6zelliklerini yak\u0131ndan g\u00f6rebilece\u011finiz b\u00f6lgede \u00f6zellikle Armut\u00e7ular ve Haytalar Konaklar\u0131 dikkat \u00e7ekici ah\u015fap oymalar\u0131 ve tavan s\u00fcslemeleri dikkat \u00e7ekiyor. B\u00f6lgenin nostaljik atmosferini \u00f6z\u00fcmsemek i\u00e7in Bolu\u2019da bir gece konaklaman\u0131z\u0131 Mudurnu\u2019da bulunan butik otellerde yapabilirsiniz.<img decoding=\"async\" class=\"lazyload aligncenter size-full wp-image-3417\" src=\"data:image\/svg+xml,%3Csvg%20xmlns%3D%27http%3A%2F%2Fwww.w3.org%2F2000%2Fsvg%27%20width%3D%27800%27%20height%3D%27500%27%20viewBox%3D%270%200%20800%20500%27%3E%3Crect%20width%3D%27800%27%20height%3D%27500%27%20fill-opacity%3D%220%22%2F%3E%3C%2Fsvg%3E\" data-orig-src=\"https:\/\/delux.com.tr\/dt\/wp-content\/uploads\/2021\/09\/Mudurnu-Evleri.jpg\" alt=\"\" width=\"800\" height=\"500\" \/><\/p>\n<\/div><div class=\"fusion-separator fusion-full-width-sep\" style=\"align-self: center;margin-left: auto;margin-right: auto;margin-bottom:10px;width:100%;\"><div class=\"fusion-separator-border sep-single sep-solid\" style=\"--awb-height:20px;--awb-amount:20px;border-color:var(--awb-color3);border-top-width:1px;\"><\/div><\/div><div class=\"fusion-text fusion-text-15\"><p><strong>16- G\u00f6yn\u00fck Evleri<\/strong><\/p>\n<p>Safranbolu Evleri ile \u00e7ok benzer g\u00f6r\u00fclseler de birbirinden farkl\u0131 \u00f6zelliklere sahip olan G\u00f6yn\u00fck Evleri\u2019ni Bolu ziyaretinizde g\u00f6r\u00fclecekler listenize eklemenizi \u00f6neririz. Mudurnu evleri gibi koruma alt\u0131na al\u0131nan evler 20. y\u00fczy\u0131l\u0131n ba\u015flar\u0131nda in\u015fa edilmi\u015f. G\u00f6yn\u00fck Evleri\u2019ni yak\u0131ndan inceleyebilir, yerel \u00e7ar\u015f\u0131s\u0131nda dola\u015fabilir ve Bolu\u2019nun e\u015fsiz lezzetli yemeklerinden tadabilirsiniz.<img decoding=\"async\" class=\"lazyload aligncenter size-full wp-image-3418\" src=\"data:image\/svg+xml,%3Csvg%20xmlns%3D%27http%3A%2F%2Fwww.w3.org%2F2000%2Fsvg%27%20width%3D%27800%27%20height%3D%27500%27%20viewBox%3D%270%200%20800%20500%27%3E%3Crect%20width%3D%27800%27%20height%3D%27500%27%20fill-opacity%3D%220%22%2F%3E%3C%2Fsvg%3E\" data-orig-src=\"https:\/\/delux.com.tr\/dt\/wp-content\/uploads\/2021\/09\/Goynuk-Evleri.jpg\" alt=\"\" width=\"800\" height=\"500\" \/><\/p>\n<\/div><div class=\"fusion-separator fusion-full-width-sep\" style=\"align-self: center;margin-left: auto;margin-right: auto;margin-bottom:10px;width:100%;\"><div class=\"fusion-separator-border sep-single sep-solid\" style=\"--awb-height:20px;--awb-amount:20px;border-color:var(--awb-color3);border-top-width:1px;\"><\/div><\/div><div class=\"fusion-text fusion-text-16\"><p><strong>17- G\u00f6yn\u00fck Zafer Kulesi<\/strong><\/p>\n<p>Zafer Kulesi, Uluslararas\u0131 Cittaslow yani Sakin \u015eehirler Birli\u011fi\u2019ne kabul edilen G\u00f6yn\u00fck\u2019te bulunuyor. Cumhuriyet d\u00f6nemi ilk kaymakam\u0131 Hur\u015fit Bey taraf\u0131ndan yapt\u0131r\u0131lan yap\u0131, Sakarya Meydan Muharebesi zaferini temsil ediliyor. Kuleye \u00e7\u0131karak b\u00f6lgenin panoramik manzaras\u0131n\u0131 seyre dalabilirsiniz.<\/p>\n<p><img decoding=\"async\" class=\"lazyload aligncenter size-full wp-image-3419\" src=\"data:image\/svg+xml,%3Csvg%20xmlns%3D%27http%3A%2F%2Fwww.w3.org%2F2000%2Fsvg%27%20width%3D%27800%27%20height%3D%27500%27%20viewBox%3D%270%200%20800%20500%27%3E%3Crect%20width%3D%27800%27%20height%3D%27500%27%20fill-opacity%3D%220%22%2F%3E%3C%2Fsvg%3E\" data-orig-src=\"https:\/\/delux.com.tr\/dt\/wp-content\/uploads\/2021\/09\/Goynuk-Zafer-Kulesi.jpg\" alt=\"\" width=\"800\" height=\"500\" \/><\/p>\n<\/div><div class=\"fusion-separator fusion-full-width-sep\" style=\"align-self: center;margin-left: auto;margin-right: auto;margin-bottom:10px;width:100%;\"><div class=\"fusion-separator-border sep-single sep-solid\" style=\"--awb-height:20px;--awb-amount:20px;border-color:var(--awb-color3);border-top-width:1px;\"><\/div><\/div><div class=\"fusion-text fusion-text-17\"><p><strong>18- Seben Kaya Evleri<\/strong><\/p>\n<p>Frigyal\u0131lar d\u00f6neminden g\u00fcn\u00fcm\u00fcze de\u011fin \u00f6zg\u00fcn halini koruyan Seben Kaya Evleri, d\u00fcnyan\u0131n her k\u00f6\u015fesinden ziyaret\u00e7i ak\u0131n\u0131na u\u011fruyor. Di\u011fer yandan tarihi kaya evlerinin hemen yak\u0131n\u0131nda bulunan Seben G\u00f6l\u00fc de tarih ve do\u011fan\u0131n kucakla\u015fmas\u0131n\u0131 sa\u011fl\u0131yor.<img decoding=\"async\" class=\"lazyload aligncenter size-full wp-image-3420\" src=\"data:image\/svg+xml,%3Csvg%20xmlns%3D%27http%3A%2F%2Fwww.w3.org%2F2000%2Fsvg%27%20width%3D%27800%27%20height%3D%27500%27%20viewBox%3D%270%200%20800%20500%27%3E%3Crect%20width%3D%27800%27%20height%3D%27500%27%20fill-opacity%3D%220%22%2F%3E%3C%2Fsvg%3E\" data-orig-src=\"https:\/\/delux.com.tr\/dt\/wp-content\/uploads\/2021\/09\/seben-kaya-evleri.jpg\" alt=\"\" width=\"800\" height=\"500\" \/><\/p>\n<\/div><\/div><\/div><div class=\"fusion-layout-column fusion_builder_column fusion-builder-column-1 fusion_builder_column_1_3 1_3 fusion-flex-column\" style=\"--awb-padding-top:4%;--awb-padding-right:4%;--awb-padding-bottom:4%;--awb-padding-left:4%;--awb-bg-color:#f2f2f2;--awb-bg-color-hover:#f2f2f2;--awb-bg-size:cover;--awb-width-large:33.333333333333%;--awb-margin-top-large:0px;--awb-spacing-right-large:5.76%;--awb-margin-bottom-large:0px;--awb-spacing-left-large:3.84%;--awb-width-medium:33.333333333333%;--awb-order-medium:0;--awb-spacing-right-medium:5.76%;--awb-spacing-left-medium:3.84%;--awb-width-small:100%;--awb-order-small:0;--awb-spacing-right-small:1.92%;--awb-spacing-left-small:1.92%;\"><div class=\"fusion-column-wrapper fusion-column-has-shadow fusion-flex-justify-content-flex-start fusion-content-layout-column\"><div class=\"fusion-blog-shortcode fusion-blog-shortcode-1 fusion-blog-archive fusion-blog-layout-grid-wrapper fusion-blog-no\"><style type=\"text\/css\">.fusion-blog-shortcode-1 .fusion-blog-layout-grid .fusion-post-grid{padding:20px;}.fusion-blog-shortcode-1 .fusion-posts-container{margin-left: -20px !important; margin-right:-20px !important;}<\/style><div class=\"fusion-posts-container fusion-posts-container-no fusion-no-meta-info fusion-blog-layout-grid fusion-blog-layout-grid-1 isotope\" data-pages=\"4\" data-grid-col-space=\"40\" style=\"margin: -20px -20px 0;min-height:500px;\"><article id=\"blog-1-post-4308\" class=\"fusion-post-grid post-4308 post type-post status-publish format-standard has-post-thumbnail hentry category-tatil-hakkinda tag-anadolu tag-aydin tag-bursa tag-canakkale tag-giresun tag-isparta tag-izmir tag-mugla tag-safranbolu\">\n<div class=\"fusion-post-wrapper\" style=\"background-color:rgba(255,255,255,0);border:1px solid var(--awb-color2);border-bottom-width:3px;\">\n\n\t\t\t<div class=\"fusion-flexslider flexslider fusion-flexslider-loading fusion-post-slideshow\" style=\"border-color:var(--awb-color2);\">\n\t\t<ul class=\"slides\">\n\t\t\t\n\t\t\t\t\t\t\t\t\t\t\t\t\t\t<li><div  class=\"fusion-image-wrapper\" aria-haspopup=\"true\">\n\t\t\t\t\t\t\t<a href=\"https:\/\/delux.com.tr\/dt\/tatil-hakkinda\/anadolunun-kesfedilmeyi-bekleyen-birbirinden-muhtesem-12-koyu\/\" aria-label=\"Anadolu\u2019nun Ke\u015ffedilmeyi Bekleyen Birbirinden Muhte\u015fem 12 K\u00f6y\u00fc\">\n\t\t\t\t\t\t\t<img decoding=\"async\" width=\"800\" height=\"500\" src=\"https:\/\/delux.com.tr\/dt\/wp-content\/uploads\/2022\/07\/canakkale-yesilyurt.jpg\" class=\"attachment-full size-full lazyload wp-post-image\" alt=\"\" srcset=\"data:image\/svg+xml,%3Csvg%20xmlns%3D%27http%3A%2F%2Fwww.w3.org%2F2000%2Fsvg%27%20width%3D%27800%27%20height%3D%27500%27%20viewBox%3D%270%200%20800%20500%27%3E%3Crect%20width%3D%27800%27%20height%3D%27500%27%20fill-opacity%3D%220%22%2F%3E%3C%2Fsvg%3E\" data-orig-src=\"https:\/\/delux.com.tr\/dt\/wp-content\/uploads\/2022\/07\/canakkale-yesilyurt.jpg\" data-srcset=\"https:\/\/delux.com.tr\/dt\/wp-content\/uploads\/2022\/07\/canakkale-yesilyurt-200x125.jpg 200w, https:\/\/delux.com.tr\/dt\/wp-content\/uploads\/2022\/07\/canakkale-yesilyurt-400x250.jpg 400w, https:\/\/delux.com.tr\/dt\/wp-content\/uploads\/2022\/07\/canakkale-yesilyurt-600x375.jpg 600w, https:\/\/delux.com.tr\/dt\/wp-content\/uploads\/2022\/07\/canakkale-yesilyurt.jpg 800w\" data-sizes=\"auto\" \/>\t\t\t<\/a>\n\t\t\t\t\t\t\t<\/div>\n<\/li>\n\t\t\t\n\t\t\t\n\t\t\t\t\t\t\t\t\t\t\t\t\t\t\t\t\t\t\t\t\t\t\t\t\t\t\t\t\t\t\t\t\t\t\t\t\t\t\t\t\t\t\t\t\t\t\t\t\t\t\t\t\t\t\t\t\t\t\t\t\t\t\t\t\t\t\t\t<\/ul>\n\t<\/div>\n\t<div class=\"fusion-post-content-wrapper\" style=\"padding:30px 25px 25px 25px;\"><div class=\"fusion-post-content post-content\"><h2 class=\"blog-shortcode-post-title entry-title\"><a href=\"https:\/\/delux.com.tr\/dt\/tatil-hakkinda\/anadolunun-kesfedilmeyi-bekleyen-birbirinden-muhtesem-12-koyu\/\">Anadolu\u2019nun Ke\u015ffedilmeyi Bekleyen Birbirinden Muhte\u015fem 12 K\u00f6y\u00fc<\/a><\/h2><\/div><\/div><div class=\"fusion-clearfix\"><\/div><\/div>\n<\/article>\n<article id=\"blog-1-post-3659\" class=\"fusion-post-grid post-3659 post type-post status-publish format-standard has-post-thumbnail hentry category-tatil-hakkinda tag-abant tag-agva tag-bursa tag-edirne tag-hafta-sonu-tatilleri tag-igneada tag-karagol tag-koycegiz tag-misi-koyu tag-sapanca tag-yedi-goller tag-yurt-ici-tatiller\">\n<div class=\"fusion-post-wrapper\" style=\"background-color:rgba(255,255,255,0);border:1px solid var(--awb-color2);border-bottom-width:3px;\">\n\n\t\t\t<div class=\"fusion-flexslider flexslider fusion-flexslider-loading fusion-post-slideshow\" style=\"border-color:var(--awb-color2);\">\n\t\t<ul class=\"slides\">\n\t\t\t\n\t\t\t\t\t\t\t\t\t\t\t\t\t\t<li><div  class=\"fusion-image-wrapper\" aria-haspopup=\"true\">\n\t\t\t\t\t\t\t<a href=\"https:\/\/delux.com.tr\/dt\/tatil-hakkinda\/bir-hafta-sonu-kacamagi-sonbahar-temali-gezi-rotalari\/\" aria-label=\"Bir Hafta Sonu Ka\u00e7ama\u011f\u0131: Sonbahar Temal\u0131 Gezi Rotalar\u0131\">\n\t\t\t\t\t\t\t<img decoding=\"async\" width=\"710\" height=\"477\" src=\"https:\/\/delux.com.tr\/dt\/wp-content\/uploads\/2021\/10\/koycegi-mugla.jpg\" class=\"attachment-full size-full lazyload wp-post-image\" alt=\"\" srcset=\"data:image\/svg+xml,%3Csvg%20xmlns%3D%27http%3A%2F%2Fwww.w3.org%2F2000%2Fsvg%27%20width%3D%27710%27%20height%3D%27477%27%20viewBox%3D%270%200%20710%20477%27%3E%3Crect%20width%3D%27710%27%20height%3D%27477%27%20fill-opacity%3D%220%22%2F%3E%3C%2Fsvg%3E\" data-orig-src=\"https:\/\/delux.com.tr\/dt\/wp-content\/uploads\/2021\/10\/koycegi-mugla.jpg\" data-srcset=\"https:\/\/delux.com.tr\/dt\/wp-content\/uploads\/2021\/10\/koycegi-mugla-200x134.jpg 200w, https:\/\/delux.com.tr\/dt\/wp-content\/uploads\/2021\/10\/koycegi-mugla-400x269.jpg 400w, https:\/\/delux.com.tr\/dt\/wp-content\/uploads\/2021\/10\/koycegi-mugla-600x403.jpg 600w, https:\/\/delux.com.tr\/dt\/wp-content\/uploads\/2021\/10\/koycegi-mugla.jpg 710w\" data-sizes=\"auto\" \/>\t\t\t<\/a>\n\t\t\t\t\t\t\t<\/div>\n<\/li>\n\t\t\t\n\t\t\t\n\t\t\t\t\t\t\t\t\t\t\t\t\t\t\t\t\t\t\t\t\t\t\t\t\t\t\t\t\t\t\t\t\t\t\t\t\t\t\t\t\t\t\t\t\t\t\t\t\t\t\t\t\t\t\t\t\t\t\t\t\t\t\t\t\t\t\t\t<\/ul>\n\t<\/div>\n\t<div class=\"fusion-post-content-wrapper\" style=\"padding:30px 25px 25px 25px;\"><div class=\"fusion-post-content post-content\"><h2 class=\"blog-shortcode-post-title entry-title\"><a href=\"https:\/\/delux.com.tr\/dt\/tatil-hakkinda\/bir-hafta-sonu-kacamagi-sonbahar-temali-gezi-rotalari\/\">Bir Hafta Sonu Ka\u00e7ama\u011f\u0131: Sonbahar Temal\u0131 Gezi Rotalar\u0131<\/a><\/h2><\/div><\/div><div class=\"fusion-clearfix\"><\/div><\/div>\n<\/article>\n<article id=\"blog-1-post-3753\" class=\"fusion-post-grid post-3753 post type-post status-publish format-standard has-post-thumbnail hentry category-tatil-hakkinda tag-hafta-sonu-tatilleri tag-istanbula-yakin-yerler tag-mudanya\">\n<div class=\"fusion-post-wrapper\" style=\"background-color:rgba(255,255,255,0);border:1px solid var(--awb-color2);border-bottom-width:3px;\">\n\n\t\t\t<div class=\"fusion-flexslider flexslider fusion-flexslider-loading fusion-post-slideshow\" style=\"border-color:var(--awb-color2);\">\n\t\t<ul class=\"slides\">\n\t\t\t\n\t\t\t\t\t\t\t\t\t\t\t\t\t\t<li><div  class=\"fusion-image-wrapper\" aria-haspopup=\"true\">\n\t\t\t\t\t\t\t<a href=\"https:\/\/delux.com.tr\/dt\/tatil-hakkinda\/mudanya-gezi-rehberi\/\" aria-label=\"Mudanya Gezi Rehberi\">\n\t\t\t\t\t\t\t<img decoding=\"async\" width=\"800\" height=\"538\" src=\"https:\/\/delux.com.tr\/dt\/wp-content\/uploads\/2022\/01\/mudanya-tarihcesi-1.jpg\" class=\"attachment-full size-full lazyload wp-post-image\" alt=\"\" srcset=\"data:image\/svg+xml,%3Csvg%20xmlns%3D%27http%3A%2F%2Fwww.w3.org%2F2000%2Fsvg%27%20width%3D%27800%27%20height%3D%27538%27%20viewBox%3D%270%200%20800%20538%27%3E%3Crect%20width%3D%27800%27%20height%3D%27538%27%20fill-opacity%3D%220%22%2F%3E%3C%2Fsvg%3E\" data-orig-src=\"https:\/\/delux.com.tr\/dt\/wp-content\/uploads\/2022\/01\/mudanya-tarihcesi-1.jpg\" data-srcset=\"https:\/\/delux.com.tr\/dt\/wp-content\/uploads\/2022\/01\/mudanya-tarihcesi-1-200x135.jpg 200w, https:\/\/delux.com.tr\/dt\/wp-content\/uploads\/2022\/01\/mudanya-tarihcesi-1-400x269.jpg 400w, https:\/\/delux.com.tr\/dt\/wp-content\/uploads\/2022\/01\/mudanya-tarihcesi-1-600x404.jpg 600w, https:\/\/delux.com.tr\/dt\/wp-content\/uploads\/2022\/01\/mudanya-tarihcesi-1.jpg 800w\" data-sizes=\"auto\" \/>\t\t\t<\/a>\n\t\t\t\t\t\t\t<\/div>\n<\/li>\n\t\t\t\n\t\t\t\n\t\t\t\t\t\t\t\t\t\t\t\t\t\t\t\t\t\t\t\t\t\t\t\t\t\t\t\t\t\t\t\t\t\t\t\t\t\t\t\t\t\t\t\t\t\t\t\t\t\t\t\t\t\t\t\t\t\t\t\t\t\t\t\t\t\t\t\t<\/ul>\n\t<\/div>\n\t<div class=\"fusion-post-content-wrapper\" style=\"padding:30px 25px 25px 25px;\"><div class=\"fusion-post-content post-content\"><h2 class=\"blog-shortcode-post-title entry-title\"><a href=\"https:\/\/delux.com.tr\/dt\/tatil-hakkinda\/mudanya-gezi-rehberi\/\">Mudanya Gezi Rehberi<\/a><\/h2><\/div><\/div><div class=\"fusion-clearfix\"><\/div><\/div>\n<\/article>\n<article id=\"blog-1-post-3767\" class=\"fusion-post-grid post-3767 post type-post status-publish format-standard has-post-thumbnail hentry category-tatil-hakkinda tag-hafta-sonu-tatilleri tag-odessa tag-ukranya\">\n<div class=\"fusion-post-wrapper\" style=\"background-color:rgba(255,255,255,0);border:1px solid var(--awb-color2);border-bottom-width:3px;\">\n\n\t\t\t<div class=\"fusion-flexslider flexslider fusion-flexslider-loading fusion-post-slideshow\" style=\"border-color:var(--awb-color2);\">\n\t\t<ul class=\"slides\">\n\t\t\t\n\t\t\t\t\t\t\t\t\t\t\t\t\t\t<li><div  class=\"fusion-image-wrapper\" aria-haspopup=\"true\">\n\t\t\t\t\t\t\t<a href=\"https:\/\/delux.com.tr\/dt\/tatil-hakkinda\/karadenizin-karsi-kiyisi-odessada-gezilecek-yerler\/\" aria-label=\"Karadeniz\u2019in Kar\u015f\u0131 K\u0131y\u0131s\u0131 Odessa\u2019da Gezilecek Yerler\">\n\t\t\t\t\t\t\t<img decoding=\"async\" width=\"800\" height=\"538\" src=\"https:\/\/delux.com.tr\/dt\/wp-content\/uploads\/2022\/01\/Deribasovskaya-Caddesi-odessa-ukrayna-1.jpg\" class=\"attachment-full size-full lazyload wp-post-image\" alt=\"\" srcset=\"data:image\/svg+xml,%3Csvg%20xmlns%3D%27http%3A%2F%2Fwww.w3.org%2F2000%2Fsvg%27%20width%3D%27800%27%20height%3D%27538%27%20viewBox%3D%270%200%20800%20538%27%3E%3Crect%20width%3D%27800%27%20height%3D%27538%27%20fill-opacity%3D%220%22%2F%3E%3C%2Fsvg%3E\" data-orig-src=\"https:\/\/delux.com.tr\/dt\/wp-content\/uploads\/2022\/01\/Deribasovskaya-Caddesi-odessa-ukrayna-1.jpg\" data-srcset=\"https:\/\/delux.com.tr\/dt\/wp-content\/uploads\/2022\/01\/Deribasovskaya-Caddesi-odessa-ukrayna-1-200x135.jpg 200w, https:\/\/delux.com.tr\/dt\/wp-content\/uploads\/2022\/01\/Deribasovskaya-Caddesi-odessa-ukrayna-1-400x269.jpg 400w, https:\/\/delux.com.tr\/dt\/wp-content\/uploads\/2022\/01\/Deribasovskaya-Caddesi-odessa-ukrayna-1-600x404.jpg 600w, https:\/\/delux.com.tr\/dt\/wp-content\/uploads\/2022\/01\/Deribasovskaya-Caddesi-odessa-ukrayna-1.jpg 800w\" data-sizes=\"auto\" \/>\t\t\t<\/a>\n\t\t\t\t\t\t\t<\/div>\n<\/li>\n\t\t\t\n\t\t\t\n\t\t\t\t\t\t\t\t\t\t\t\t\t\t\t\t\t\t\t\t\t\t\t\t\t\t\t\t\t\t\t\t\t\t\t\t\t\t\t\t\t\t\t\t\t\t\t\t\t\t\t\t\t\t\t\t\t\t\t\t\t\t\t\t\t\t\t\t<\/ul>\n\t<\/div>\n\t<div class=\"fusion-post-content-wrapper\" style=\"padding:30px 25px 25px 25px;\"><div class=\"fusion-post-content post-content\"><h2 class=\"blog-shortcode-post-title entry-title\"><a href=\"https:\/\/delux.com.tr\/dt\/tatil-hakkinda\/karadenizin-karsi-kiyisi-odessada-gezilecek-yerler\/\">Karadeniz\u2019in Kar\u015f\u0131 K\u0131y\u0131s\u0131 Odessa\u2019da Gezilecek Yerler<\/a><\/h2><\/div><\/div><div class=\"fusion-clearfix\"><\/div><\/div>\n<\/article>\n<article id=\"blog-1-post-3507\" class=\"fusion-post-grid post-3507 post type-post status-publish format-standard has-post-thumbnail hentry category-tatil-hakkinda tag-hafta-sonu-tatilleri tag-kartepe\">\n<div class=\"fusion-post-wrapper\" style=\"background-color:rgba(255,255,255,0);border:1px solid var(--awb-color2);border-bottom-width:3px;\">\n\n\t\t\t<div class=\"fusion-flexslider flexslider fusion-flexslider-loading fusion-post-slideshow\" style=\"border-color:var(--awb-color2);\">\n\t\t<ul class=\"slides\">\n\t\t\t\n\t\t\t\t\t\t\t\t\t\t\t\t\t\t<li><div  class=\"fusion-image-wrapper\" aria-haspopup=\"true\">\n\t\t\t\t\t\t\t<a href=\"https:\/\/delux.com.tr\/dt\/tatil-hakkinda\/her-mevsim-bir-baska-guzel-kartepe\/\" aria-label=\"Her Mevsim Bir Ba\u015fka G\u00fczel: Kartepe\">\n\t\t\t\t\t\t\t<img decoding=\"async\" width=\"800\" height=\"534\" src=\"https:\/\/delux.com.tr\/dt\/wp-content\/uploads\/2021\/10\/Kartepe-Kayak-Merkezi-Telesiyejleri-1.jpg\" class=\"attachment-full size-full lazyload wp-post-image\" alt=\"\" srcset=\"data:image\/svg+xml,%3Csvg%20xmlns%3D%27http%3A%2F%2Fwww.w3.org%2F2000%2Fsvg%27%20width%3D%27800%27%20height%3D%27534%27%20viewBox%3D%270%200%20800%20534%27%3E%3Crect%20width%3D%27800%27%20height%3D%27534%27%20fill-opacity%3D%220%22%2F%3E%3C%2Fsvg%3E\" data-orig-src=\"https:\/\/delux.com.tr\/dt\/wp-content\/uploads\/2021\/10\/Kartepe-Kayak-Merkezi-Telesiyejleri-1.jpg\" data-srcset=\"https:\/\/delux.com.tr\/dt\/wp-content\/uploads\/2021\/10\/Kartepe-Kayak-Merkezi-Telesiyejleri-1-200x134.jpg 200w, https:\/\/delux.com.tr\/dt\/wp-content\/uploads\/2021\/10\/Kartepe-Kayak-Merkezi-Telesiyejleri-1-400x267.jpg 400w, https:\/\/delux.com.tr\/dt\/wp-content\/uploads\/2021\/10\/Kartepe-Kayak-Merkezi-Telesiyejleri-1-600x401.jpg 600w, https:\/\/delux.com.tr\/dt\/wp-content\/uploads\/2021\/10\/Kartepe-Kayak-Merkezi-Telesiyejleri-1.jpg 800w\" data-sizes=\"auto\" \/>\t\t\t<\/a>\n\t\t\t\t\t\t\t<\/div>\n<\/li>\n\t\t\t\n\t\t\t\n\t\t\t\t\t\t\t\t\t\t\t\t\t\t\t\t\t\t\t\t\t\t\t\t\t\t\t\t\t\t\t\t\t\t\t\t\t\t\t\t\t\t\t\t\t\t\t\t\t\t\t\t\t\t\t\t\t\t\t\t\t\t\t\t\t\t\t\t<\/ul>\n\t<\/div>\n\t<div class=\"fusion-post-content-wrapper\" style=\"padding:30px 25px 25px 25px;\"><div class=\"fusion-post-content post-content\"><h2 class=\"blog-shortcode-post-title entry-title\"><a href=\"https:\/\/delux.com.tr\/dt\/tatil-hakkinda\/her-mevsim-bir-baska-guzel-kartepe\/\">Her Mevsim Bir Ba\u015fka G\u00fczel: Kartepe<\/a><\/h2><\/div><\/div><div class=\"fusion-clearfix\"><\/div><\/div>\n<\/article>\n<div class=\"fusion-clearfix\"><\/div><\/div><\/div><div class=\"fusion-text fusion-text-18\"><p>&#8211; Yolculu\u011funuzun her ola\u011fan\u00fcst\u00fc detay\u0131n \u00f6zenle se\u00e7ilmi\u015f olmas\u0131<\/p>\n<p>&#8211; Kusursuz bir \u015fekilde uygulanan, el yap\u0131m\u0131, esnek ve kusursuz g\u00fczergahlar<\/p>\n<p>&#8211; Egzotik destinasyonlarda uzman\u0131<\/p>\n<p>&#8211; Ola\u011fan\u00fcst\u00fc hizmet ve detaylara tavizsiz \u00f6zen<\/p>\n<p>&#8211; \u00c7iftler, aileler ve k\u00fc\u00e7\u00fck gruplar i\u00e7in m\u00fckemmel \u00f6zel yolculuklar<\/p>\n<p>&#8211; Kendi kal\u0131\u015f tarihinizi se\u00e7me \u00f6zg\u00fcrl\u00fc\u011f\u00fc<\/p>\n<p>&#8211; Tamamen \u00f6zelle\u015ftirilebilir deneyimler<\/p>\n<\/div><div class=\"fusion-text fusion-text-19\"><p><strong>Otel ve Tur Sat\u0131\u015f<\/strong><br \/>\n<a href=\"mailto:sales@delux.com.tr\">sales@delux.com.tr<\/a> &#8211; <a href=\"telto:+905559637216\">0555 963 7216<\/a><\/p>\n<\/div><\/div><\/div><\/div><\/div>\n","protected":false},"excerpt":{"rendered":"<p>Her mevsim sizi kendisine hayran b\u0131rakacak bir do\u011faya sahip olan Bolu\u2019da bug\u00fcnlerde sonbahar\u0131n en g\u00fczel halleri ya\u015fan\u0131yor. Burada sar\u0131, k\u0131rm\u0131z\u0131 ve kahverenginin en g\u00fczel tonlar\u0131n\u0131n yans\u0131malar\u0131n\u0131 g\u00f6rebilirsiniz. Sizin i\u00e7in haz\u0131rlad\u0131\u011f\u0131m\u0131z listede Bolu\u2019da mutlaka g\u00f6rmeniz gereken yerleri listeledik.<\/p>\n","protected":false},"author":1,"featured_media":5795,"comment_status":"open","ping_status":"open","sticky":false,"template":"","format":"standard","meta":{"footnotes":""},"categories":[9],"tags":[109,195,362],"class_list":["post-3404","post","type-post","status-publish","format-standard","has-post-thumbnail","hentry","category-tatil-hakkinda","tag-bolu","tag-hafta-sonu-tatilleri","tag-safranbolu"],"_links":{"self":[{"href":"https:\/\/delux.com.tr\/dt\/wp-json\/wp\/v2\/posts\/3404","targetHints":{"allow":["GET"]}}],"collection":[{"href":"https:\/\/delux.com.tr\/dt\/wp-json\/wp\/v2\/posts"}],"about":[{"href":"https:\/\/delux.com.tr\/dt\/wp-json\/wp\/v2\/types\/post"}],"author":[{"embeddable":true,"href":"https:\/\/delux.com.tr\/dt\/wp-json\/wp\/v2\/users\/1"}],"replies":[{"embeddable":true,"href":"https:\/\/delux.com.tr\/dt\/wp-json\/wp\/v2\/comments?post=3404"}],"version-history":[{"count":1,"href":"https:\/\/delux.com.tr\/dt\/wp-json\/wp\/v2\/posts\/3404\/revisions"}],"predecessor-version":[{"id":5796,"href":"https:\/\/delux.com.tr\/dt\/wp-json\/wp\/v2\/posts\/3404\/revisions\/5796"}],"wp:featuredmedia":[{"embeddable":true,"href":"https:\/\/delux.com.tr\/dt\/wp-json\/wp\/v2\/media\/5795"}],"wp:attachment":[{"href":"https:\/\/delux.com.tr\/dt\/wp-json\/wp\/v2\/media?parent=3404"}],"wp:term":[{"taxonomy":"category","embeddable":true,"href":"https:\/\/delux.com.tr\/dt\/wp-json\/wp\/v2\/categories?post=3404"},{"taxonomy":"post_tag","embeddable":true,"href":"https:\/\/delux.com.tr\/dt\/wp-json\/wp\/v2\/tags?post=3404"}],"curies":[{"name":"wp","href":"https:\/\/api.w.org\/{rel}","templated":true}]}}