{"id":3354,"date":"2021-09-22T13:05:30","date_gmt":"2021-09-22T10:05:30","guid":{"rendered":"https:\/\/delux.com.tr\/tr\/?p=3354"},"modified":"2023-09-14T11:37:21","modified_gmt":"2023-09-14T08:37:21","slug":"10-maddede-yedigoller-milli-parkina-yakindan-bakis","status":"publish","type":"post","link":"https:\/\/delux.com.tr\/dt\/tatil-hakkinda\/10-maddede-yedigoller-milli-parkina-yakindan-bakis\/","title":{"rendered":"10 Maddede Yedig\u00f6ller Milli Park\u0131\u2019na Yak\u0131ndan Bak\u0131\u015f"},"content":{"rendered":"<div class=\"fusion-fullwidth fullwidth-box fusion-builder-row-1 fusion-flex-container nonhundred-percent-fullwidth non-hundred-percent-height-scrolling\" style=\"--awb-border-radius-top-left:0px;--awb-border-radius-top-right:0px;--awb-border-radius-bottom-right:0px;--awb-border-radius-bottom-left:0px;--awb-flex-wrap:wrap;\" ><div class=\"fusion-builder-row fusion-row fusion-flex-align-items-flex-start fusion-flex-content-wrap\" style=\"max-width:1414.4px;margin-left: calc(-4% \/ 2 );margin-right: calc(-4% \/ 2 );\"><div class=\"fusion-layout-column fusion_builder_column fusion-builder-column-0 fusion_builder_column_2_3 2_3 fusion-flex-column\" style=\"--awb-bg-size:cover;--awb-width-large:66.666666666667%;--awb-margin-top-large:0px;--awb-spacing-right-large:3.84%;--awb-margin-bottom-large:0px;--awb-spacing-left-large:2.88%;--awb-width-medium:66.666666666667%;--awb-spacing-right-medium:3.84%;--awb-spacing-left-medium:2.88%;--awb-width-small:100%;--awb-spacing-right-small:1.92%;--awb-spacing-left-small:1.92%;\"><div class=\"fusion-column-wrapper fusion-flex-justify-content-flex-start fusion-content-layout-column\"><div class=\"fusion-text fusion-text-1\"><p>Y\u0131l\u0131n d\u00f6rt mevsimi do\u011fan\u0131n t\u00fcm ihti\u015fam\u0131n\u0131 c\u00f6mert\u00e7e sunan Yedig\u00f6ller tam bir do\u011fa harikas\u0131! Ad\u0131 \u00fcst\u00fcnde, yedi g\u00f6l\u00fcn bir arada oldu\u011fu e\u015fsiz dokusu ve bol oksijenli havas\u0131yla bug\u00fcnlerde gidilecek en g\u00fczel yerler aras\u0131nda liste ba\u015f\u0131 oluyor.<\/p>\n<p><strong>Yedig\u00f6ller Nerede?<\/strong><\/p>\n<p>Bat\u0131 Karadeniz b\u00f6lgesinde en \u00e7ok dikkat \u00e7eken noktalardan birisi olan Yedig\u00f6ller Milli Park\u0131 ziyaret\u00e7ilerini yemye\u015fil do\u011fas\u0131yla kucakl\u0131yor. Bolu\u2019ya ba\u011fl\u0131 olan milli park, \u015fehir merkezinden yaln\u0131zca 42 kilometre mesafede.\u00d6zellikle hafta sonlar\u0131nda Bolululardan ba\u015fka Ankara, \u0130stanbul ve di\u011fer yak\u0131n illerde ya\u015fayanlar i\u00e7in de tam bir do\u011faya ka\u00e7\u0131\u015f noktas\u0131. D\u00f6rt mevsim do\u011fan\u0131n renk ge\u00e7i\u015flerini kendine has dokusuyla sergileyen Yedig\u00f6ller, soluk kesici g\u00fczellikte manzaraya sahip.<\/p>\n<p><strong>Yedig\u00f6ller\u2019e Nas\u0131l Gidilir?<\/strong><\/p>\n<p>Yedig\u00f6ller di\u011fer bir\u00e7ok destinasyon gibi ne yaz\u0131k ki otob\u00fcs ya da u\u00e7akla \u015fehir merkezine gidildikten sonra toplu ta\u015f\u0131mayla ula\u015fabilece\u011finiz bir konum de\u011fil. Gezilecek alan\u0131 olduk\u00e7a b\u00fcy\u00fck oldu\u011fundan ya kendi arac\u0131n\u0131zla gitmeli, ya \u015fehir merkezinden ara\u00e7 kiralamal\u0131 ya da direkt tur \u015firketlerini tercih etmelisiniz. Yedig\u00f6ller\u2019e nas\u0131l gidece\u011finiz hakk\u0131nda bilgi payla\u015facak olursak milli park\u0131n Bolu \u015fehir merkezinin 42 kilometre kuzeyinde, D\u00fczce, Zonguldak ve Bolu illerinin s\u0131n\u0131rlar\u0131n\u0131n kesi\u015fim noktas\u0131nda kald\u0131\u011f\u0131n\u0131 s\u00f6yleyebiliriz. \u00d6nemli bir hat\u0131rlatmada bulunmak gerekirse Bolu \u2013 Yedig\u00f6ller yolunda arac\u0131n\u0131z i\u00e7in yak\u0131t tedarik edebilece\u011finiz bir nokta olmad\u0131\u011f\u0131n\u0131 s\u00f6ylemeliyiz. Bu nedenle arac\u0131n\u0131z\u0131n yak\u0131t deposunu tam doldurman\u0131z faydal\u0131 olacakt\u0131r. Yedig\u00f6ller Milli Park\u0131\u2019na k\u0131\u015f aylar\u0131nda gidecek olursan\u0131z yo\u011fun kar ya\u011f\u0131\u015f\u0131 nedeniyle yollar kapal\u0131 olabilir bu nedenle Mengen \u00fczerinden g\u00fcvenli ula\u015f\u0131m sa\u011flayabilirsiniz. Yan\u0131n\u0131zda zincir ve di\u011fer gerekli ekipmanlar\u0131 bulundurmay\u0131 unutmay\u0131n.<\/p>\n<p><img decoding=\"async\" class=\"lazyload aligncenter size-full wp-image-3355\" src=\"data:image\/svg+xml,%3Csvg%20xmlns%3D%27http%3A%2F%2Fwww.w3.org%2F2000%2Fsvg%27%20width%3D%27800%27%20height%3D%27400%27%20viewBox%3D%270%200%20800%20400%27%3E%3Crect%20width%3D%27800%27%20height%3D%27400%27%20fill-opacity%3D%220%22%2F%3E%3C%2Fsvg%3E\" data-orig-src=\"https:\/\/delux.com.tr\/tr\/wp-content\/uploads\/2021\/09\/10-Maddede-Yedigoller-Milli-Parkina-Yakindan-Bakis.jpg\" alt=\"\" width=\"800\" height=\"400\" \/><\/p>\n<p><strong>Yedig\u00f6ller\u2019de Gezilecek Yerler<\/strong><\/p>\n<p><strong>Bat\u0131 Karadeniz\u2019de konumlanan Yedig\u00f6ller Milli Park\u0131 isminden anla\u015f\u0131laca\u011f\u0131 gibi 7 adet b\u00fcy\u00fckl\u00fc k\u00fc\u00e7\u00fckl\u00fc heyelan g\u00f6l\u00fcnden olu\u015fuyor.<\/strong>\u00a0Do\u011fa harikas\u0131 g\u00f6llerin yan\u0131 s\u0131ra zengin bir bitki \u00f6rt\u00fcs\u00fcne de sahip olan milli park\u0131n m\u00fckemmel bir ekosistemi bulunuyor. 1965 y\u0131l\u0131ndan bu yana milli park stat\u00fcs\u00fcnde bulunan b\u00f6lge g\u00fcnl\u00fck ya\u015fam\u0131n t\u00fcm stresini arkan\u0131zda b\u0131rakabilece\u011finiz muhte\u015fem bir ambiyansa sahip. Temiz havaya doyaca\u011f\u0131n\u0131z milli parkta bulunan g\u00f6ller s\u0131ras\u0131yla B\u00fcy\u00fckg\u00f6l, Sering\u00f6l, Dering\u00f6l, Nazl\u0131g\u00f6l, K\u00fc\u00e7\u00fckg\u00f6l, \u0130nceg\u00f6l ve Sazl\u0131g\u00f6l.<\/p>\n<\/div><div class=\"fusion-separator fusion-full-width-sep\" style=\"align-self: center;margin-left: auto;margin-right: auto;margin-bottom:10px;width:100%;\"><div class=\"fusion-separator-border sep-single sep-solid\" style=\"--awb-height:20px;--awb-amount:20px;border-color:var(--awb-color3);border-top-width:1px;\"><\/div><\/div><div class=\"fusion-text fusion-text-2\"><p><strong>1- Kapankaya Seyir Teras\u0131<\/strong><\/p>\n<p>Bolu g\u00fczergah\u0131n\u0131 izleyerek milli parka geldi\u011finizde virajl\u0131 yollar\u0131 ard\u0131n\u0131zda b\u0131rakt\u0131\u011f\u0131n\u0131zda kar\u015f\u0131n\u0131za ilk \u00e7\u0131kacak harika g\u00fczellik i\u015fte Kapankaya Seyir Teras\u0131! 90 basama\u011f\u0131 \u00e7\u0131kmay\u0131 tamamlad\u0131\u011f\u0131n\u0131zda ula\u015faca\u011f\u0131n\u0131z 1298 metre rak\u0131mda etraf\u0131n\u0131z\u0131 u\u00e7suz bucaks\u0131z yemye\u015fil bir orman \u00f6rt\u00fcs\u00fc saracak. Terastan bakt\u0131\u011f\u0131n\u0131zda B\u00fcy\u00fckg\u00f6l, Nazl\u0131g\u00f6l ve Dering\u00f6l\u2019\u00fc panoramik manzara ile g\u00f6receksiniz. Seyir teras\u0131na do\u011fru yol al\u0131rken bir\u00e7ok \u00e7ay kahve i\u00e7ebilece\u011finiz mekan bulunuyor.<\/p>\n<p><img decoding=\"async\" class=\"lazyload aligncenter size-full wp-image-3356\" src=\"data:image\/svg+xml,%3Csvg%20xmlns%3D%27http%3A%2F%2Fwww.w3.org%2F2000%2Fsvg%27%20width%3D%27800%27%20height%3D%27400%27%20viewBox%3D%270%200%20800%20400%27%3E%3Crect%20width%3D%27800%27%20height%3D%27400%27%20fill-opacity%3D%220%22%2F%3E%3C%2Fsvg%3E\" data-orig-src=\"https:\/\/delux.com.tr\/dt\/wp-content\/uploads\/2021\/09\/Kapankaya-Seyir-Terasi.jpg\" alt=\"\" width=\"800\" height=\"400\" \/><\/p>\n<\/div><div class=\"fusion-separator fusion-full-width-sep\" style=\"align-self: center;margin-left: auto;margin-right: auto;margin-bottom:10px;width:100%;\"><div class=\"fusion-separator-border sep-single sep-solid\" style=\"--awb-height:20px;--awb-amount:20px;border-color:var(--awb-color3);border-top-width:1px;\"><\/div><\/div><div class=\"fusion-text fusion-text-3\"><p><strong>2- Atmaca Seyir Teras\u0131<\/strong><\/p>\n<p>Kapankaya Seyir Teras\u0131\u2019n\u0131n yaln\u0131zca birka\u00e7 dakika ilerisinde olan Atmaca Seyir Teras\u0131\u2019ndan Yedig\u00f6ller do\u011fas\u0131n\u0131n renk ge\u00e7i\u015flerini g\u00f6rebilirsiniz. Buraya gelirken termosunuzla s\u0131cak i\u00e7ece\u011finizi yan\u0131n\u0131za alabilir, do\u011fan\u0131n c\u00f6mert renk c\u00fcmb\u00fc\u015f\u00fcn\u00fc izlerken i\u00e7ece\u011finizi yudumlayabilirsiniz.<\/p>\n<p><strong>3- An\u0131t\u00e7am<\/strong><\/p>\n<p>500 y\u0131l\u0131 devirmi\u015f olan bu kara\u00e7am a\u011fac\u0131 30 metrelik boyu ve yakla\u015f\u0131k 6 metrelik g\u00f6vdesiyle g\u00f6renleri kendine hayran b\u0131rak\u0131yor. Atmaca Seyir Teras\u0131\u2019ndan yakla\u015f\u0131k 2 kilometre uzakl\u0131kta bulunan An\u0131t\u00e7am\u2019a ula\u015fmak i\u00e7in ah\u015fap platformu y\u00fcr\u00fcyerek a\u015fmal\u0131s\u0131n\u0131z. A\u011fac\u0131n g\u00f6vdesine s\u0131k\u0131ca sar\u0131l\u0131p onun dokusunu ve verdi\u011fi ya\u015fam enerjisini hissetmenizi \u00f6neririz.<\/p>\n<\/div><div class=\"fusion-separator fusion-full-width-sep\" style=\"align-self: center;margin-left: auto;margin-right: auto;margin-bottom:10px;width:100%;\"><div class=\"fusion-separator-border sep-single sep-solid\" style=\"--awb-height:20px;--awb-amount:20px;border-color:var(--awb-color3);border-top-width:1px;\"><\/div><\/div><div class=\"fusion-text fusion-text-4\"><p><strong>4- Sazl\u0131g\u00f6l<\/strong><\/p>\n<p>\u00c7evresinde bulunan sazl\u0131klardan dolay\u0131 bu ismi alan Sazl\u0131g\u00f6l, 6000 metrekare geni\u015fli\u011fe sahip. Sazl\u0131g\u00f6l\u2019\u00fcn etraf\u0131nda keyifli bir y\u00fcr\u00fcy\u00fc\u015f yapabilir, g\u00fcne\u015fin su y\u00fczeyindeki yans\u0131malar\u0131n\u0131 seyre dalabilirsiniz.<\/p>\n<p><img decoding=\"async\" class=\"lazyload aligncenter size-full wp-image-3357\" src=\"data:image\/svg+xml,%3Csvg%20xmlns%3D%27http%3A%2F%2Fwww.w3.org%2F2000%2Fsvg%27%20width%3D%27800%27%20height%3D%27400%27%20viewBox%3D%270%200%20800%20400%27%3E%3Crect%20width%3D%27800%27%20height%3D%27400%27%20fill-opacity%3D%220%22%2F%3E%3C%2Fsvg%3E\" data-orig-src=\"https:\/\/delux.com.tr\/dt\/wp-content\/uploads\/2021\/09\/sazligol.jpg\" alt=\"\" width=\"800\" height=\"400\" \/><\/p>\n<\/div><div class=\"fusion-separator fusion-full-width-sep\" style=\"align-self: center;margin-left: auto;margin-right: auto;margin-bottom:10px;width:100%;\"><div class=\"fusion-separator-border sep-single sep-solid\" style=\"--awb-height:20px;--awb-amount:20px;border-color:var(--awb-color3);border-top-width:1px;\"><\/div><\/div><div class=\"fusion-text fusion-text-5\"><p><strong>5- \u0130nceg\u00f6l<\/strong><\/p>\n<p>Ayn\u0131 zamanda Uzung\u00f6l olarak da adland\u0131r\u0131lan \u0130nceg\u00f6l, isminin hakk\u0131n\u0131 vererek dar ve uzun bir yap\u0131ya sahip. Etraf\u0131 a\u011fa\u00e7larla kapl\u0131 olan g\u00f6l\u00fcn \u00f6n\u00fcnde ah\u015fap bir platform bulunuyor. Bu platformun \u00fczerinden g\u00f6l\u00fcn soluk kesici manzaras\u0131n\u0131 keyifle izleyebilirsiniz.<\/p>\n<p><strong>6- Nazl\u0131g\u00f6l<\/strong><\/p>\n<p>Yedig\u00f6ller\u2019e kamp atmak i\u00e7in gitmeye karar verirseniz Nazl\u0131g\u00f6l\u2019\u00fcn etraf\u0131nda konaklayabilirsiniz. Ku\u015f c\u0131v\u0131lt\u0131lar\u0131yla i\u00e7inizi ne\u015felendirecek olan g\u00f6l\u00fcn \u00e7evresi i\u00e7in huzur deposu diyebiliriz. Etraf\u0131n\u0131n di\u011fer g\u00f6llere g\u00f6re biraz daha d\u00fcz olu\u015fu y\u00fcr\u00fcy\u00fc\u015f i\u00e7in elveri\u015fli bir ortam sa\u011fl\u0131yor.<\/p>\n<p><strong>7- G\u00fclenkayalar<\/strong><\/p>\n<p>Nazl\u0131g\u00f6l ve Dering\u00f6l aras\u0131nda kalan G\u00fclenkayalar, Dilek \u00c7e\u015fmesi, \u015eelale ve Pisagor A\u011fac\u0131 Yedig\u00f6ller\u2019e geldi\u011finizde g\u00f6rmenizi tavsiye edece\u011fimiz yerler aras\u0131nda bulunuyor. Buraya gelirken mutlaka mevsim ko\u015fullar\u0131na uygun giysiler ve kaymaz tabanl\u0131 ayakkab\u0131lar giymenizi \u00f6neririz. \u015eelaleye giden yol hafif engebeli, yerlerin \u0131slak oldu\u011fu d\u00f6nemlerde dikkatli olman\u0131zda fayda var. Di\u011fer yandan Dilek \u00c7e\u015fmesi\u2019nden su i\u00e7ip dile\u011finizi dilemeyi de unutmay\u0131n.<\/p>\n<p><strong>8- Dering\u00f6l<\/strong><\/p>\n<p>Nazl\u0131g\u00f6l\u2019den \u015felale taraf\u0131na do\u011fru gitmeyip d\u00fcz devam etti\u011finizde kar\u015f\u0131n\u0131zda Dering\u00f6l beliriverecek. B\u00fcy\u00fckg\u00f6l\u2019e ba\u011fl\u0131 olan Dering\u00f6l\u2019\u00fcn \u00fczeri harika bir ya\u011fl\u0131 boya tablodan \u00e7\u0131km\u0131\u015f\u00e7as\u0131na yemye\u015fil yapraklarla kapl\u0131. Etraf\u0131nda kamp da at\u0131labilecek g\u00f6l\u00fcn \u00e7evresinde harika foto\u011fraf kareleri yakalayabilirsiniz.<\/p>\n<\/div><div class=\"fusion-separator fusion-full-width-sep\" style=\"align-self: center;margin-left: auto;margin-right: auto;margin-bottom:10px;width:100%;\"><div class=\"fusion-separator-border sep-single sep-solid\" style=\"--awb-height:20px;--awb-amount:20px;border-color:var(--awb-color3);border-top-width:1px;\"><\/div><\/div><div class=\"fusion-text fusion-text-6\"><p><strong>9 &#8211; B\u00fcy\u00fckg\u00f6l<\/strong><\/p>\n<p>Yedig\u00f6ller\u2019de her g\u00f6l\u00fcn t\u0131pk\u0131 ismi gibi \u00f6zelliklere sahip oldu\u011fu olduk\u00e7a a\u015fikar. Yedig\u00f6ller familyas\u0131n\u0131n en b\u00fcy\u00fck g\u00f6l\u00fc olan B\u00fcy\u00fckg\u00f6l, 25.000 metrekarelik bir alana yay\u0131lm\u0131\u015f durumda. Burada a\u011fa\u00e7lar\u0131n suya yans\u0131mas\u0131n\u0131, do\u011fan\u0131n renklerini ve sesini hayranl\u0131kla izleyece\u011finizi d\u00fc\u015f\u00fcn\u00fcyoruz. G\u00f6l\u00fcn etraf\u0131nda bulunan piknik masalar\u0131nda keyifli bir mola verebilirsiniz. \u0130lginiz varsa g\u00f6l k\u0131y\u0131s\u0131nda bal\u0131k da tutabilirsiniz.<\/p>\n<p><img decoding=\"async\" class=\"lazyload aligncenter size-full wp-image-3358\" src=\"data:image\/svg+xml,%3Csvg%20xmlns%3D%27http%3A%2F%2Fwww.w3.org%2F2000%2Fsvg%27%20width%3D%27800%27%20height%3D%27400%27%20viewBox%3D%270%200%20800%20400%27%3E%3Crect%20width%3D%27800%27%20height%3D%27400%27%20fill-opacity%3D%220%22%2F%3E%3C%2Fsvg%3E\" data-orig-src=\"https:\/\/delux.com.tr\/dt\/wp-content\/uploads\/2021\/09\/Buyukgol.jpg\" alt=\"\" width=\"800\" height=\"400\" \/><\/p>\n<\/div><div class=\"fusion-separator fusion-full-width-sep\" style=\"align-self: center;margin-left: auto;margin-right: auto;margin-bottom:10px;width:100%;\"><div class=\"fusion-separator-border sep-single sep-solid\" style=\"--awb-height:20px;--awb-amount:20px;border-color:var(--awb-color3);border-top-width:1px;\"><\/div><\/div><div class=\"fusion-text fusion-text-7\"><p><strong>10- Sering\u00f6l<\/strong><\/p>\n<p>Bolu g\u00fczergah\u0131ndan gelenlerin aksine Mengel taraf\u0131ndan gelenlerin ba\u015flang\u0131\u00e7 noktas\u0131 olan Sering\u00f6l, B\u00fcy\u00fckg\u00f6l\u2019e olduk\u00e7a yak\u0131n bir mesafede konumlanm\u0131\u015f. G\u00f6l\u00fcn etraf\u0131ndaki y\u00fcr\u00fcy\u00fc\u015f parkurunda keyifli bir do\u011fa gezisi yapabilirsiniz.<\/p>\n<\/div><\/div><\/div><div class=\"fusion-layout-column fusion_builder_column fusion-builder-column-1 fusion_builder_column_1_3 1_3 fusion-flex-column\" style=\"--awb-padding-top:4%;--awb-padding-right:4%;--awb-padding-bottom:4%;--awb-padding-left:4%;--awb-bg-color:#f2f2f2;--awb-bg-color-hover:#f2f2f2;--awb-bg-size:cover;--awb-width-large:33.333333333333%;--awb-margin-top-large:0px;--awb-spacing-right-large:5.76%;--awb-margin-bottom-large:0px;--awb-spacing-left-large:3.84%;--awb-width-medium:33.333333333333%;--awb-order-medium:0;--awb-spacing-right-medium:5.76%;--awb-spacing-left-medium:3.84%;--awb-width-small:100%;--awb-order-small:0;--awb-spacing-right-small:1.92%;--awb-spacing-left-small:1.92%;\"><div class=\"fusion-column-wrapper fusion-column-has-shadow fusion-flex-justify-content-flex-start fusion-content-layout-column\"><div class=\"fusion-blog-shortcode fusion-blog-shortcode-1 fusion-blog-archive fusion-blog-layout-grid-wrapper fusion-blog-no\"><style type=\"text\/css\">.fusion-blog-shortcode-1 .fusion-blog-layout-grid .fusion-post-grid{padding:20px;}.fusion-blog-shortcode-1 .fusion-posts-container{margin-left: -20px !important; margin-right:-20px !important;}<\/style><div class=\"fusion-posts-container fusion-posts-container-no fusion-no-meta-info fusion-blog-layout-grid fusion-blog-layout-grid-1 isotope\" data-pages=\"3\" data-grid-col-space=\"40\" style=\"margin: -20px -20px 0;min-height:500px;\"><article id=\"blog-1-post-3814\" class=\"fusion-post-grid post-3814 post type-post status-publish format-standard has-post-thumbnail hentry category-tatil-hakkinda tag-hafta-sonu-tatilleri tag-lviv tag-ukrayna\">\n<div class=\"fusion-post-wrapper\" style=\"background-color:rgba(255,255,255,0);border:1px solid var(--awb-color2);border-bottom-width:3px;\">\n\n\t\t\t<div class=\"fusion-flexslider flexslider fusion-flexslider-loading fusion-post-slideshow\" style=\"border-color:var(--awb-color2);\">\n\t\t<ul class=\"slides\">\n\t\t\t\n\t\t\t\t\t\t\t\t\t\t\t\t\t\t<li><div  class=\"fusion-image-wrapper\" aria-haspopup=\"true\">\n\t\t\t\t\t\t\t<a href=\"https:\/\/delux.com.tr\/dt\/tatil-hakkinda\/lvivde-mutlaka-gormeniz-gereken-yerler\/\" aria-label=\"Lviv\u2019de Mutlaka G\u00f6rmeniz Gereken Yerler\">\n\t\t\t\t\t\t\t<img decoding=\"async\" width=\"800\" height=\"500\" src=\"https:\/\/delux.com.tr\/dt\/wp-content\/uploads\/2022\/01\/Potocki-Sarayi.jpg\" class=\"attachment-full size-full lazyload wp-post-image\" alt=\"\" srcset=\"data:image\/svg+xml,%3Csvg%20xmlns%3D%27http%3A%2F%2Fwww.w3.org%2F2000%2Fsvg%27%20width%3D%27800%27%20height%3D%27500%27%20viewBox%3D%270%200%20800%20500%27%3E%3Crect%20width%3D%27800%27%20height%3D%27500%27%20fill-opacity%3D%220%22%2F%3E%3C%2Fsvg%3E\" data-orig-src=\"https:\/\/delux.com.tr\/dt\/wp-content\/uploads\/2022\/01\/Potocki-Sarayi.jpg\" data-srcset=\"https:\/\/delux.com.tr\/dt\/wp-content\/uploads\/2022\/01\/Potocki-Sarayi-200x125.jpg 200w, https:\/\/delux.com.tr\/dt\/wp-content\/uploads\/2022\/01\/Potocki-Sarayi-400x250.jpg 400w, https:\/\/delux.com.tr\/dt\/wp-content\/uploads\/2022\/01\/Potocki-Sarayi-600x375.jpg 600w, https:\/\/delux.com.tr\/dt\/wp-content\/uploads\/2022\/01\/Potocki-Sarayi.jpg 800w\" data-sizes=\"auto\" \/>\t\t\t<\/a>\n\t\t\t\t\t\t\t<\/div>\n<\/li>\n\t\t\t\n\t\t\t\n\t\t\t\t\t\t\t\t\t\t\t\t\t\t\t\t\t\t\t\t\t\t\t\t\t\t\t\t\t\t\t\t\t\t\t\t\t\t\t\t\t\t\t\t\t\t\t\t\t\t\t\t\t\t\t\t\t\t\t\t\t\t\t\t\t\t\t\t<\/ul>\n\t<\/div>\n\t<div class=\"fusion-post-content-wrapper\" style=\"padding:30px 25px 25px 25px;\"><div class=\"fusion-post-content post-content\"><h2 class=\"blog-shortcode-post-title entry-title\"><a href=\"https:\/\/delux.com.tr\/dt\/tatil-hakkinda\/lvivde-mutlaka-gormeniz-gereken-yerler\/\">Lviv\u2019de Mutlaka G\u00f6rmeniz Gereken Yerler<\/a><\/h2><\/div><\/div><div class=\"fusion-clearfix\"><\/div><\/div>\n<\/article>\n<article id=\"blog-1-post-3767\" class=\"fusion-post-grid post-3767 post type-post status-publish format-standard has-post-thumbnail hentry category-tatil-hakkinda tag-hafta-sonu-tatilleri tag-odessa tag-ukranya\">\n<div class=\"fusion-post-wrapper\" style=\"background-color:rgba(255,255,255,0);border:1px solid var(--awb-color2);border-bottom-width:3px;\">\n\n\t\t\t<div class=\"fusion-flexslider flexslider fusion-flexslider-loading fusion-post-slideshow\" style=\"border-color:var(--awb-color2);\">\n\t\t<ul class=\"slides\">\n\t\t\t\n\t\t\t\t\t\t\t\t\t\t\t\t\t\t<li><div  class=\"fusion-image-wrapper\" aria-haspopup=\"true\">\n\t\t\t\t\t\t\t<a href=\"https:\/\/delux.com.tr\/dt\/tatil-hakkinda\/karadenizin-karsi-kiyisi-odessada-gezilecek-yerler\/\" aria-label=\"Karadeniz\u2019in Kar\u015f\u0131 K\u0131y\u0131s\u0131 Odessa\u2019da Gezilecek Yerler\">\n\t\t\t\t\t\t\t<img decoding=\"async\" width=\"800\" height=\"538\" src=\"https:\/\/delux.com.tr\/dt\/wp-content\/uploads\/2022\/01\/Deribasovskaya-Caddesi-odessa-ukrayna-1.jpg\" class=\"attachment-full size-full lazyload wp-post-image\" alt=\"\" srcset=\"data:image\/svg+xml,%3Csvg%20xmlns%3D%27http%3A%2F%2Fwww.w3.org%2F2000%2Fsvg%27%20width%3D%27800%27%20height%3D%27538%27%20viewBox%3D%270%200%20800%20538%27%3E%3Crect%20width%3D%27800%27%20height%3D%27538%27%20fill-opacity%3D%220%22%2F%3E%3C%2Fsvg%3E\" data-orig-src=\"https:\/\/delux.com.tr\/dt\/wp-content\/uploads\/2022\/01\/Deribasovskaya-Caddesi-odessa-ukrayna-1.jpg\" data-srcset=\"https:\/\/delux.com.tr\/dt\/wp-content\/uploads\/2022\/01\/Deribasovskaya-Caddesi-odessa-ukrayna-1-200x135.jpg 200w, https:\/\/delux.com.tr\/dt\/wp-content\/uploads\/2022\/01\/Deribasovskaya-Caddesi-odessa-ukrayna-1-400x269.jpg 400w, https:\/\/delux.com.tr\/dt\/wp-content\/uploads\/2022\/01\/Deribasovskaya-Caddesi-odessa-ukrayna-1-600x404.jpg 600w, https:\/\/delux.com.tr\/dt\/wp-content\/uploads\/2022\/01\/Deribasovskaya-Caddesi-odessa-ukrayna-1.jpg 800w\" data-sizes=\"auto\" \/>\t\t\t<\/a>\n\t\t\t\t\t\t\t<\/div>\n<\/li>\n\t\t\t\n\t\t\t\n\t\t\t\t\t\t\t\t\t\t\t\t\t\t\t\t\t\t\t\t\t\t\t\t\t\t\t\t\t\t\t\t\t\t\t\t\t\t\t\t\t\t\t\t\t\t\t\t\t\t\t\t\t\t\t\t\t\t\t\t\t\t\t\t\t\t\t\t<\/ul>\n\t<\/div>\n\t<div class=\"fusion-post-content-wrapper\" style=\"padding:30px 25px 25px 25px;\"><div class=\"fusion-post-content post-content\"><h2 class=\"blog-shortcode-post-title entry-title\"><a href=\"https:\/\/delux.com.tr\/dt\/tatil-hakkinda\/karadenizin-karsi-kiyisi-odessada-gezilecek-yerler\/\">Karadeniz\u2019in Kar\u015f\u0131 K\u0131y\u0131s\u0131 Odessa\u2019da Gezilecek Yerler<\/a><\/h2><\/div><\/div><div class=\"fusion-clearfix\"><\/div><\/div>\n<\/article>\n<article id=\"blog-1-post-3753\" class=\"fusion-post-grid post-3753 post type-post status-publish format-standard has-post-thumbnail hentry category-tatil-hakkinda tag-hafta-sonu-tatilleri tag-istanbula-yakin-yerler tag-mudanya\">\n<div class=\"fusion-post-wrapper\" style=\"background-color:rgba(255,255,255,0);border:1px solid var(--awb-color2);border-bottom-width:3px;\">\n\n\t\t\t<div class=\"fusion-flexslider flexslider fusion-flexslider-loading fusion-post-slideshow\" style=\"border-color:var(--awb-color2);\">\n\t\t<ul class=\"slides\">\n\t\t\t\n\t\t\t\t\t\t\t\t\t\t\t\t\t\t<li><div  class=\"fusion-image-wrapper\" aria-haspopup=\"true\">\n\t\t\t\t\t\t\t<a href=\"https:\/\/delux.com.tr\/dt\/tatil-hakkinda\/mudanya-gezi-rehberi\/\" aria-label=\"Mudanya Gezi Rehberi\">\n\t\t\t\t\t\t\t<img decoding=\"async\" width=\"800\" height=\"538\" src=\"https:\/\/delux.com.tr\/dt\/wp-content\/uploads\/2022\/01\/mudanya-tarihcesi-1.jpg\" class=\"attachment-full size-full lazyload wp-post-image\" alt=\"\" srcset=\"data:image\/svg+xml,%3Csvg%20xmlns%3D%27http%3A%2F%2Fwww.w3.org%2F2000%2Fsvg%27%20width%3D%27800%27%20height%3D%27538%27%20viewBox%3D%270%200%20800%20538%27%3E%3Crect%20width%3D%27800%27%20height%3D%27538%27%20fill-opacity%3D%220%22%2F%3E%3C%2Fsvg%3E\" data-orig-src=\"https:\/\/delux.com.tr\/dt\/wp-content\/uploads\/2022\/01\/mudanya-tarihcesi-1.jpg\" data-srcset=\"https:\/\/delux.com.tr\/dt\/wp-content\/uploads\/2022\/01\/mudanya-tarihcesi-1-200x135.jpg 200w, https:\/\/delux.com.tr\/dt\/wp-content\/uploads\/2022\/01\/mudanya-tarihcesi-1-400x269.jpg 400w, https:\/\/delux.com.tr\/dt\/wp-content\/uploads\/2022\/01\/mudanya-tarihcesi-1-600x404.jpg 600w, https:\/\/delux.com.tr\/dt\/wp-content\/uploads\/2022\/01\/mudanya-tarihcesi-1.jpg 800w\" data-sizes=\"auto\" \/>\t\t\t<\/a>\n\t\t\t\t\t\t\t<\/div>\n<\/li>\n\t\t\t\n\t\t\t\n\t\t\t\t\t\t\t\t\t\t\t\t\t\t\t\t\t\t\t\t\t\t\t\t\t\t\t\t\t\t\t\t\t\t\t\t\t\t\t\t\t\t\t\t\t\t\t\t\t\t\t\t\t\t\t\t\t\t\t\t\t\t\t\t\t\t\t\t<\/ul>\n\t<\/div>\n\t<div class=\"fusion-post-content-wrapper\" style=\"padding:30px 25px 25px 25px;\"><div class=\"fusion-post-content post-content\"><h2 class=\"blog-shortcode-post-title entry-title\"><a href=\"https:\/\/delux.com.tr\/dt\/tatil-hakkinda\/mudanya-gezi-rehberi\/\">Mudanya Gezi Rehberi<\/a><\/h2><\/div><\/div><div class=\"fusion-clearfix\"><\/div><\/div>\n<\/article>\n<article id=\"blog-1-post-3902\" class=\"fusion-post-grid post-3902 post type-post status-publish format-standard has-post-thumbnail hentry category-tatil-hakkinda tag-akcay tag-altinoluk tag-assos tag-ayvalik tag-babakale tag-balikesir tag-bergama tag-bozcaada tag-cunda tag-edremit tag-gokceada tag-hafta-sonu-tatilleri tag-kazdaglari tag-kultur-tatili tag-yurt-ici-tatiller\">\n<div class=\"fusion-post-wrapper\" style=\"background-color:rgba(255,255,255,0);border:1px solid var(--awb-color2);border-bottom-width:3px;\">\n\n\t\t\t<div class=\"fusion-flexslider flexslider fusion-flexslider-loading fusion-post-slideshow\" style=\"border-color:var(--awb-color2);\">\n\t\t<ul class=\"slides\">\n\t\t\t\n\t\t\t\t\t\t\t\t\t\t\t\t\t\t<li><div  class=\"fusion-image-wrapper\" aria-haspopup=\"true\">\n\t\t\t\t\t\t\t<a href=\"https:\/\/delux.com.tr\/dt\/tatil-hakkinda\/kuzey-egeyi-kesfetmeniz-icin-11-neden\/\" aria-label=\"Kuzey Ege\u2019yi Ke\u015ffetmeniz \u0130\u00e7in 11 Neden\">\n\t\t\t\t\t\t\t<img decoding=\"async\" width=\"800\" height=\"453\" src=\"https:\/\/delux.com.tr\/dt\/wp-content\/uploads\/2021\/09\/akcay-balikesir.jpg\" class=\"attachment-full size-full lazyload wp-post-image\" alt=\"\" srcset=\"data:image\/svg+xml,%3Csvg%20xmlns%3D%27http%3A%2F%2Fwww.w3.org%2F2000%2Fsvg%27%20width%3D%27800%27%20height%3D%27453%27%20viewBox%3D%270%200%20800%20453%27%3E%3Crect%20width%3D%27800%27%20height%3D%27453%27%20fill-opacity%3D%220%22%2F%3E%3C%2Fsvg%3E\" data-orig-src=\"https:\/\/delux.com.tr\/dt\/wp-content\/uploads\/2021\/09\/akcay-balikesir.jpg\" data-srcset=\"https:\/\/delux.com.tr\/dt\/wp-content\/uploads\/2021\/09\/akcay-balikesir-200x113.jpg 200w, https:\/\/delux.com.tr\/dt\/wp-content\/uploads\/2021\/09\/akcay-balikesir-400x227.jpg 400w, https:\/\/delux.com.tr\/dt\/wp-content\/uploads\/2021\/09\/akcay-balikesir-600x340.jpg 600w, https:\/\/delux.com.tr\/dt\/wp-content\/uploads\/2021\/09\/akcay-balikesir.jpg 800w\" data-sizes=\"auto\" \/>\t\t\t<\/a>\n\t\t\t\t\t\t\t<\/div>\n<\/li>\n\t\t\t\n\t\t\t\n\t\t\t\t\t\t\t\t\t\t\t\t\t\t\t\t\t\t\t\t\t\t\t\t\t\t\t\t\t\t\t\t\t\t\t\t\t\t\t\t\t\t\t\t\t\t\t\t\t\t\t\t\t\t\t\t\t\t\t\t\t\t\t\t\t\t\t\t<\/ul>\n\t<\/div>\n\t<div class=\"fusion-post-content-wrapper\" style=\"padding:30px 25px 25px 25px;\"><div class=\"fusion-post-content post-content\"><h2 class=\"blog-shortcode-post-title entry-title\"><a href=\"https:\/\/delux.com.tr\/dt\/tatil-hakkinda\/kuzey-egeyi-kesfetmeniz-icin-11-neden\/\">Kuzey Ege\u2019yi Ke\u015ffetmeniz \u0130\u00e7in 11 Neden<\/a><\/h2><\/div><\/div><div class=\"fusion-clearfix\"><\/div><\/div>\n<\/article>\n<article id=\"blog-1-post-3852\" class=\"fusion-post-grid post-3852 post type-post status-publish format-standard has-post-thumbnail hentry category-tatil-hakkinda tag-hafta-sonu-tatilleri tag-kayserkaya tag-yurt-ici-tatiller\">\n<div class=\"fusion-post-wrapper\" style=\"background-color:rgba(255,255,255,0);border:1px solid var(--awb-color2);border-bottom-width:3px;\">\n\n\t\t\t<div class=\"fusion-flexslider flexslider fusion-flexslider-loading fusion-post-slideshow\" style=\"border-color:var(--awb-color2);\">\n\t\t<ul class=\"slides\">\n\t\t\t\n\t\t\t\t\t\t\t\t\t\t\t\t\t\t<li><div  class=\"fusion-image-wrapper\" aria-haspopup=\"true\">\n\t\t\t\t\t\t\t<a href=\"https:\/\/delux.com.tr\/dt\/tatil-hakkinda\/kayserkaya-dag-evlerinde-kalmak-icin-5-neden\/\" aria-label=\"Kayserkaya Da\u011f Evlerinde Kalmak \u0130\u00e7in 5 Neden\">\n\t\t\t\t\t\t\t<img decoding=\"async\" width=\"800\" height=\"534\" src=\"https:\/\/delux.com.tr\/dt\/wp-content\/uploads\/2021\/10\/kayserkaya_ya_nasil_gidilir.jpg\" class=\"attachment-full size-full lazyload wp-post-image\" alt=\"\" srcset=\"data:image\/svg+xml,%3Csvg%20xmlns%3D%27http%3A%2F%2Fwww.w3.org%2F2000%2Fsvg%27%20width%3D%27800%27%20height%3D%27534%27%20viewBox%3D%270%200%20800%20534%27%3E%3Crect%20width%3D%27800%27%20height%3D%27534%27%20fill-opacity%3D%220%22%2F%3E%3C%2Fsvg%3E\" data-orig-src=\"https:\/\/delux.com.tr\/dt\/wp-content\/uploads\/2021\/10\/kayserkaya_ya_nasil_gidilir.jpg\" data-srcset=\"https:\/\/delux.com.tr\/dt\/wp-content\/uploads\/2021\/10\/kayserkaya_ya_nasil_gidilir-200x134.jpg 200w, https:\/\/delux.com.tr\/dt\/wp-content\/uploads\/2021\/10\/kayserkaya_ya_nasil_gidilir-400x267.jpg 400w, https:\/\/delux.com.tr\/dt\/wp-content\/uploads\/2021\/10\/kayserkaya_ya_nasil_gidilir-600x401.jpg 600w, https:\/\/delux.com.tr\/dt\/wp-content\/uploads\/2021\/10\/kayserkaya_ya_nasil_gidilir.jpg 800w\" data-sizes=\"auto\" \/>\t\t\t<\/a>\n\t\t\t\t\t\t\t<\/div>\n<\/li>\n\t\t\t\n\t\t\t\n\t\t\t\t\t\t\t\t\t\t\t\t\t\t\t\t\t\t\t\t\t\t\t\t\t\t\t\t\t\t\t\t\t\t\t\t\t\t\t\t\t\t\t\t\t\t\t\t\t\t\t\t\t\t\t\t\t\t\t\t\t\t\t\t\t\t\t\t<\/ul>\n\t<\/div>\n\t<div class=\"fusion-post-content-wrapper\" style=\"padding:30px 25px 25px 25px;\"><div class=\"fusion-post-content post-content\"><h2 class=\"blog-shortcode-post-title entry-title\"><a href=\"https:\/\/delux.com.tr\/dt\/tatil-hakkinda\/kayserkaya-dag-evlerinde-kalmak-icin-5-neden\/\">Kayserkaya Da\u011f Evlerinde Kalmak \u0130\u00e7in 5 Neden<\/a><\/h2><\/div><\/div><div class=\"fusion-clearfix\"><\/div><\/div>\n<\/article>\n<div class=\"fusion-clearfix\"><\/div><\/div><\/div><div class=\"fusion-text fusion-text-8\"><p>&#8211; Yolculu\u011funuzun her ola\u011fan\u00fcst\u00fc detay\u0131n \u00f6zenle se\u00e7ilmi\u015f olmas\u0131<\/p>\n<p>&#8211; Kusursuz bir \u015fekilde uygulanan, el yap\u0131m\u0131, esnek ve kusursuz g\u00fczergahlar<\/p>\n<p>&#8211; Egzotik destinasyonlarda uzman\u0131<\/p>\n<p>&#8211; Ola\u011fan\u00fcst\u00fc hizmet ve detaylara tavizsiz \u00f6zen<\/p>\n<p>&#8211; \u00c7iftler, aileler ve k\u00fc\u00e7\u00fck gruplar i\u00e7in m\u00fckemmel \u00f6zel yolculuklar<\/p>\n<p>&#8211; Kendi kal\u0131\u015f tarihinizi se\u00e7me \u00f6zg\u00fcrl\u00fc\u011f\u00fc<\/p>\n<p>&#8211; Tamamen \u00f6zelle\u015ftirilebilir deneyimler<\/p>\n<\/div><div class=\"fusion-text fusion-text-9\"><p><strong>Otel ve Tur Sat\u0131\u015f<\/strong><br \/>\n<a href=\"mailto:sales@delux.com.tr\">sales@delux.com.tr<\/a> &#8211; <a href=\"telto:+905559637216\">0555 963 7216<\/a><\/p>\n<\/div><\/div><\/div><\/div><\/div>\n","protected":false},"excerpt":{"rendered":"<p>Y\u0131l\u0131n d\u00f6rt mevsimi do\u011fan\u0131n t\u00fcm ihti\u015fam\u0131n\u0131 c\u00f6mert\u00e7e sunan Yedig\u00f6ller tam bir do\u011fa harikas\u0131! Ad\u0131 \u00fcst\u00fcnde, yedi g\u00f6l\u00fcn bir arada oldu\u011fu e\u015fsiz dokusu ve bol oksijenli havas\u0131yla bug\u00fcnlerde gidilecek en g\u00fczel yerler aras\u0131nda liste ba\u015f\u0131 oluyor.<\/p>\n","protected":false},"author":1,"featured_media":5739,"comment_status":"open","ping_status":"open","sticky":false,"template":"","format":"standard","meta":{"footnotes":""},"categories":[9],"tags":[195,450],"class_list":["post-3354","post","type-post","status-publish","format-standard","has-post-thumbnail","hentry","category-tatil-hakkinda","tag-hafta-sonu-tatilleri","tag-yedi-goller"],"_links":{"self":[{"href":"https:\/\/delux.com.tr\/dt\/wp-json\/wp\/v2\/posts\/3354","targetHints":{"allow":["GET"]}}],"collection":[{"href":"https:\/\/delux.com.tr\/dt\/wp-json\/wp\/v2\/posts"}],"about":[{"href":"https:\/\/delux.com.tr\/dt\/wp-json\/wp\/v2\/types\/post"}],"author":[{"embeddable":true,"href":"https:\/\/delux.com.tr\/dt\/wp-json\/wp\/v2\/users\/1"}],"replies":[{"embeddable":true,"href":"https:\/\/delux.com.tr\/dt\/wp-json\/wp\/v2\/comments?post=3354"}],"version-history":[{"count":1,"href":"https:\/\/delux.com.tr\/dt\/wp-json\/wp\/v2\/posts\/3354\/revisions"}],"predecessor-version":[{"id":5740,"href":"https:\/\/delux.com.tr\/dt\/wp-json\/wp\/v2\/posts\/3354\/revisions\/5740"}],"wp:featuredmedia":[{"embeddable":true,"href":"https:\/\/delux.com.tr\/dt\/wp-json\/wp\/v2\/media\/5739"}],"wp:attachment":[{"href":"https:\/\/delux.com.tr\/dt\/wp-json\/wp\/v2\/media?parent=3354"}],"wp:term":[{"taxonomy":"category","embeddable":true,"href":"https:\/\/delux.com.tr\/dt\/wp-json\/wp\/v2\/categories?post=3354"},{"taxonomy":"post_tag","embeddable":true,"href":"https:\/\/delux.com.tr\/dt\/wp-json\/wp\/v2\/tags?post=3354"}],"curies":[{"name":"wp","href":"https:\/\/api.w.org\/{rel}","templated":true}]}}