{"id":2858,"date":"2021-05-27T19:18:59","date_gmt":"2021-05-27T16:18:59","guid":{"rendered":"https:\/\/delux.com.tr\/tr\/?p=2858"},"modified":"2023-09-14T15:57:07","modified_gmt":"2023-09-14T12:57:07","slug":"tekne-tatilini-harika-bir-fikir-kilan-9-neden","status":"publish","type":"post","link":"https:\/\/delux.com.tr\/dt\/tatil-hakkinda\/tekne-tatilini-harika-bir-fikir-kilan-9-neden\/","title":{"rendered":"Tekne Tatili Hakk\u0131nda"},"content":{"rendered":"<div class=\"fusion-fullwidth fullwidth-box fusion-builder-row-1 fusion-flex-container nonhundred-percent-fullwidth non-hundred-percent-height-scrolling\" style=\"--awb-border-radius-top-left:0px;--awb-border-radius-top-right:0px;--awb-border-radius-bottom-right:0px;--awb-border-radius-bottom-left:0px;--awb-flex-wrap:wrap;\" ><div class=\"fusion-builder-row fusion-row fusion-flex-align-items-flex-start fusion-flex-content-wrap\" style=\"max-width:1414.4px;margin-left: calc(-4% \/ 2 );margin-right: calc(-4% \/ 2 );\"><div class=\"fusion-layout-column fusion_builder_column fusion-builder-column-0 fusion_builder_column_2_3 2_3 fusion-flex-column\" style=\"--awb-bg-size:cover;--awb-width-large:66.666666666667%;--awb-margin-top-large:0px;--awb-spacing-right-large:3.84%;--awb-margin-bottom-large:0px;--awb-spacing-left-large:2.88%;--awb-width-medium:66.666666666667%;--awb-spacing-right-medium:3.84%;--awb-spacing-left-medium:2.88%;--awb-width-small:100%;--awb-spacing-right-small:1.92%;--awb-spacing-left-small:1.92%;\"><div class=\"fusion-column-wrapper fusion-flex-justify-content-flex-start fusion-content-layout-column\"><div class=\"fusion-text fusion-text-1\"><p>Her sabah y\u00fcz\u00fcn\u00fcz\u00fc masmavi sulara atlayarak y\u0131kama fikri nas\u0131l sizce? Ya da haz\u0131r kahvalt\u0131 sofras\u0131n oturmak ya da her g\u00fcn\u00fc farkl\u0131 bir koyda bat\u0131r\u0131p, y\u0131ld\u0131zlar\u0131 seyrederek uyumak&#8230; Bu yaz tatilinizi bir teknede yaparak t\u00fcm bunlara ve \u00e7ok daha fazlas\u0131na sahip olabilirsiniz. Size tekne tatilini harika bir fikir k\u0131lan 9 nedeni a\u00e7\u0131kl\u0131yoruz.<\/p>\n<p><img decoding=\"async\" class=\"lazyload alignnone size-full wp-image-2859\" src=\"https:\/\/delux.com.tr\/dt\/wp-content\/uploads\/2021\/05\/tekne-tailini-harika-fikir-kilan-nedenler.jpg\" data-orig-src=\"https:\/\/delux.com.tr\/dt\/wp-content\/uploads\/2021\/05\/tekne-tailini-harika-fikir-kilan-nedenler.jpg\" alt=\"\" width=\"654\" height=\"403\" srcset=\"data:image\/svg+xml,%3Csvg%20xmlns%3D%27http%3A%2F%2Fwww.w3.org%2F2000%2Fsvg%27%20width%3D%27654%27%20height%3D%27403%27%20viewBox%3D%270%200%20654%20403%27%3E%3Crect%20width%3D%27654%27%20height%3D%27403%27%20fill-opacity%3D%220%22%2F%3E%3C%2Fsvg%3E\" data-srcset=\"https:\/\/delux.com.tr\/dt\/wp-content\/uploads\/2021\/05\/tekne-tailini-harika-fikir-kilan-nedenler-200x123.jpg 200w, https:\/\/delux.com.tr\/dt\/wp-content\/uploads\/2021\/05\/tekne-tailini-harika-fikir-kilan-nedenler-300x185.jpg 300w, https:\/\/delux.com.tr\/dt\/wp-content\/uploads\/2021\/05\/tekne-tailini-harika-fikir-kilan-nedenler-400x246.jpg 400w, https:\/\/delux.com.tr\/dt\/wp-content\/uploads\/2021\/05\/tekne-tailini-harika-fikir-kilan-nedenler-600x370.jpg 600w, https:\/\/delux.com.tr\/dt\/wp-content\/uploads\/2021\/05\/tekne-tailini-harika-fikir-kilan-nedenler.jpg 654w\" data-sizes=\"auto\" data-orig-sizes=\"(max-width: 654px) 100vw, 654px\" \/><\/p>\n<p><strong>1- Stresten Ar\u0131narak Do\u011fan\u0131n Tad\u0131n\u0131 \u00c7\u0131kar\u0131rs\u0131n\u0131z<\/strong><\/p>\n<p>Bazen gitti\u011finiz tatil ortam\u0131 size hi\u00e7 de \u00f6ncesinde hayal etti\u011finiz ortam\u0131 sa\u011flamaz, t\u0131pk\u0131 \u015fehir ya\u015fam\u0131 gibi stres dolu olabilir. K\u0131s\u0131tl\u0131 zaman i\u00e7inde g\u00f6r\u00fclecek yerleri bir bir s\u0131k\u0131\u015ft\u0131rmaya \u00e7al\u0131\u015fmak zorunda kalabilirsiniz. Oysa siz acele etmeye, stres ya\u015famaya de\u011fil tatile \u00e7\u0131kt\u0131n\u0131z! Tekneler oteller gibi geni\u015f hacimli de\u011fillerdir ancak tamamen size \u00f6zeldir ve se\u00e7ti\u011finiz tekneye g\u00f6re asla oteli aratmayacak konforu size sunabilir. Ayr\u0131ca yer de\u011fi\u015ftirirken zaman ve enerji de harcamam\u0131\u015f olursunuz. Tekne tatiliniz s\u0131ras\u0131nda denizin, g\u00fcne\u015fin, do\u011fan\u0131n ve dinlenmenin keyfini sonuna kadar \u00e7\u0131karabilirsiniz. Bunun sonucu size elbette dinlenmi\u015f bir beden ve zihin olarak d\u00f6necektir.<\/p>\n<p><strong>2- Yeni Yerler Ke\u015ffetmenizi Sa\u011flar<\/strong><\/p>\n<p>Her \u015fey dahil konseptte bir otel tatiline \u00e7\u0131kt\u0131\u011f\u0131n\u0131z zaman g\u00fcnleriniz \u00e7o\u011funlukla otel ve \u00e7evresinde ge\u00e7ecektir. Oysa rotas\u0131n\u0131 iyi \u00e7izdi\u011finiz bir tekne tatilinde birbirinden farkl\u0131 bir\u00e7ok koyu, beldeyi, aday\u0131 ke\u015ffetme imkan\u0131na sahip olursunuz. \u00d6rne\u011fin tekne tatilinizin Fethiye\u2019den ba\u015flad\u0131\u011f\u0131n\u0131 d\u00fc\u015f\u00fcnelim, Fethiye\u2019nin birbirinden g\u00fczel koylar\u0131n\u0131 tecr\u00fcbe ettikten sonra G\u00f6cek\u2019e ordan da Dalyan\u2019a do\u011fru harika bir mavi tur \u00e7izmeye ba\u015flayabilirsiniz.<\/p>\n<p><img decoding=\"async\" class=\"lazyload alignnone size-full wp-image-2860\" src=\"https:\/\/delux.com.tr\/dt\/wp-content\/uploads\/2021\/05\/tekne-tailini-harika-fikir-kilan-nedenler-1.jpg\" data-orig-src=\"https:\/\/delux.com.tr\/dt\/wp-content\/uploads\/2021\/05\/tekne-tailini-harika-fikir-kilan-nedenler-1.jpg\" alt=\"\" width=\"619\" height=\"370\" srcset=\"data:image\/svg+xml,%3Csvg%20xmlns%3D%27http%3A%2F%2Fwww.w3.org%2F2000%2Fsvg%27%20width%3D%27619%27%20height%3D%27370%27%20viewBox%3D%270%200%20619%20370%27%3E%3Crect%20width%3D%27619%27%20height%3D%27370%27%20fill-opacity%3D%220%22%2F%3E%3C%2Fsvg%3E\" data-srcset=\"https:\/\/delux.com.tr\/dt\/wp-content\/uploads\/2021\/05\/tekne-tailini-harika-fikir-kilan-nedenler-1-200x120.jpg 200w, https:\/\/delux.com.tr\/dt\/wp-content\/uploads\/2021\/05\/tekne-tailini-harika-fikir-kilan-nedenler-1-300x179.jpg 300w, https:\/\/delux.com.tr\/dt\/wp-content\/uploads\/2021\/05\/tekne-tailini-harika-fikir-kilan-nedenler-1-400x239.jpg 400w, https:\/\/delux.com.tr\/dt\/wp-content\/uploads\/2021\/05\/tekne-tailini-harika-fikir-kilan-nedenler-1-600x359.jpg 600w, https:\/\/delux.com.tr\/dt\/wp-content\/uploads\/2021\/05\/tekne-tailini-harika-fikir-kilan-nedenler-1.jpg 619w\" data-sizes=\"auto\" data-orig-sizes=\"(max-width: 619px) 100vw, 619px\" \/><\/p>\n<p><strong>3- Daha \u00c7ok Hareket \u0130mkan\u0131 Sa\u011flar<\/strong><\/p>\n<p>Tekne tatilini d\u00fc\u015f\u00fcnd\u00fc\u011f\u00fcn\u00fczde yaln\u0131zca bir teknenin i\u00e7inde dar bir alanda kald\u0131\u011f\u0131n\u0131z\u0131 ve hareket alan\u0131n\u0131z\u0131n darl\u0131\u011f\u0131ndan k\u0131s\u0131tl\u0131 hareket edece\u011finizi d\u00fc\u015f\u00fcnebilirsiniz bizden s\u00f6ylemesi, asl\u0131nda durum tam tersi. \u015eezlongda uzanarak ge\u00e7irece\u011finiz bir tatile g\u00f6re yeni koylara gittik\u00e7e bol bol y\u00fczecek hatta dal\u0131\u015f yapabileceksiniz. Dahas\u0131 bir yelkenli tekne kiralarsan\u0131z yelken sporunu da deneyimlemi\u015f olacaks\u0131n\u0131z.<\/p>\n<p><strong>4- Dengeli Beslenirsiniz<\/strong><\/p>\n<p>\u00c7ok y\u0131ld\u0131zl\u0131 otellerin a\u00e7\u0131k b\u00fcfeleri ve \u00f6zel se\u00e7kileri sizi fazlas\u0131yla cezbedebilir. Ancak bir tekne seyahatine \u00e7\u0131kt\u0131\u011f\u0131n\u0131zda men\u00fcn\u00fcz\u00fc de kendiniz belirlersiniz. Yemeklerinizi istedi\u011finiz \u015fekilde haz\u0131rlat\u0131p, bunun keyfini \u00e7\u0131karabilirsiniz. Yerel \u00fcr\u00fcnlerin tad\u0131n\u0131 \u00e7\u0131kartmak ve seviyorsan\u0131z bol bol deniz \u00fcr\u00fcn\u00fc t\u00fcketmek de cabas\u0131!<\/p>\n<p><img decoding=\"async\" class=\"lazyload alignnone size-full wp-image-2861\" src=\"https:\/\/delux.com.tr\/dt\/wp-content\/uploads\/2021\/05\/tekne-tailini-harika-fikir-kilan-nedenler-2.jpg\" data-orig-src=\"https:\/\/delux.com.tr\/dt\/wp-content\/uploads\/2021\/05\/tekne-tailini-harika-fikir-kilan-nedenler-2.jpg\" alt=\"\" width=\"656\" height=\"492\" srcset=\"data:image\/svg+xml,%3Csvg%20xmlns%3D%27http%3A%2F%2Fwww.w3.org%2F2000%2Fsvg%27%20width%3D%27656%27%20height%3D%27492%27%20viewBox%3D%270%200%20656%20492%27%3E%3Crect%20width%3D%27656%27%20height%3D%27492%27%20fill-opacity%3D%220%22%2F%3E%3C%2Fsvg%3E\" data-srcset=\"https:\/\/delux.com.tr\/dt\/wp-content\/uploads\/2021\/05\/tekne-tailini-harika-fikir-kilan-nedenler-2-200x150.jpg 200w, https:\/\/delux.com.tr\/dt\/wp-content\/uploads\/2021\/05\/tekne-tailini-harika-fikir-kilan-nedenler-2-300x225.jpg 300w, https:\/\/delux.com.tr\/dt\/wp-content\/uploads\/2021\/05\/tekne-tailini-harika-fikir-kilan-nedenler-2-400x300.jpg 400w, https:\/\/delux.com.tr\/dt\/wp-content\/uploads\/2021\/05\/tekne-tailini-harika-fikir-kilan-nedenler-2-600x450.jpg 600w, https:\/\/delux.com.tr\/dt\/wp-content\/uploads\/2021\/05\/tekne-tailini-harika-fikir-kilan-nedenler-2.jpg 656w\" data-sizes=\"auto\" data-orig-sizes=\"(max-width: 656px) 100vw, 656px\" \/><\/p>\n<p><strong>5- Orman, Deniz ve Bol Oksijen<\/strong><\/p>\n<p>\u0130\u015fte size harika bir \u00fc\u00e7l\u00fc! Tekne tatili size do\u011fayla i\u00e7 i\u00e7e zaman ge\u00e7irme f\u0131rsat\u0131 sa\u011flar. Bu nedenle rotan\u0131zdaki neredeyse t\u00fcm koylarda mavi ve ye\u015filin bir\u00e7ok tonunu g\u00f6rebilir, do\u011fan\u0131n sizi sakinle\u015ftirmesine, ar\u0131nd\u0131rmas\u0131na izin verebilirsiniz.<\/p>\n<p><strong>6- D Vitamini Stoklar\u0131n\u0131 Fullersiniz<\/strong><\/p>\n<p>\u0130\u00e7inde bulundu\u011fumuz pandemi ko\u015fullar\u0131 nedeniyle neredeyse bir bu\u00e7uk y\u0131ld\u0131r hemen hepimizin evlerimizde oldu\u011funu g\u00f6z \u00f6n\u00fcne al\u0131rsak asl\u0131nda d vitaminine ne kadar \u00e7ok ihtiyac\u0131m\u0131z oldu\u011fu anlayabiliriz. Ba\u011f\u0131\u015f\u0131kl\u0131k sistemimiz i\u00e7in en \u00f6nemli etkenlerden birisi olan D vitaminini besinler ve takviye g\u0131dalar ile alabilsek de en \u00f6nemli kayna\u011f\u0131 g\u00fcne\u015ftir. Tekne tatili s\u0131ras\u0131nda zaman\u0131n\u0131z\u0131n \u00e7o\u011funu g\u00fcne\u015fte ge\u00e7irece\u011finiz i\u00e7in bolca d vitamini depolam\u0131\u015f olursunuz.<\/p>\n<p><img decoding=\"async\" class=\"lazyload alignnone size-full wp-image-2862\" src=\"https:\/\/delux.com.tr\/dt\/wp-content\/uploads\/2021\/05\/tekne-tailini-harika-fikir-kilan-nedenler-3.jpg\" data-orig-src=\"https:\/\/delux.com.tr\/dt\/wp-content\/uploads\/2021\/05\/tekne-tailini-harika-fikir-kilan-nedenler-3.jpg\" alt=\"\" width=\"663\" height=\"442\" srcset=\"data:image\/svg+xml,%3Csvg%20xmlns%3D%27http%3A%2F%2Fwww.w3.org%2F2000%2Fsvg%27%20width%3D%27663%27%20height%3D%27442%27%20viewBox%3D%270%200%20663%20442%27%3E%3Crect%20width%3D%27663%27%20height%3D%27442%27%20fill-opacity%3D%220%22%2F%3E%3C%2Fsvg%3E\" data-srcset=\"https:\/\/delux.com.tr\/dt\/wp-content\/uploads\/2021\/05\/tekne-tailini-harika-fikir-kilan-nedenler-3-200x133.jpg 200w, https:\/\/delux.com.tr\/dt\/wp-content\/uploads\/2021\/05\/tekne-tailini-harika-fikir-kilan-nedenler-3-300x200.jpg 300w, https:\/\/delux.com.tr\/dt\/wp-content\/uploads\/2021\/05\/tekne-tailini-harika-fikir-kilan-nedenler-3-400x267.jpg 400w, https:\/\/delux.com.tr\/dt\/wp-content\/uploads\/2021\/05\/tekne-tailini-harika-fikir-kilan-nedenler-3-600x400.jpg 600w, https:\/\/delux.com.tr\/dt\/wp-content\/uploads\/2021\/05\/tekne-tailini-harika-fikir-kilan-nedenler-3.jpg 663w\" data-sizes=\"auto\" data-orig-sizes=\"(max-width: 663px) 100vw, 663px\" \/><\/p>\n<p><strong>7- Deniz Suyunun Ar\u0131nd\u0131r\u0131c\u0131 G\u00fcc\u00fcnden Faydalan\u0131rs\u0131n\u0131z<\/strong><\/p>\n<p>Ba\u015ftan anla\u015fal\u0131m, deniz suyu bedeninize de ruhunuza da \u00e7ok iyi gelir. Tuzlu su cildinizi g\u00fczelle\u015ftirecek, uykunuzu d\u00fczenleyecek ve ba\u011f\u0131\u015f\u0131kl\u0131k sisteminizin kuvvetlenmesine yard\u0131mc\u0131 olacakt\u0131r. Mavi tatiliniz boyunca s\u0131kl\u0131kla y\u00fczerek deniz suyunun \u015fifas\u0131n\u0131 alacaks\u0131n\u0131z.<\/p>\n<p><strong>8- B\u00fct\u00e7enizi Siz Belirlersiniz<\/strong><\/p>\n<p>Tekne tatilinin bir di\u011fer g\u00fczel yan\u0131 da yapaca\u011f\u0131n\u0131z \u00e7o\u011fu harcama \u00f6nceden bellidir. Hatta arada karaya \u00e7\u0131kmak istemezseniz ba\u015fka hi\u00e7bir \u00fccret \u00f6demeden tam belirledi\u011finiz b\u00fct\u00e7e ile tatilinizi noktalam\u0131\u015f olursunuz. Tekne tatilinizle ilgili kiralama, yak\u0131t, m\u00fcrettebat hatta yurt d\u0131\u015f\u0131na \u00e7\u0131k\u0131\u015f yapacaksan\u0131z bununla ilgili i\u015flemler ve \u00fccretlendirmeler gibi t\u00fcm detaylar tatil \u00f6ncesinde konu\u015fulmu\u015f olur. \u00d6demenizi yapt\u0131ktan sonra da keyifli tatiliniz ba\u015flar.<\/p>\n<p><strong>9- En \u0130zole Tatil \u0130mkan\u0131<\/strong><\/p>\n<p>Covid-19 salg\u0131n\u0131 ve etkilerini d\u00fc\u015f\u00fcnd\u00fc\u011f\u00fcm\u00fczde bu vir\u00fcs\u00fcn mekan, zaman ve co\u011frafya ay\u0131rmad\u0131\u011f\u0131na hep birlikte \u015fahit oluyoruz. Restoran, otel ya da di\u011fer sosyal i\u015fletmelerin t\u00fcm\u00fc gerekli kurallara harfiyen uysalar da yo\u011fun misafir trafi\u011fi nedeniyle tam koruma sa\u011flanmas\u0131nda g\u00fc\u00e7l\u00fck \u00e7ekilebilir. Bu nedenle tekne tatili di\u011fer t\u00fcm tatil opsiyonlar\u0131na g\u00f6re \u00e7ok daha g\u00fcvenlidir. Teknede g\u00fcvendi\u011finiz ki\u015filerle birlikte bir tatil planlamak size kendinizi daha g\u00fcvende hissettirecek b\u00f6ylelikle tatilinizin tad\u0131n\u0131 tam anlam\u0131yla alabileceksiniz.<\/p>\n<\/div><\/div><\/div><div class=\"fusion-layout-column fusion_builder_column fusion-builder-column-1 fusion_builder_column_1_3 1_3 fusion-flex-column\" style=\"--awb-padding-top:4%;--awb-padding-right:4%;--awb-padding-bottom:4%;--awb-padding-left:4%;--awb-bg-color:#f2f2f2;--awb-bg-color-hover:#f2f2f2;--awb-bg-size:cover;--awb-width-large:33.333333333333%;--awb-margin-top-large:0px;--awb-spacing-right-large:5.76%;--awb-margin-bottom-large:0px;--awb-spacing-left-large:3.84%;--awb-width-medium:33.333333333333%;--awb-order-medium:0;--awb-spacing-right-medium:5.76%;--awb-spacing-left-medium:3.84%;--awb-width-small:100%;--awb-order-small:0;--awb-spacing-right-small:1.92%;--awb-spacing-left-small:1.92%;\"><div class=\"fusion-column-wrapper fusion-column-has-shadow fusion-flex-justify-content-flex-start fusion-content-layout-column\"><div class=\"fusion-blog-shortcode fusion-blog-shortcode-1 fusion-blog-archive fusion-blog-layout-grid-wrapper fusion-blog-no\"><style type=\"text\/css\">.fusion-blog-shortcode-1 .fusion-blog-layout-grid .fusion-post-grid{padding:20px;}.fusion-blog-shortcode-1 .fusion-posts-container{margin-left: -20px !important; margin-right:-20px !important;}<\/style><div class=\"fusion-posts-container fusion-posts-container-no fusion-no-meta-info fusion-blog-layout-grid fusion-blog-layout-grid-1 isotope\" data-pages=\"39\" data-grid-col-space=\"40\" style=\"margin: -20px -20px 0;min-height:500px;\"><article id=\"blog-1-post-4104\" class=\"fusion-post-grid post-4104 post type-post status-publish format-standard has-post-thumbnail hentry category-tatil-hakkinda tag-ege-ekspresi tag-kapadokya-ekspresi tag-tren-yolculugu\">\n<div class=\"fusion-post-wrapper\" style=\"background-color:rgba(255,255,255,0);border:1px solid var(--awb-color2);border-bottom-width:3px;\">\n\n\t\t\t<div class=\"fusion-flexslider flexslider fusion-flexslider-loading fusion-post-slideshow\" style=\"border-color:var(--awb-color2);\">\n\t\t<ul class=\"slides\">\n\t\t\t\n\t\t\t\t\t\t\t\t\t\t\t\t\t\t<li><div  class=\"fusion-image-wrapper\" aria-haspopup=\"true\">\n\t\t\t\t\t\t\t<a href=\"https:\/\/delux.com.tr\/dt\/tatil-hakkinda\/turkiye-nin-tren-rotalari\/\" aria-label=\"T\u00fcrkiye&#8217; nin Tren Rotalar\u0131\">\n\t\t\t\t\t\t\t<img decoding=\"async\" width=\"800\" height=\"500\" src=\"https:\/\/delux.com.tr\/dt\/wp-content\/uploads\/2022\/03\/ege-ekspresi-1-1.jpg\" class=\"attachment-full size-full lazyload wp-post-image\" alt=\"\" srcset=\"data:image\/svg+xml,%3Csvg%20xmlns%3D%27http%3A%2F%2Fwww.w3.org%2F2000%2Fsvg%27%20width%3D%27800%27%20height%3D%27500%27%20viewBox%3D%270%200%20800%20500%27%3E%3Crect%20width%3D%27800%27%20height%3D%27500%27%20fill-opacity%3D%220%22%2F%3E%3C%2Fsvg%3E\" data-orig-src=\"https:\/\/delux.com.tr\/dt\/wp-content\/uploads\/2022\/03\/ege-ekspresi-1-1.jpg\" data-srcset=\"https:\/\/delux.com.tr\/dt\/wp-content\/uploads\/2022\/03\/ege-ekspresi-1-1-200x125.jpg 200w, https:\/\/delux.com.tr\/dt\/wp-content\/uploads\/2022\/03\/ege-ekspresi-1-1-400x250.jpg 400w, https:\/\/delux.com.tr\/dt\/wp-content\/uploads\/2022\/03\/ege-ekspresi-1-1-600x375.jpg 600w, https:\/\/delux.com.tr\/dt\/wp-content\/uploads\/2022\/03\/ege-ekspresi-1-1.jpg 800w\" data-sizes=\"auto\" \/>\t\t\t<\/a>\n\t\t\t\t\t\t\t<\/div>\n<\/li>\n\t\t\t\n\t\t\t\n\t\t\t\t\t\t\t\t\t\t\t\t\t\t\t\t\t\t\t\t\t\t\t\t\t\t\t\t\t\t\t\t\t\t\t\t\t\t\t\t\t\t\t\t\t\t\t\t\t\t\t\t\t\t\t\t\t\t\t\t\t\t\t\t\t\t\t\t<\/ul>\n\t<\/div>\n\t<div class=\"fusion-post-content-wrapper\" style=\"padding:30px 25px 25px 25px;\"><div class=\"fusion-post-content post-content\"><h2 class=\"blog-shortcode-post-title entry-title\"><a href=\"https:\/\/delux.com.tr\/dt\/tatil-hakkinda\/turkiye-nin-tren-rotalari\/\">T\u00fcrkiye&#8217; nin Tren Rotalar\u0131<\/a><\/h2><\/div><\/div><div class=\"fusion-clearfix\"><\/div><\/div>\n<\/article>\n<article id=\"blog-1-post-4092\" class=\"fusion-post-grid post-4092 post type-post status-publish format-standard has-post-thumbnail hentry category-tatil-hakkinda tag-canakkale\">\n<div class=\"fusion-post-wrapper\" style=\"background-color:rgba(255,255,255,0);border:1px solid var(--awb-color2);border-bottom-width:3px;\">\n\n\t\t\t<div class=\"fusion-flexslider flexslider fusion-flexslider-loading fusion-post-slideshow\" style=\"border-color:var(--awb-color2);\">\n\t\t<ul class=\"slides\">\n\t\t\t\n\t\t\t\t\t\t\t\t\t\t\t\t\t\t<li><div  class=\"fusion-image-wrapper\" aria-haspopup=\"true\">\n\t\t\t\t\t\t\t<a href=\"https:\/\/delux.com.tr\/dt\/tatil-hakkinda\/destanin-sembolu-canakkale-sehitler-abidesinin-bilinmeyen-oykusu\/\" aria-label=\"Destan\u0131n Sembol\u00fc \u00c7anakkale \u015eehitler Abidesi&#8217;nin Bilinmeyen \u00d6yk\u00fcs\u00fc\">\n\t\t\t\t\t\t\t<img decoding=\"async\" width=\"800\" height=\"500\" src=\"https:\/\/delux.com.tr\/dt\/wp-content\/uploads\/2022\/03\/canakkale-sehitler-aniti-2.jpg\" class=\"attachment-full size-full lazyload wp-post-image\" alt=\"\" srcset=\"data:image\/svg+xml,%3Csvg%20xmlns%3D%27http%3A%2F%2Fwww.w3.org%2F2000%2Fsvg%27%20width%3D%27800%27%20height%3D%27500%27%20viewBox%3D%270%200%20800%20500%27%3E%3Crect%20width%3D%27800%27%20height%3D%27500%27%20fill-opacity%3D%220%22%2F%3E%3C%2Fsvg%3E\" data-orig-src=\"https:\/\/delux.com.tr\/dt\/wp-content\/uploads\/2022\/03\/canakkale-sehitler-aniti-2.jpg\" data-srcset=\"https:\/\/delux.com.tr\/dt\/wp-content\/uploads\/2022\/03\/canakkale-sehitler-aniti-2-200x125.jpg 200w, https:\/\/delux.com.tr\/dt\/wp-content\/uploads\/2022\/03\/canakkale-sehitler-aniti-2-400x250.jpg 400w, https:\/\/delux.com.tr\/dt\/wp-content\/uploads\/2022\/03\/canakkale-sehitler-aniti-2-600x375.jpg 600w, https:\/\/delux.com.tr\/dt\/wp-content\/uploads\/2022\/03\/canakkale-sehitler-aniti-2.jpg 800w\" data-sizes=\"auto\" \/>\t\t\t<\/a>\n\t\t\t\t\t\t\t<\/div>\n<\/li>\n\t\t\t\n\t\t\t\n\t\t\t\t\t\t\t\t\t\t\t\t\t\t\t\t\t\t\t\t\t\t\t\t\t\t\t\t\t\t\t\t\t\t\t\t\t\t\t\t\t\t\t\t\t\t\t\t\t\t\t\t\t\t\t\t\t\t\t\t\t\t\t\t\t\t\t\t<\/ul>\n\t<\/div>\n\t<div class=\"fusion-post-content-wrapper\" style=\"padding:30px 25px 25px 25px;\"><div class=\"fusion-post-content post-content\"><h2 class=\"blog-shortcode-post-title entry-title\"><a href=\"https:\/\/delux.com.tr\/dt\/tatil-hakkinda\/destanin-sembolu-canakkale-sehitler-abidesinin-bilinmeyen-oykusu\/\">Destan\u0131n Sembol\u00fc \u00c7anakkale \u015eehitler Abidesi&#8217;nin Bilinmeyen \u00d6yk\u00fcs\u00fc<\/a><\/h2><\/div><\/div><div class=\"fusion-clearfix\"><\/div><\/div>\n<\/article>\n<article id=\"blog-1-post-3760\" class=\"fusion-post-grid post-3760 post type-post status-publish format-standard has-post-thumbnail hentry category-tatil-hakkinda tag-avcikoru-tabiat-parki tag-aydos-ormani tag-belgrad-ormani tag-emirgan-korusu tag-istanbul tag-macera-tatili tag-polenezkoy-tabiat-parki tag-turkmenbasi-tabiat-parki tag-yuruyus-rotalari\">\n<div class=\"fusion-post-wrapper\" style=\"background-color:rgba(255,255,255,0);border:1px solid var(--awb-color2);border-bottom-width:3px;\">\n\n\t\t\t<div class=\"fusion-flexslider flexslider fusion-flexslider-loading fusion-post-slideshow\" style=\"border-color:var(--awb-color2);\">\n\t\t<ul class=\"slides\">\n\t\t\t\n\t\t\t\t\t\t\t\t\t\t\t\t\t\t<li><div  class=\"fusion-image-wrapper\" aria-haspopup=\"true\">\n\t\t\t\t\t\t\t<a href=\"https:\/\/delux.com.tr\/dt\/tatil-hakkinda\/istanbulda-yuruyus-yapabileceginiz-en-iyi-6-rota\/\" aria-label=\"\u0130stanbul\u2019da Y\u00fcr\u00fcy\u00fc\u015f Yapabilece\u011finiz En \u0130yi 6 Rota\">\n\t\t\t\t\t\t\t<img decoding=\"async\" width=\"800\" height=\"538\" src=\"https:\/\/delux.com.tr\/dt\/wp-content\/uploads\/2022\/01\/belgrad-ormani-sariyer-istanbul-1.jpg\" class=\"attachment-full size-full lazyload wp-post-image\" alt=\"\" srcset=\"data:image\/svg+xml,%3Csvg%20xmlns%3D%27http%3A%2F%2Fwww.w3.org%2F2000%2Fsvg%27%20width%3D%27800%27%20height%3D%27538%27%20viewBox%3D%270%200%20800%20538%27%3E%3Crect%20width%3D%27800%27%20height%3D%27538%27%20fill-opacity%3D%220%22%2F%3E%3C%2Fsvg%3E\" data-orig-src=\"https:\/\/delux.com.tr\/dt\/wp-content\/uploads\/2022\/01\/belgrad-ormani-sariyer-istanbul-1.jpg\" data-srcset=\"https:\/\/delux.com.tr\/dt\/wp-content\/uploads\/2022\/01\/belgrad-ormani-sariyer-istanbul-1-200x135.jpg 200w, https:\/\/delux.com.tr\/dt\/wp-content\/uploads\/2022\/01\/belgrad-ormani-sariyer-istanbul-1-400x269.jpg 400w, https:\/\/delux.com.tr\/dt\/wp-content\/uploads\/2022\/01\/belgrad-ormani-sariyer-istanbul-1-600x404.jpg 600w, https:\/\/delux.com.tr\/dt\/wp-content\/uploads\/2022\/01\/belgrad-ormani-sariyer-istanbul-1.jpg 800w\" data-sizes=\"auto\" \/>\t\t\t<\/a>\n\t\t\t\t\t\t\t<\/div>\n<\/li>\n\t\t\t\n\t\t\t\n\t\t\t\t\t\t\t\t\t\t\t\t\t\t\t\t\t\t\t\t\t\t\t\t\t\t\t\t\t\t\t\t\t\t\t\t\t\t\t\t\t\t\t\t\t\t\t\t\t\t\t\t\t\t\t\t\t\t\t\t\t\t\t\t\t\t\t\t<\/ul>\n\t<\/div>\n\t<div class=\"fusion-post-content-wrapper\" style=\"padding:30px 25px 25px 25px;\"><div class=\"fusion-post-content post-content\"><h2 class=\"blog-shortcode-post-title entry-title\"><a href=\"https:\/\/delux.com.tr\/dt\/tatil-hakkinda\/istanbulda-yuruyus-yapabileceginiz-en-iyi-6-rota\/\">\u0130stanbul\u2019da Y\u00fcr\u00fcy\u00fc\u015f Yapabilece\u011finiz En \u0130yi 6 Rota<\/a><\/h2><\/div><\/div><div class=\"fusion-clearfix\"><\/div><\/div>\n<\/article>\n<article id=\"blog-1-post-3379\" class=\"fusion-post-grid post-3379 post type-post status-publish format-standard has-post-thumbnail hentry category-tatil-hakkinda tag-yunanistan\">\n<div class=\"fusion-post-wrapper\" style=\"background-color:rgba(255,255,255,0);border:1px solid var(--awb-color2);border-bottom-width:3px;\">\n\n\t\t\t<div class=\"fusion-flexslider flexslider fusion-flexslider-loading fusion-post-slideshow\" style=\"border-color:var(--awb-color2);\">\n\t\t<ul class=\"slides\">\n\t\t\t\n\t\t\t\t\t\t\t\t\t\t\t\t\t\t<li><div  class=\"fusion-image-wrapper\" aria-haspopup=\"true\">\n\t\t\t\t\t\t\t<a href=\"https:\/\/delux.com.tr\/dt\/tatil-hakkinda\/turkiyeden-yunanistana-seyahat-basliyor-yunanistana-gidis-kosullari-neler\/\" aria-label=\"T\u00fcrkiye&#8217;den Yunanistan&#8217;a Seyahat Ba\u015fl\u0131yor: Yunanistan&#8217;a Gidi\u015f Ko\u015fullar\u0131 Neler?\">\n\t\t\t\t\t\t\t<img decoding=\"async\" width=\"800\" height=\"400\" src=\"https:\/\/delux.com.tr\/dt\/wp-content\/uploads\/2021\/08\/yunanistana-giris-kosullari-nelerdir.jpg\" class=\"attachment-full size-full lazyload wp-post-image\" alt=\"\" srcset=\"data:image\/svg+xml,%3Csvg%20xmlns%3D%27http%3A%2F%2Fwww.w3.org%2F2000%2Fsvg%27%20width%3D%27800%27%20height%3D%27400%27%20viewBox%3D%270%200%20800%20400%27%3E%3Crect%20width%3D%27800%27%20height%3D%27400%27%20fill-opacity%3D%220%22%2F%3E%3C%2Fsvg%3E\" data-orig-src=\"https:\/\/delux.com.tr\/dt\/wp-content\/uploads\/2021\/08\/yunanistana-giris-kosullari-nelerdir.jpg\" data-srcset=\"https:\/\/delux.com.tr\/dt\/wp-content\/uploads\/2021\/08\/yunanistana-giris-kosullari-nelerdir-200x100.jpg 200w, https:\/\/delux.com.tr\/dt\/wp-content\/uploads\/2021\/08\/yunanistana-giris-kosullari-nelerdir-400x200.jpg 400w, https:\/\/delux.com.tr\/dt\/wp-content\/uploads\/2021\/08\/yunanistana-giris-kosullari-nelerdir-600x300.jpg 600w, https:\/\/delux.com.tr\/dt\/wp-content\/uploads\/2021\/08\/yunanistana-giris-kosullari-nelerdir.jpg 800w\" data-sizes=\"auto\" \/>\t\t\t<\/a>\n\t\t\t\t\t\t\t<\/div>\n<\/li>\n\t\t\t\n\t\t\t\n\t\t\t\t\t\t\t\t\t\t\t\t\t\t\t\t\t\t\t\t\t\t\t\t\t\t\t\t\t\t\t\t\t\t\t\t\t\t\t\t\t\t\t\t\t\t\t\t\t\t\t\t\t\t\t\t\t\t\t\t\t\t\t\t\t\t\t\t<\/ul>\n\t<\/div>\n\t<div class=\"fusion-post-content-wrapper\" style=\"padding:30px 25px 25px 25px;\"><div class=\"fusion-post-content post-content\"><h2 class=\"blog-shortcode-post-title entry-title\"><a href=\"https:\/\/delux.com.tr\/dt\/tatil-hakkinda\/turkiyeden-yunanistana-seyahat-basliyor-yunanistana-gidis-kosullari-neler\/\">T\u00fcrkiye&#8217;den Yunanistan&#8217;a Seyahat Ba\u015fl\u0131yor: Yunanistan&#8217;a Gidi\u015f Ko\u015fullar\u0131 Neler?<\/a><\/h2><\/div><\/div><div class=\"fusion-clearfix\"><\/div><\/div>\n<\/article>\n<article id=\"blog-1-post-2848\" class=\"fusion-post-grid post-2848 post type-post status-publish format-standard has-post-thumbnail hentry category-tatil-hakkinda tag-balayi-tatili tag-maldivler\">\n<div class=\"fusion-post-wrapper\" style=\"background-color:rgba(255,255,255,0);border:1px solid var(--awb-color2);border-bottom-width:3px;\">\n\n\t\t\t<div class=\"fusion-flexslider flexslider fusion-flexslider-loading fusion-post-slideshow\" style=\"border-color:var(--awb-color2);\">\n\t\t<ul class=\"slides\">\n\t\t\t\n\t\t\t\t\t\t\t\t\t\t\t\t\t\t<li><div  class=\"fusion-image-wrapper\" aria-haspopup=\"true\">\n\t\t\t\t\t\t\t<a href=\"https:\/\/delux.com.tr\/dt\/tatil-hakkinda\/romantik-balayinin-degismeyen-adresi\/\" aria-label=\"Romantik Balay\u0131n\u0131n De\u011fi\u015fmeyen Adresi Maldivler\">\n\t\t\t\t\t\t\t<img decoding=\"async\" width=\"743\" height=\"507\" src=\"https:\/\/delux.com.tr\/dt\/wp-content\/uploads\/2021\/05\/maldivler-romantik-balayi-3-1.jpg\" class=\"attachment-full size-full lazyload wp-post-image\" alt=\"\" srcset=\"data:image\/svg+xml,%3Csvg%20xmlns%3D%27http%3A%2F%2Fwww.w3.org%2F2000%2Fsvg%27%20width%3D%27743%27%20height%3D%27507%27%20viewBox%3D%270%200%20743%20507%27%3E%3Crect%20width%3D%27743%27%20height%3D%27507%27%20fill-opacity%3D%220%22%2F%3E%3C%2Fsvg%3E\" data-orig-src=\"https:\/\/delux.com.tr\/dt\/wp-content\/uploads\/2021\/05\/maldivler-romantik-balayi-3-1.jpg\" data-srcset=\"https:\/\/delux.com.tr\/dt\/wp-content\/uploads\/2021\/05\/maldivler-romantik-balayi-3-1-200x136.jpg 200w, https:\/\/delux.com.tr\/dt\/wp-content\/uploads\/2021\/05\/maldivler-romantik-balayi-3-1-400x273.jpg 400w, https:\/\/delux.com.tr\/dt\/wp-content\/uploads\/2021\/05\/maldivler-romantik-balayi-3-1-600x409.jpg 600w, https:\/\/delux.com.tr\/dt\/wp-content\/uploads\/2021\/05\/maldivler-romantik-balayi-3-1.jpg 743w\" data-sizes=\"auto\" \/>\t\t\t<\/a>\n\t\t\t\t\t\t\t<\/div>\n<\/li>\n\t\t\t\n\t\t\t\n\t\t\t\t\t\t\t\t\t\t\t\t\t\t\t\t\t\t\t\t\t\t\t\t\t\t\t\t\t\t\t\t\t\t\t\t\t\t\t\t\t\t\t\t\t\t\t\t\t\t\t\t\t\t\t\t\t\t\t\t\t\t\t\t\t\t\t\t<\/ul>\n\t<\/div>\n\t<div class=\"fusion-post-content-wrapper\" style=\"padding:30px 25px 25px 25px;\"><div class=\"fusion-post-content post-content\"><h2 class=\"blog-shortcode-post-title entry-title\"><a href=\"https:\/\/delux.com.tr\/dt\/tatil-hakkinda\/romantik-balayinin-degismeyen-adresi\/\">Romantik Balay\u0131n\u0131n De\u011fi\u015fmeyen Adresi Maldivler<\/a><\/h2><\/div><\/div><div class=\"fusion-clearfix\"><\/div><\/div>\n<\/article>\n<div class=\"fusion-clearfix\"><\/div><\/div><\/div><div class=\"fusion-text fusion-text-2\"><p>&#8211; Yolculu\u011funuzun her ola\u011fan\u00fcst\u00fc detay\u0131n \u00f6zenle se\u00e7ilmi\u015f olmas\u0131<\/p>\n<p>&#8211; Kusursuz bir \u015fekilde uygulanan, el yap\u0131m\u0131, esnek ve kusursuz g\u00fczergahlar<\/p>\n<p>&#8211; Egzotik destinasyonlarda uzman\u0131<\/p>\n<p>&#8211; Ola\u011fan\u00fcst\u00fc hizmet ve detaylara tavizsiz \u00f6zen<\/p>\n<p>&#8211; \u00c7iftler, aileler ve k\u00fc\u00e7\u00fck gruplar i\u00e7in m\u00fckemmel \u00f6zel yolculuklar<\/p>\n<p>&#8211; Kendi kal\u0131\u015f tarihinizi se\u00e7me \u00f6zg\u00fcrl\u00fc\u011f\u00fc<\/p>\n<p>&#8211; Tamamen \u00f6zelle\u015ftirilebilir deneyimler<\/p>\n<\/div><div class=\"fusion-text fusion-text-3\"><p><strong>Otel ve Tur Sat\u0131\u015f<\/strong><br \/><a href=\"mailto:sales@delux.com.tr\">sales@delux.com.tr<\/a> &#8211; <a href=\"telto:+905559637216\">0555 963 7216<\/a><\/p>\n<\/div><\/div><\/div><\/div><\/div>\n","protected":false},"excerpt":{"rendered":"","protected":false},"author":1,"featured_media":5849,"comment_status":"open","ping_status":"open","sticky":false,"template":"","format":"standard","meta":{"footnotes":""},"categories":[9],"tags":[411],"class_list":["post-2858","post","type-post","status-publish","format-standard","has-post-thumbnail","hentry","category-tatil-hakkinda","tag-tekne-tatili"],"_links":{"self":[{"href":"https:\/\/delux.com.tr\/dt\/wp-json\/wp\/v2\/posts\/2858","targetHints":{"allow":["GET"]}}],"collection":[{"href":"https:\/\/delux.com.tr\/dt\/wp-json\/wp\/v2\/posts"}],"about":[{"href":"https:\/\/delux.com.tr\/dt\/wp-json\/wp\/v2\/types\/post"}],"author":[{"embeddable":true,"href":"https:\/\/delux.com.tr\/dt\/wp-json\/wp\/v2\/users\/1"}],"replies":[{"embeddable":true,"href":"https:\/\/delux.com.tr\/dt\/wp-json\/wp\/v2\/comments?post=2858"}],"version-history":[{"count":2,"href":"https:\/\/delux.com.tr\/dt\/wp-json\/wp\/v2\/posts\/2858\/revisions"}],"predecessor-version":[{"id":5850,"href":"https:\/\/delux.com.tr\/dt\/wp-json\/wp\/v2\/posts\/2858\/revisions\/5850"}],"wp:featuredmedia":[{"embeddable":true,"href":"https:\/\/delux.com.tr\/dt\/wp-json\/wp\/v2\/media\/5849"}],"wp:attachment":[{"href":"https:\/\/delux.com.tr\/dt\/wp-json\/wp\/v2\/media?parent=2858"}],"wp:term":[{"taxonomy":"category","embeddable":true,"href":"https:\/\/delux.com.tr\/dt\/wp-json\/wp\/v2\/categories?post=2858"},{"taxonomy":"post_tag","embeddable":true,"href":"https:\/\/delux.com.tr\/dt\/wp-json\/wp\/v2\/tags?post=2858"}],"curies":[{"name":"wp","href":"https:\/\/api.w.org\/{rel}","templated":true}]}}