{"id":2182,"date":"2020-04-19T17:47:52","date_gmt":"2020-04-19T14:47:52","guid":{"rendered":"https:\/\/delux.com.tr\/tr\/?p=2182"},"modified":"2023-09-12T16:38:05","modified_gmt":"2023-09-12T13:38:05","slug":"yeni-baslayanlar-icin-tekne-kiralama","status":"publish","type":"post","link":"https:\/\/delux.com.tr\/dt\/tatil-hakkinda\/yeni-baslayanlar-icin-tekne-kiralama\/","title":{"rendered":"Yeni Ba\u015flayanlar \u0130\u00e7in Tekne Kiralama"},"content":{"rendered":"<div class=\"fusion-fullwidth fullwidth-box fusion-builder-row-1 fusion-flex-container nonhundred-percent-fullwidth non-hundred-percent-height-scrolling\" style=\"--awb-border-radius-top-left:0px;--awb-border-radius-top-right:0px;--awb-border-radius-bottom-right:0px;--awb-border-radius-bottom-left:0px;--awb-flex-wrap:wrap;\" ><div class=\"fusion-builder-row fusion-row fusion-flex-align-items-flex-start fusion-flex-content-wrap\" style=\"max-width:1414.4px;margin-left: calc(-4% \/ 2 );margin-right: calc(-4% \/ 2 );\"><div class=\"fusion-layout-column fusion_builder_column fusion-builder-column-0 fusion_builder_column_2_3 2_3 fusion-flex-column\" style=\"--awb-bg-size:cover;--awb-width-large:66.666666666667%;--awb-margin-top-large:0px;--awb-spacing-right-large:3.84%;--awb-margin-bottom-large:0px;--awb-spacing-left-large:2.88%;--awb-width-medium:66.666666666667%;--awb-spacing-right-medium:3.84%;--awb-spacing-left-medium:2.88%;--awb-width-small:100%;--awb-spacing-right-small:1.92%;--awb-spacing-left-small:1.92%;\"><div class=\"fusion-column-wrapper fusion-flex-justify-content-flex-start fusion-content-layout-column\"><div class=\"fusion-text fusion-text-1\"><p><strong>Tekne kiralama 2020<\/strong>\u00a0<strong>tatil\u00a0<\/strong>trendlerinde hi\u00e7 olmad\u0131\u011f\u0131 kadar yo\u011fun talep al\u0131yor. Sosyal mesafe ve izolasyon d\u00f6nemini ya\u015fad\u0131\u011f\u0131m\u0131z pandemi salg\u0131n\u0131nda \u00f6zg\u00fcrl\u00fck\u00e7\u00fc bir tatil vadeden ve ger\u00e7ek anlamda izole olabilece\u011finiz tekne tatili sadece teknesi olanlar\u0131n ger\u00e7ekle\u015ftirebilece\u011fi bir deneyim de de\u011fil \u00fcstelik. Akdeniz\u2019in Ege\u2019nin Marmara\u2019n\u0131n muhte\u015fem koylar\u0131nda, masmavi denizlerde seyir almak i\u00e7in bir tekneniz olmayabilir. Ama tekne kiralama se\u00e7ene\u011finiz her zaman var. Belki daha \u00f6nce b\u00f6yle bir deneyim ya\u015famad\u0131n\u0131z, belki \u00e7ekinceleriniz var belki de tekne kiralamak istiyorsunuz ama nereden ba\u015flayaca\u011f\u0131n\u0131z konusu kafan\u0131z\u0131 kar\u0131\u015ft\u0131r\u0131yor. Gelin 2020 yaz tatilinde ve daha sonras\u0131nda da pop\u00fclerli\u011fini koruyacak olan tekne kiralama s\u00fcrecinin kritik noktalar\u0131n\u0131 ke\u015ffedelim.<\/p>\n<p><img decoding=\"async\" class=\"lazyload size-full wp-image-2183 aligncenter\" src=\"https:\/\/delux.com.tr\/dt\/wp-content\/uploads\/2021\/05\/tekne-kiralama.jpg\" data-orig-src=\"https:\/\/delux.com.tr\/dt\/wp-content\/uploads\/2021\/05\/tekne-kiralama.jpg\" alt=\"\" width=\"635\" height=\"424\" srcset=\"data:image\/svg+xml,%3Csvg%20xmlns%3D%27http%3A%2F%2Fwww.w3.org%2F2000%2Fsvg%27%20width%3D%27635%27%20height%3D%27424%27%20viewBox%3D%270%200%20635%20424%27%3E%3Crect%20width%3D%27635%27%20height%3D%27424%27%20fill-opacity%3D%220%22%2F%3E%3C%2Fsvg%3E\" data-srcset=\"https:\/\/delux.com.tr\/dt\/wp-content\/uploads\/2021\/05\/tekne-kiralama-200x134.jpg 200w, https:\/\/delux.com.tr\/dt\/wp-content\/uploads\/2021\/05\/tekne-kiralama-300x200.jpg 300w, https:\/\/delux.com.tr\/dt\/wp-content\/uploads\/2021\/05\/tekne-kiralama-400x267.jpg 400w, https:\/\/delux.com.tr\/dt\/wp-content\/uploads\/2021\/05\/tekne-kiralama-600x401.jpg 600w, https:\/\/delux.com.tr\/dt\/wp-content\/uploads\/2021\/05\/tekne-kiralama.jpg 635w\" data-sizes=\"auto\" data-orig-sizes=\"(max-width: 635px) 100vw, 635px\" \/><\/p>\n<p><strong>Tekne Nas\u0131l Kiralan\u0131r?<\/strong><br \/>\n\u0130\u015fe ilk a\u015famadan ba\u015flayal\u0131m. Tekne nas\u0131l kiralan\u0131r? \u0130lk kez tekne kiralama s\u00fcreci ya\u015fayacak olanlar i\u00e7in bilinmesi gereken birinci madde g\u00fcvenilir ve ge\u00e7erli sertifikalar\u0131 olan turizm acentelerinden bu hizmeti almalar\u0131 gerekti\u011fidir. Tatil s\u00fcreniz, ki\u015fi say\u0131n\u0131z, b\u00fct\u00e7eniz belirli ise tekne kiralama s\u00fcrecini acenteniz ile kolayca y\u00fcr\u00fctebilirsiniz. Acenteniz sizin bilgilerinize g\u00f6re en do\u011fru tekneyi size sunar ve tatile \u00e7\u0131kaca\u011f\u0131n\u0131z tekne ile ilgili size detayl\u0131 bilgilendirmeyi yapar. Do\u011fru tekne kiralama s\u00fcreci i\u00e7in acenteniz size a\u015fa\u011f\u0131daki maddeler konusunda da bilgi verecektir.<br \/>\n\u2022 Tekne \u00e7e\u015fitleri ve farklar\u0131<br \/>\n\u2022 Tekne bak\u0131m ve sigortalar\u0131<br \/>\n\u2022 Rotalar<br \/>\n\u2022 Teknede ya\u015fam<br \/>\n\u2022 \u00d6deme \u015fekilleri<\/p>\n<p><strong>Hangi Tekne \u0130le Tatile \u00c7\u0131kmal\u0131y\u0131m?<\/strong><br \/>\n\u0130lk kez tekne tatiline \u00e7\u0131kacaksan\u0131z nas\u0131l bir tekne kiralamak istedi\u011finizi de bilmiyorsan\u0131z bu konuyu k\u0131saca \u015f\u00f6yle \u00f6zetleyebiliriz. Tekneler ah\u015fap ya da fiber yelkenli tekneler, l\u00fcks guletler, katamaranlar, motoryat ya da motorlu yatlar gibi farkl\u0131l\u0131k g\u00f6sterir. Metreleri, kamara ve m\u00fcrettebat say\u0131lar\u0131 da tekne t\u00fcrlerine g\u00f6re farkl\u0131l\u0131k g\u00f6stermektedir..<\/p>\n<p><strong>Teknede Ya\u015fam Nas\u0131ld\u0131r?<\/strong><br \/>\nE\u011fer daha \u00f6nce tekne tatili yapmam\u0131\u015fsan\u0131z bunun her zamanki tatillerinizden farkl\u0131 olaca\u011f\u0131n\u0131 s\u00f6yleyebiliriz. Tekne tatilinde deniz ve tekne ya\u015fam\u0131n\u0131n getirdi\u011fi sorumluluk ile bilin\u00e7li bir tatil yapars\u0131n\u0131z. Teknenin baz\u0131 kurallar\u0131 vard\u0131r. \u00d6rne\u011fin sivri ve fazla topuklu ayakkab\u0131lar giyemez, kullan\u0131m alanlar\u0131n\u0131n temizli\u011finden sorumlu olur, tekne hareket halindeyken denize atlayamaz ya da g\u00fcvertede tehlikeli hareketlerde bulunamazs\u0131n\u0131z. Teknede ya\u015fam, kaptan\u0131n size yolculuk \u00f6ncesi anlataca\u011f\u0131 bilgileri i\u00e7erir ve bu bilgilere riayet etmeniz gerekmektedir.<\/p>\n<p><img decoding=\"async\" class=\"lazyload size-full wp-image-2184 aligncenter\" src=\"https:\/\/delux.com.tr\/dt\/wp-content\/uploads\/2021\/05\/tekne-tatilimde-nerelere-gidebilirim.jpg\" data-orig-src=\"https:\/\/delux.com.tr\/dt\/wp-content\/uploads\/2021\/05\/tekne-tatilimde-nerelere-gidebilirim.jpg\" alt=\"\" width=\"651\" height=\"465\" srcset=\"data:image\/svg+xml,%3Csvg%20xmlns%3D%27http%3A%2F%2Fwww.w3.org%2F2000%2Fsvg%27%20width%3D%27651%27%20height%3D%27465%27%20viewBox%3D%270%200%20651%20465%27%3E%3Crect%20width%3D%27651%27%20height%3D%27465%27%20fill-opacity%3D%220%22%2F%3E%3C%2Fsvg%3E\" data-srcset=\"https:\/\/delux.com.tr\/dt\/wp-content\/uploads\/2021\/05\/tekne-tatilimde-nerelere-gidebilirim-200x143.jpg 200w, https:\/\/delux.com.tr\/dt\/wp-content\/uploads\/2021\/05\/tekne-tatilimde-nerelere-gidebilirim-300x214.jpg 300w, https:\/\/delux.com.tr\/dt\/wp-content\/uploads\/2021\/05\/tekne-tatilimde-nerelere-gidebilirim-400x286.jpg 400w, https:\/\/delux.com.tr\/dt\/wp-content\/uploads\/2021\/05\/tekne-tatilimde-nerelere-gidebilirim-600x429.jpg 600w, https:\/\/delux.com.tr\/dt\/wp-content\/uploads\/2021\/05\/tekne-tatilimde-nerelere-gidebilirim.jpg 651w\" data-sizes=\"auto\" data-orig-sizes=\"(max-width: 651px) 100vw, 651px\" \/><\/p>\n<p><strong>Tekne Tatilimde Nereleri G\u00f6rece\u011fim?<\/strong><br \/>\nKonaklamal\u0131 tekne kiralama s\u00fcrecinde acenteniz ile yapaca\u011f\u0131n\u0131z tatil detaylar\u0131n\u0131 rahatl\u0131kla konu\u015fabilirsiniz. Akdeniz\u2019de ya da Ege\u2019de tatile \u00e7\u0131kacaksan\u0131z kaptan\u0131n sizin i\u00e7in planlad\u0131\u011f\u0131 rotaya g\u00f6z atabilir ve onun uygun g\u00f6rd\u00fc\u011f\u00fc ekstra koylara gitmeyi teklif edebilirsiniz. Tekne tatilinde hangi koylarda y\u00fczme molas\u0131, hangi koylarda demir atma, hangi koylarda yemek molas\u0131 verilece\u011fi tek tek yazmaktad\u0131r.<\/p>\n<p><strong>Tekne Tatili G\u00fcvenli Midir? \u00c7ocukla Tekne Tatili Yapabilir Miyim?<\/strong><br \/>\n\u0130lk kez tekne kiralayacaklar i\u00e7in \u00e7o\u011funlukla sorulan sorulardan biridir tekne tatili g\u00fcvenli mi sorusu. Buna g\u00f6n\u00fcl rahatl\u0131\u011f\u0131yla evet yan\u0131t\u0131n\u0131 verebiliriz. Alan\u0131nda uzman, bu i\u015fi profesyonel olarak yapan kaptan ve m\u00fcrettebatlar e\u015fli\u011finde deniz bilgisi olan ekiplerin deste\u011fiyle tekne tatili g\u00fcvenli bir tatildir. Olas\u0131 hava \u015fartlar\u0131 tatil \u00f6ncesi anbean takip edilir ve denizlerin durumuna g\u00f6re tatiliniz i\u00e7in yola \u00e7\u0131k\u0131\u015f ba\u015flang\u0131c\u0131 verilir. \u00c7ocukla tekne tatili yap\u0131l\u0131r m\u0131 sorusunun da bu kapsamda yan\u0131t\u0131 evet olacakt\u0131r. \u00c7ocu\u011funuz i\u00e7in sizlerin de uyaca\u011f\u0131 tekne kurallar\u0131 ge\u00e7erlidir. Kontrol\u00fcn\u00fcz alt\u0131nda yapaca\u011f\u0131 bir tekne tatilinde \u00e7ocu\u011funuz \u00f6zg\u00fcr bir deneyim ya\u015fayacakt\u0131r.<\/p>\n<p><img decoding=\"async\" class=\"lazyload size-full wp-image-2185 aligncenter\" src=\"https:\/\/delux.com.tr\/dt\/wp-content\/uploads\/2021\/05\/tekne-tatili-pahalimidir.jpg\" data-orig-src=\"https:\/\/delux.com.tr\/dt\/wp-content\/uploads\/2021\/05\/tekne-tatili-pahalimidir.jpg\" alt=\"\" width=\"635\" height=\"424\" srcset=\"data:image\/svg+xml,%3Csvg%20xmlns%3D%27http%3A%2F%2Fwww.w3.org%2F2000%2Fsvg%27%20width%3D%27635%27%20height%3D%27424%27%20viewBox%3D%270%200%20635%20424%27%3E%3Crect%20width%3D%27635%27%20height%3D%27424%27%20fill-opacity%3D%220%22%2F%3E%3C%2Fsvg%3E\" data-srcset=\"https:\/\/delux.com.tr\/dt\/wp-content\/uploads\/2021\/05\/tekne-tatili-pahalimidir-200x134.jpg 200w, https:\/\/delux.com.tr\/dt\/wp-content\/uploads\/2021\/05\/tekne-tatili-pahalimidir-300x200.jpg 300w, https:\/\/delux.com.tr\/dt\/wp-content\/uploads\/2021\/05\/tekne-tatili-pahalimidir-400x267.jpg 400w, https:\/\/delux.com.tr\/dt\/wp-content\/uploads\/2021\/05\/tekne-tatili-pahalimidir-600x401.jpg 600w, https:\/\/delux.com.tr\/dt\/wp-content\/uploads\/2021\/05\/tekne-tatili-pahalimidir.jpg 635w\" data-sizes=\"auto\" data-orig-sizes=\"(max-width: 635px) 100vw, 635px\" \/><\/p>\n<p><strong>Tekne Tatili Pahal\u0131 M\u0131d\u0131r?<\/strong><br \/>\nPek \u00e7ok kan\u0131n\u0131n aksine tekne tatili ekonomik tatillerden biridir. B\u00fct\u00e7enize g\u00f6re kiralayaca\u011f\u0131n\u0131z teknede belirleyece\u011finiz ki\u015fi say\u0131s\u0131na g\u00f6re ortak bir \u00fccret \u00f6der ve ki\u015fi ba\u015f\u0131 maliyeti azaltabilirsiniz. Ayr\u0131ca tekne tatilinde yan\u0131n\u0131zda ufak bir \u00e7anta getirseniz de olur \u00e7\u00fcnk\u00fc tekne daha rahat bir ortam sunmaktad\u0131r. Tatilinizin ne kadar s\u00fcrede olaca\u011f\u0131, se\u00e7ti\u011finiz teknenin b\u00fcy\u00fckl\u00fc\u011f\u00fc ve ki\u015fi say\u0131n\u0131z tekne tatilinizdeki b\u00fct\u00e7enizi de \u015fekillendirecektir.<br \/>\nY\u00fczme Bilmiyorum Tekne Tatili Yapabilir Miyim?<br \/>\nTekne tatilinde en \u00e7ok \u00e7ekinme ya\u015fanan durum y\u00fczme bilmemektir. Bir\u00e7ok ki\u015fi y\u00fczme bilmedi\u011fi i\u00e7in tekne tatilinden vazge\u00e7er. Oysaki tekne tatili y\u00fczme bilmeseniz de yapabilece\u011finiz bir tatil \u00e7e\u015fididir. Kaptan ve m\u00fcrettebat sizi her zaman kontrol eder ve dilerseniz onlardan y\u00fczme deste\u011fi alabilirsiniz. Ayr\u0131ca can yele\u011fi, simit gibi ekipmanlarla da sizin i\u00e7in uygun olan koylarda y\u00fczme imkan\u0131 bulabilirsiniz.<\/p>\n<\/div><\/div><\/div><div class=\"fusion-layout-column fusion_builder_column fusion-builder-column-1 fusion_builder_column_1_3 1_3 fusion-flex-column\" style=\"--awb-padding-top:4%;--awb-padding-right:4%;--awb-padding-bottom:4%;--awb-padding-left:4%;--awb-bg-color:#f2f2f2;--awb-bg-color-hover:#f2f2f2;--awb-bg-size:cover;--awb-width-large:33.333333333333%;--awb-margin-top-large:0px;--awb-spacing-right-large:5.76%;--awb-margin-bottom-large:0px;--awb-spacing-left-large:3.84%;--awb-width-medium:33.333333333333%;--awb-order-medium:0;--awb-spacing-right-medium:5.76%;--awb-spacing-left-medium:3.84%;--awb-width-small:100%;--awb-order-small:0;--awb-spacing-right-small:1.92%;--awb-spacing-left-small:1.92%;\"><div class=\"fusion-column-wrapper fusion-column-has-shadow fusion-flex-justify-content-flex-start fusion-content-layout-column\"><div class=\"fusion-blog-shortcode fusion-blog-shortcode-1 fusion-blog-archive fusion-blog-layout-grid-wrapper fusion-blog-no\"><style type=\"text\/css\">.fusion-blog-shortcode-1 .fusion-blog-layout-grid .fusion-post-grid{padding:20px;}.fusion-blog-shortcode-1 .fusion-posts-container{margin-left: -20px !important; margin-right:-20px !important;}<\/style><div class=\"fusion-posts-container fusion-posts-container-no fusion-no-meta-info fusion-blog-layout-grid fusion-blog-layout-grid-1 isotope\" data-pages=\"2\" data-grid-col-space=\"40\" style=\"margin: -20px -20px 0;min-height:500px;\"><article id=\"blog-1-post-4116\" class=\"fusion-post-grid post-4116 post type-post status-publish format-standard has-post-thumbnail hentry category-tatil-hakkinda tag-tekne-tatili\">\n<div class=\"fusion-post-wrapper\" style=\"background-color:rgba(255,255,255,0);border:1px solid var(--awb-color2);border-bottom-width:3px;\">\n\n\t\t\t<div class=\"fusion-flexslider flexslider fusion-flexslider-loading fusion-post-slideshow\" style=\"border-color:var(--awb-color2);\">\n\t\t<ul class=\"slides\">\n\t\t\t\n\t\t\t\t\t\t\t\t\t\t\t\t\t\t<li><div  class=\"fusion-image-wrapper\" aria-haspopup=\"true\">\n\t\t\t\t\t\t\t<a href=\"https:\/\/delux.com.tr\/dt\/tatil-hakkinda\/ozel-tekne-nasil-kiralanir-yelkenli-tekne-kiralama-sureci\/\" aria-label=\"\u00d6zel Tekne Nas\u0131l Kiralan\u0131r? Yelkenli Tekne Kiralama S\u00fcreci\">\n\t\t\t\t\t\t\t<img decoding=\"async\" width=\"800\" height=\"500\" src=\"https:\/\/delux.com.tr\/dt\/wp-content\/uploads\/2022\/03\/tekne-kiralamanin-avantajlari-neler-1.jpg\" class=\"attachment-full size-full lazyload wp-post-image\" alt=\"\" srcset=\"data:image\/svg+xml,%3Csvg%20xmlns%3D%27http%3A%2F%2Fwww.w3.org%2F2000%2Fsvg%27%20width%3D%27800%27%20height%3D%27500%27%20viewBox%3D%270%200%20800%20500%27%3E%3Crect%20width%3D%27800%27%20height%3D%27500%27%20fill-opacity%3D%220%22%2F%3E%3C%2Fsvg%3E\" data-orig-src=\"https:\/\/delux.com.tr\/dt\/wp-content\/uploads\/2022\/03\/tekne-kiralamanin-avantajlari-neler-1.jpg\" data-srcset=\"https:\/\/delux.com.tr\/dt\/wp-content\/uploads\/2022\/03\/tekne-kiralamanin-avantajlari-neler-1-200x125.jpg 200w, https:\/\/delux.com.tr\/dt\/wp-content\/uploads\/2022\/03\/tekne-kiralamanin-avantajlari-neler-1-400x250.jpg 400w, https:\/\/delux.com.tr\/dt\/wp-content\/uploads\/2022\/03\/tekne-kiralamanin-avantajlari-neler-1-600x375.jpg 600w, https:\/\/delux.com.tr\/dt\/wp-content\/uploads\/2022\/03\/tekne-kiralamanin-avantajlari-neler-1.jpg 800w\" data-sizes=\"auto\" \/>\t\t\t<\/a>\n\t\t\t\t\t\t\t<\/div>\n<\/li>\n\t\t\t\n\t\t\t\n\t\t\t\t\t\t\t\t\t\t\t\t\t\t\t\t\t\t\t\t\t\t\t\t\t\t\t\t\t\t\t\t\t\t\t\t\t\t\t\t\t\t\t\t\t\t\t\t\t\t\t\t\t\t\t\t\t\t\t\t\t\t\t\t\t\t\t\t<\/ul>\n\t<\/div>\n\t<div class=\"fusion-post-content-wrapper\" style=\"padding:30px 25px 25px 25px;\"><div class=\"fusion-post-content post-content\"><h2 class=\"blog-shortcode-post-title entry-title\"><a href=\"https:\/\/delux.com.tr\/dt\/tatil-hakkinda\/ozel-tekne-nasil-kiralanir-yelkenli-tekne-kiralama-sureci\/\">\u00d6zel Tekne Nas\u0131l Kiralan\u0131r? Yelkenli Tekne Kiralama S\u00fcreci<\/a><\/h2><\/div><\/div><div class=\"fusion-clearfix\"><\/div><\/div>\n<\/article>\n<article id=\"blog-1-post-6781\" class=\"fusion-post-grid post-6781 post type-post status-publish format-standard has-post-thumbnail hentry category-tatil-hakkinda tag-cruise-tatilleri tag-pratik-bilgi tag-tekne-tatili\">\n<div class=\"fusion-post-wrapper\" style=\"background-color:rgba(255,255,255,0);border:1px solid var(--awb-color2);border-bottom-width:3px;\">\n\n\t\t\t<div class=\"fusion-flexslider flexslider fusion-flexslider-loading fusion-post-slideshow\" style=\"border-color:var(--awb-color2);\">\n\t\t<ul class=\"slides\">\n\t\t\t\n\t\t\t\t\t\t\t\t\t\t\t\t\t\t<li><div  class=\"fusion-image-wrapper\" aria-haspopup=\"true\">\n\t\t\t\t\t\t\t<a href=\"https:\/\/delux.com.tr\/dt\/tatil-hakkinda\/cruise-turlari-bilmeniz-gereken-her-sey\/\" aria-label=\"CRUISE TURLARI: B\u0130LMEN\u0130Z GEREKEN HER \u015eEY\">\n\t\t\t\t\t\t\t<img decoding=\"async\" width=\"800\" height=\"562\" src=\"https:\/\/delux.com.tr\/dt\/wp-content\/uploads\/2024\/09\/Cruise-Turu-Sadece-Bir-Seyahat-Degil-Bir-Deneyim.jpg\" class=\"attachment-full size-full lazyload wp-post-image\" alt=\"\" srcset=\"data:image\/svg+xml,%3Csvg%20xmlns%3D%27http%3A%2F%2Fwww.w3.org%2F2000%2Fsvg%27%20width%3D%27800%27%20height%3D%27562%27%20viewBox%3D%270%200%20800%20562%27%3E%3Crect%20width%3D%27800%27%20height%3D%27562%27%20fill-opacity%3D%220%22%2F%3E%3C%2Fsvg%3E\" data-orig-src=\"https:\/\/delux.com.tr\/dt\/wp-content\/uploads\/2024\/09\/Cruise-Turu-Sadece-Bir-Seyahat-Degil-Bir-Deneyim.jpg\" data-srcset=\"https:\/\/delux.com.tr\/dt\/wp-content\/uploads\/2024\/09\/Cruise-Turu-Sadece-Bir-Seyahat-Degil-Bir-Deneyim-200x141.jpg 200w, https:\/\/delux.com.tr\/dt\/wp-content\/uploads\/2024\/09\/Cruise-Turu-Sadece-Bir-Seyahat-Degil-Bir-Deneyim-400x281.jpg 400w, https:\/\/delux.com.tr\/dt\/wp-content\/uploads\/2024\/09\/Cruise-Turu-Sadece-Bir-Seyahat-Degil-Bir-Deneyim-600x422.jpg 600w, https:\/\/delux.com.tr\/dt\/wp-content\/uploads\/2024\/09\/Cruise-Turu-Sadece-Bir-Seyahat-Degil-Bir-Deneyim.jpg 800w\" data-sizes=\"auto\" \/>\t\t\t<\/a>\n\t\t\t\t\t\t\t<\/div>\n<\/li>\n\t\t\t\n\t\t\t\n\t\t\t\t\t\t\t\t\t\t\t\t\t\t\t\t\t\t\t\t\t\t\t\t\t\t\t\t\t\t\t\t\t\t\t\t\t\t\t\t\t\t\t\t\t\t\t\t\t\t\t\t\t\t\t\t\t\t\t\t\t\t\t\t\t\t\t\t<\/ul>\n\t<\/div>\n\t<div class=\"fusion-post-content-wrapper\" style=\"padding:30px 25px 25px 25px;\"><div class=\"fusion-post-content post-content\"><h2 class=\"blog-shortcode-post-title entry-title\"><a href=\"https:\/\/delux.com.tr\/dt\/tatil-hakkinda\/cruise-turlari-bilmeniz-gereken-her-sey\/\">CRUISE TURLARI: B\u0130LMEN\u0130Z GEREKEN HER \u015eEY<\/a><\/h2><\/div><\/div><div class=\"fusion-clearfix\"><\/div><\/div>\n<\/article>\n<article id=\"blog-1-post-2182\" class=\"fusion-post-grid post-2182 post type-post status-publish format-standard has-post-thumbnail hentry category-tatil-hakkinda tag-tekne-tatili\">\n<div class=\"fusion-post-wrapper\" style=\"background-color:rgba(255,255,255,0);border:1px solid var(--awb-color2);border-bottom-width:3px;\">\n\n\t\t\t<div class=\"fusion-flexslider flexslider fusion-flexslider-loading fusion-post-slideshow\" style=\"border-color:var(--awb-color2);\">\n\t\t<ul class=\"slides\">\n\t\t\t\n\t\t\t\t\t\t\t\t\t\t\t\t\t\t<li><div  class=\"fusion-image-wrapper\" aria-haspopup=\"true\">\n\t\t\t\t\t\t\t<a href=\"https:\/\/delux.com.tr\/dt\/tatil-hakkinda\/yeni-baslayanlar-icin-tekne-kiralama\/\" aria-label=\"Yeni Ba\u015flayanlar \u0130\u00e7in Tekne Kiralama\">\n\t\t\t\t\t\t\t<img decoding=\"async\" width=\"635\" height=\"424\" src=\"https:\/\/delux.com.tr\/dt\/wp-content\/uploads\/2020\/04\/tekne-kiralama.jpg\" class=\"attachment-full size-full lazyload wp-post-image\" alt=\"\" srcset=\"data:image\/svg+xml,%3Csvg%20xmlns%3D%27http%3A%2F%2Fwww.w3.org%2F2000%2Fsvg%27%20width%3D%27635%27%20height%3D%27424%27%20viewBox%3D%270%200%20635%20424%27%3E%3Crect%20width%3D%27635%27%20height%3D%27424%27%20fill-opacity%3D%220%22%2F%3E%3C%2Fsvg%3E\" data-orig-src=\"https:\/\/delux.com.tr\/dt\/wp-content\/uploads\/2020\/04\/tekne-kiralama.jpg\" data-srcset=\"https:\/\/delux.com.tr\/dt\/wp-content\/uploads\/2020\/04\/tekne-kiralama-200x134.jpg 200w, https:\/\/delux.com.tr\/dt\/wp-content\/uploads\/2020\/04\/tekne-kiralama-400x267.jpg 400w, https:\/\/delux.com.tr\/dt\/wp-content\/uploads\/2020\/04\/tekne-kiralama-600x401.jpg 600w, https:\/\/delux.com.tr\/dt\/wp-content\/uploads\/2020\/04\/tekne-kiralama.jpg 635w\" data-sizes=\"auto\" \/>\t\t\t<\/a>\n\t\t\t\t\t\t\t<\/div>\n<\/li>\n\t\t\t\n\t\t\t\n\t\t\t\t\t\t\t\t\t\t\t\t\t\t\t\t\t\t\t\t\t\t\t\t\t\t\t\t\t\t\t\t\t\t\t\t\t\t\t\t\t\t\t\t\t\t\t\t\t\t\t\t\t\t\t\t\t\t\t\t\t\t\t\t\t\t\t\t<\/ul>\n\t<\/div>\n\t<div class=\"fusion-post-content-wrapper\" style=\"padding:30px 25px 25px 25px;\"><div class=\"fusion-post-content post-content\"><h2 class=\"blog-shortcode-post-title entry-title\"><a href=\"https:\/\/delux.com.tr\/dt\/tatil-hakkinda\/yeni-baslayanlar-icin-tekne-kiralama\/\">Yeni Ba\u015flayanlar \u0130\u00e7in Tekne Kiralama<\/a><\/h2><\/div><\/div><div class=\"fusion-clearfix\"><\/div><\/div>\n<\/article>\n<article id=\"blog-1-post-2858\" class=\"fusion-post-grid post-2858 post type-post status-publish format-standard has-post-thumbnail hentry category-tatil-hakkinda tag-tekne-tatili\">\n<div class=\"fusion-post-wrapper\" style=\"background-color:rgba(255,255,255,0);border:1px solid var(--awb-color2);border-bottom-width:3px;\">\n\n\t\t\t<div class=\"fusion-flexslider flexslider fusion-flexslider-loading fusion-post-slideshow\" style=\"border-color:var(--awb-color2);\">\n\t\t<ul class=\"slides\">\n\t\t\t\n\t\t\t\t\t\t\t\t\t\t\t\t\t\t<li><div  class=\"fusion-image-wrapper\" aria-haspopup=\"true\">\n\t\t\t\t\t\t\t<a href=\"https:\/\/delux.com.tr\/dt\/tatil-hakkinda\/tekne-tatilini-harika-bir-fikir-kilan-9-neden\/\" aria-label=\"Tekne Tatili Hakk\u0131nda\">\n\t\t\t\t\t\t\t<img decoding=\"async\" width=\"654\" height=\"403\" src=\"https:\/\/delux.com.tr\/dt\/wp-content\/uploads\/2021\/05\/tekne-tailini-harika-fikir-kilan-nedenler-4.jpg\" class=\"attachment-full size-full lazyload wp-post-image\" alt=\"\" srcset=\"data:image\/svg+xml,%3Csvg%20xmlns%3D%27http%3A%2F%2Fwww.w3.org%2F2000%2Fsvg%27%20width%3D%27654%27%20height%3D%27403%27%20viewBox%3D%270%200%20654%20403%27%3E%3Crect%20width%3D%27654%27%20height%3D%27403%27%20fill-opacity%3D%220%22%2F%3E%3C%2Fsvg%3E\" data-orig-src=\"https:\/\/delux.com.tr\/dt\/wp-content\/uploads\/2021\/05\/tekne-tailini-harika-fikir-kilan-nedenler-4.jpg\" data-srcset=\"https:\/\/delux.com.tr\/dt\/wp-content\/uploads\/2021\/05\/tekne-tailini-harika-fikir-kilan-nedenler-4-200x123.jpg 200w, https:\/\/delux.com.tr\/dt\/wp-content\/uploads\/2021\/05\/tekne-tailini-harika-fikir-kilan-nedenler-4-400x246.jpg 400w, https:\/\/delux.com.tr\/dt\/wp-content\/uploads\/2021\/05\/tekne-tailini-harika-fikir-kilan-nedenler-4-600x370.jpg 600w, https:\/\/delux.com.tr\/dt\/wp-content\/uploads\/2021\/05\/tekne-tailini-harika-fikir-kilan-nedenler-4.jpg 654w\" data-sizes=\"auto\" \/>\t\t\t<\/a>\n\t\t\t\t\t\t\t<\/div>\n<\/li>\n\t\t\t\n\t\t\t\n\t\t\t\t\t\t\t\t\t\t\t\t\t\t\t\t\t\t\t\t\t\t\t\t\t\t\t\t\t\t\t\t\t\t\t\t\t\t\t\t\t\t\t\t\t\t\t\t\t\t\t\t\t\t\t\t\t\t\t\t\t\t\t\t\t\t\t\t<\/ul>\n\t<\/div>\n\t<div class=\"fusion-post-content-wrapper\" style=\"padding:30px 25px 25px 25px;\"><div class=\"fusion-post-content post-content\"><h2 class=\"blog-shortcode-post-title entry-title\"><a href=\"https:\/\/delux.com.tr\/dt\/tatil-hakkinda\/tekne-tatilini-harika-bir-fikir-kilan-9-neden\/\">Tekne Tatili Hakk\u0131nda<\/a><\/h2><\/div><\/div><div class=\"fusion-clearfix\"><\/div><\/div>\n<\/article>\n<article id=\"blog-1-post-1962\" class=\"fusion-post-grid post-1962 post type-post status-publish format-standard has-post-thumbnail hentry category-orta-dogu tag-kultur-tatili tag-orta-dogu tag-tekne-tatili tag-umman\">\n<div class=\"fusion-post-wrapper\" style=\"background-color:rgba(255,255,255,0);border:1px solid var(--awb-color2);border-bottom-width:3px;\">\n\n\t\t\t<div class=\"fusion-flexslider flexslider fusion-flexslider-loading fusion-post-slideshow\" style=\"border-color:var(--awb-color2);\">\n\t\t<ul class=\"slides\">\n\t\t\t\n\t\t\t\t\t\t\t\t\t\t\t\t\t\t<li><div  class=\"fusion-image-wrapper\" aria-haspopup=\"true\">\n\t\t\t\t\t\t\t<a href=\"https:\/\/delux.com.tr\/dt\/destinasyonlar\/orta-dogu\/umman\/\" aria-label=\"Umman\">\n\t\t\t\t\t\t\t<img decoding=\"async\" width=\"800\" height=\"600\" src=\"https:\/\/delux.com.tr\/dt\/wp-content\/uploads\/2021\/05\/Muscat-19122018145826.jpg\" class=\"attachment-full size-full lazyload wp-post-image\" alt=\"\" srcset=\"data:image\/svg+xml,%3Csvg%20xmlns%3D%27http%3A%2F%2Fwww.w3.org%2F2000%2Fsvg%27%20width%3D%27800%27%20height%3D%27600%27%20viewBox%3D%270%200%20800%20600%27%3E%3Crect%20width%3D%27800%27%20height%3D%27600%27%20fill-opacity%3D%220%22%2F%3E%3C%2Fsvg%3E\" data-orig-src=\"https:\/\/delux.com.tr\/dt\/wp-content\/uploads\/2021\/05\/Muscat-19122018145826.jpg\" data-srcset=\"https:\/\/delux.com.tr\/dt\/wp-content\/uploads\/2021\/05\/Muscat-19122018145826-200x150.jpg 200w, https:\/\/delux.com.tr\/dt\/wp-content\/uploads\/2021\/05\/Muscat-19122018145826-400x300.jpg 400w, https:\/\/delux.com.tr\/dt\/wp-content\/uploads\/2021\/05\/Muscat-19122018145826-600x450.jpg 600w, https:\/\/delux.com.tr\/dt\/wp-content\/uploads\/2021\/05\/Muscat-19122018145826.jpg 800w\" data-sizes=\"auto\" \/>\t\t\t<\/a>\n\t\t\t\t\t\t\t<\/div>\n<\/li>\n\t\t\t\n\t\t\t\n\t\t\t\t\t\t\t\t\t\t\t\t\t\t\t\t\t\t\t\t\t\t\t\t\t\t\t\t\t\t\t\t\t\t\t\t\t\t\t\t\t\t\t\t\t\t\t\t\t\t\t\t\t\t\t\t\t\t\t\t\t\t\t\t\t\t\t\t<\/ul>\n\t<\/div>\n\t<div class=\"fusion-post-content-wrapper\" style=\"padding:30px 25px 25px 25px;\"><div class=\"fusion-post-content post-content\"><h2 class=\"blog-shortcode-post-title entry-title\"><a href=\"https:\/\/delux.com.tr\/dt\/destinasyonlar\/orta-dogu\/umman\/\">Umman<\/a><\/h2><\/div><\/div><div class=\"fusion-clearfix\"><\/div><\/div>\n<\/article>\n<div class=\"fusion-clearfix\"><\/div><\/div><\/div><div class=\"fusion-text fusion-text-2\"><p>&#8211; Yolculu\u011funuzun her ola\u011fan\u00fcst\u00fc detay\u0131n \u00f6zenle se\u00e7ilmi\u015f olmas\u0131<\/p>\n<p>&#8211; Kusursuz bir \u015fekilde uygulanan, el yap\u0131m\u0131, esnek ve kusursuz g\u00fczergahlar<\/p>\n<p>&#8211; Egzotik destinasyonlarda uzman\u0131<\/p>\n<p>&#8211; Ola\u011fan\u00fcst\u00fc hizmet ve detaylara tavizsiz \u00f6zen<\/p>\n<p>&#8211; \u00c7iftler, aileler ve k\u00fc\u00e7\u00fck gruplar i\u00e7in m\u00fckemmel \u00f6zel yolculuklar<\/p>\n<p>&#8211; Kendi kal\u0131\u015f tarihinizi se\u00e7me \u00f6zg\u00fcrl\u00fc\u011f\u00fc<\/p>\n<p>&#8211; Tamamen \u00f6zelle\u015ftirilebilir deneyimler<\/p>\n<\/div><div class=\"fusion-text fusion-text-3\"><p><strong>Otel ve Tur Sat\u0131\u015f<\/strong><br \/>\n<a href=\"mailto:sales@delux.com.tr\">sales@delux.com.tr<\/a> &#8211; <a href=\"telto:+905559637216\">0555 963 7216<\/a><\/p>\n<\/div><\/div><\/div><\/div><\/div>\n","protected":false},"excerpt":{"rendered":"<p>Akdeniz\u2019in Ege\u2019nin Marmara\u2019n\u0131n muhte\u015fem koylar\u0131nda, masmavi denizlerde seyir almak i\u00e7in bir tekneniz olmayabilir. Ama tekne kiralama se\u00e7ene\u011finiz her zaman var. <\/p>\n","protected":false},"author":1,"featured_media":5590,"comment_status":"open","ping_status":"open","sticky":false,"template":"","format":"standard","meta":{"footnotes":""},"categories":[9],"tags":[411],"class_list":["post-2182","post","type-post","status-publish","format-standard","has-post-thumbnail","hentry","category-tatil-hakkinda","tag-tekne-tatili"],"_links":{"self":[{"href":"https:\/\/delux.com.tr\/dt\/wp-json\/wp\/v2\/posts\/2182","targetHints":{"allow":["GET"]}}],"collection":[{"href":"https:\/\/delux.com.tr\/dt\/wp-json\/wp\/v2\/posts"}],"about":[{"href":"https:\/\/delux.com.tr\/dt\/wp-json\/wp\/v2\/types\/post"}],"author":[{"embeddable":true,"href":"https:\/\/delux.com.tr\/dt\/wp-json\/wp\/v2\/users\/1"}],"replies":[{"embeddable":true,"href":"https:\/\/delux.com.tr\/dt\/wp-json\/wp\/v2\/comments?post=2182"}],"version-history":[{"count":1,"href":"https:\/\/delux.com.tr\/dt\/wp-json\/wp\/v2\/posts\/2182\/revisions"}],"predecessor-version":[{"id":5591,"href":"https:\/\/delux.com.tr\/dt\/wp-json\/wp\/v2\/posts\/2182\/revisions\/5591"}],"wp:featuredmedia":[{"embeddable":true,"href":"https:\/\/delux.com.tr\/dt\/wp-json\/wp\/v2\/media\/5590"}],"wp:attachment":[{"href":"https:\/\/delux.com.tr\/dt\/wp-json\/wp\/v2\/media?parent=2182"}],"wp:term":[{"taxonomy":"category","embeddable":true,"href":"https:\/\/delux.com.tr\/dt\/wp-json\/wp\/v2\/categories?post=2182"},{"taxonomy":"post_tag","embeddable":true,"href":"https:\/\/delux.com.tr\/dt\/wp-json\/wp\/v2\/tags?post=2182"}],"curies":[{"name":"wp","href":"https:\/\/api.w.org\/{rel}","templated":true}]}}