{"id":1955,"date":"2021-05-18T01:51:20","date_gmt":"2021-05-17T22:51:20","guid":{"rendered":"http:\/\/delux.com.tr\/tr\/?p=1955"},"modified":"2023-09-15T08:58:26","modified_gmt":"2023-09-15T05:58:26","slug":"myanmar","status":"publish","type":"post","link":"https:\/\/delux.com.tr\/dt\/tatil-hakkinda\/myanmar\/","title":{"rendered":"Myanmar"},"content":{"rendered":"<p><div class=\"fusion-fullwidth fullwidth-box fusion-builder-row-1 fusion-flex-container nonhundred-percent-fullwidth non-hundred-percent-height-scrolling\" style=\"--awb-border-radius-top-left:0px;--awb-border-radius-top-right:0px;--awb-border-radius-bottom-right:0px;--awb-border-radius-bottom-left:0px;--awb-flex-wrap:wrap;\" ><div class=\"fusion-builder-row fusion-row fusion-flex-align-items-flex-start fusion-flex-content-wrap\" style=\"max-width:1414.4px;margin-left: calc(-4% \/ 2 );margin-right: calc(-4% \/ 2 );\"><div class=\"fusion-layout-column fusion_builder_column fusion-builder-column-0 fusion_builder_column_2_3 2_3 fusion-flex-column\" style=\"--awb-bg-size:cover;--awb-width-large:66.666666666667%;--awb-margin-top-large:0px;--awb-spacing-right-large:2.88%;--awb-margin-bottom-large:20px;--awb-spacing-left-large:2.88%;--awb-width-medium:66.666666666667%;--awb-order-medium:0;--awb-spacing-right-medium:2.88%;--awb-spacing-left-medium:2.88%;--awb-width-small:100%;--awb-order-small:0;--awb-spacing-right-small:1.92%;--awb-spacing-left-small:1.92%;\"><div class=\"fusion-column-wrapper fusion-column-has-shadow fusion-flex-justify-content-flex-start fusion-content-layout-column\"><div class=\"fusion-text fusion-text-1\"><p><strong>G\u00dcNEYDO\u011eU ASYA&#8217;NIN M\u0130ST\u0130K M\u00dcCEVHER\u0130 <\/strong><\/p>\n<p>Myanmar&#8217;\u0131n ana k\u00fclt\u00fcrel unsurlar\u0131, Bagan ve Mandalay \u00e7evresindeki Budist tap\u0131naklar\u0131 ve pagodalar\u0131 ve Yangon&#8217;daki ola\u011fan\u00fcst\u00fc alt\u0131n Shwedagon Padogas\u0131&#8217;d\u0131r. hayal k\u0131r\u0131kl\u0131\u011f\u0131na u\u011fratmazlar, ancak al\u0131\u015f\u0131lm\u0131\u015f gezi rotalar\u0131n\u0131n ne kadar uza\u011f\u0131na gidilirse, \u00fclke o kadar fazla \u015fa\u015f\u0131rt\u0131r: tepe kabileleri ve k\u00fclt\u00fcrleri, kom\u015fu Hindistan, \u00c7in, Laos ve Tayland&#8217;dan y\u00fczy\u0131llard\u0131r oldu\u011fu gibi kar\u0131\u015f\u0131r.<\/p>\n<p>G\u00fcneybat\u0131da, Myanmar, kom\u015fusu Tayland&#8217;\u0131 bu kadar pop\u00fcler yapan ayn\u0131 plajlara ve Andaman Denizi&#8217;ne sahiptir \u2013 ancak ziyaret\u00e7ilerin sadece bir k\u0131sm\u0131 buraya geliyor. Himalayalar&#8217;da ba\u015flayan, zengin ormanl\u0131k tepeleri kesen ve d\u00fcnyan\u0131n en s\u0131ra d\u0131\u015f\u0131 ve geni\u015f tap\u0131naklar\u0131ndan ve pagodalar\u0131ndan baz\u0131lar\u0131na sahip, geni\u015f verimli bir vadiye inen g\u00f6rkemli Irrawaddy Nehri&#8217;ne sahiptir. Bir deltadan Andaman Denizi&#8217;ne d\u00f6k\u00fcl\u00fcrken, bu b\u00fcy\u00fckl\u00fckte bir nehrin yolculu\u011funun tek bir \u00fclkede toplanmas\u0131 ola\u011fan\u00fcst\u00fcd\u00fcr.<\/p>\n<p>Turizm hen\u00fcz emekleme a\u015famas\u0131ndad\u0131r. Y\u0131llarca s\u00fcren izolasyon ve sadece zengin y\u00f6netim aras\u0131nda yap\u0131lan gelir da\u011f\u0131l\u0131m\u0131, tik, petrol, alt\u0131n ve di\u011fer bir\u00e7ok mineralin zengin do\u011fal kaynaklar\u0131na ra\u011fmen ekonominin ve altyap\u0131n\u0131n sadece k\u0131smen geli\u015fti\u011fi anlam\u0131na geliyordu. Ama tan\u0131\u015faca\u011f\u0131n\u0131z insanlar inan\u0131lmaz derecede a\u00e7\u0131k, arkada\u015f canl\u0131s\u0131 ve gururlu.<\/p>\n<p>Bu destinasyonla ilgili en son seyahat g\u00fcncellemeleri i\u00e7in l\u00fctfen bizimle ileti\u015fime ge\u00e7in.<\/p>\n<\/div><\/div><\/div><div class=\"fusion-layout-column fusion_builder_column fusion-builder-column-1 fusion_builder_column_1_3 1_3 fusion-flex-column\" style=\"--awb-padding-top:4%;--awb-padding-right:4%;--awb-padding-bottom:4%;--awb-padding-left:4%;--awb-bg-color:#e5e5e5;--awb-bg-color-hover:#e5e5e5;--awb-bg-size:cover;--awb-width-large:33.333333333333%;--awb-margin-top-large:0px;--awb-spacing-right-large:5.76%;--awb-margin-bottom-large:20px;--awb-spacing-left-large:5.76%;--awb-width-medium:33.333333333333%;--awb-order-medium:0;--awb-spacing-right-medium:5.76%;--awb-spacing-left-medium:5.76%;--awb-width-small:100%;--awb-order-small:0;--awb-spacing-right-small:1.92%;--awb-spacing-left-small:1.92%;\"><div class=\"fusion-column-wrapper fusion-column-has-shadow fusion-flex-justify-content-flex-start fusion-content-layout-column\"><div class=\"fusion-blog-shortcode fusion-blog-shortcode-1 fusion-blog-archive fusion-blog-layout-large fusion-blog-pagination\"><div class=\"fusion-posts-container fusion-posts-container-pagination fusion-no-meta-info\" data-pages=\"21\"><article id=\"blog-1-post-3539\" class=\"fusion-post-large post-3539 post type-post status-publish format-standard has-post-thumbnail hentry category-tatil-hakkinda tag-asya tag-japonya tag-pratik-bilgi\">\n\t<style type=\"text\/css\">\n\t\t\n\t\t\n\t\t\n\t\t\n\t\t\t<\/style>\n\n\n\t\t\t<div class=\"fusion-flexslider flexslider fusion-flexslider-loading fusion-post-slideshow\" style=\"\">\n\t\t<ul class=\"slides\">\n\t\t\t\n\t\t\t\t\t\t\t\t\t\t\t\t\t\t<li><div  class=\"fusion-image-wrapper\" aria-haspopup=\"true\">\n\t\t\t\t\t\t\t<a href=\"https:\/\/delux.com.tr\/dt\/tatil-hakkinda\/japon-kulturu-ile-ilgili-bilinmesi-gereken-10-bilgi\/\" aria-label=\"Japon K\u00fclt\u00fcr\u00fc ile \u0130lgili Bilinmesi Gereken 10 Bilgi\">\n\t\t\t\t\t\t\t<img decoding=\"async\" width=\"800\" height=\"500\" src=\"https:\/\/delux.com.tr\/dt\/wp-content\/uploads\/2021\/11\/japonyada-ayakkabilar-cikar-1.jpg\" class=\"attachment-full size-full lazyload wp-post-image\" alt=\"\" srcset=\"data:image\/svg+xml,%3Csvg%20xmlns%3D%27http%3A%2F%2Fwww.w3.org%2F2000%2Fsvg%27%20width%3D%27800%27%20height%3D%27500%27%20viewBox%3D%270%200%20800%20500%27%3E%3Crect%20width%3D%27800%27%20height%3D%27500%27%20fill-opacity%3D%220%22%2F%3E%3C%2Fsvg%3E\" data-orig-src=\"https:\/\/delux.com.tr\/dt\/wp-content\/uploads\/2021\/11\/japonyada-ayakkabilar-cikar-1.jpg\" data-srcset=\"https:\/\/delux.com.tr\/dt\/wp-content\/uploads\/2021\/11\/japonyada-ayakkabilar-cikar-1-200x125.jpg 200w, https:\/\/delux.com.tr\/dt\/wp-content\/uploads\/2021\/11\/japonyada-ayakkabilar-cikar-1-400x250.jpg 400w, https:\/\/delux.com.tr\/dt\/wp-content\/uploads\/2021\/11\/japonyada-ayakkabilar-cikar-1-600x375.jpg 600w, https:\/\/delux.com.tr\/dt\/wp-content\/uploads\/2021\/11\/japonyada-ayakkabilar-cikar-1.jpg 800w\" data-sizes=\"auto\" \/>\t\t\t<\/a>\n\t\t\t\t\t\t\t<\/div>\n<\/li>\n\t\t\t\n\t\t\t\n\t\t\t\t\t\t\t\t\t\t\t\t\t\t\t\t\t\t\t\t\t\t\t\t\t\t\t\t\t\t\t\t\t\t\t\t\t\t\t\t\t\t\t\t\t\t\t\t\t\t\t\t\t\t\t\t\t\t\t\t\t\t\t\t\t\t\t\t<\/ul>\n\t<\/div>\n\t<div class=\"fusion-post-content post-content\"><h2 class=\"blog-shortcode-post-title entry-title\"><a href=\"https:\/\/delux.com.tr\/dt\/tatil-hakkinda\/japon-kulturu-ile-ilgili-bilinmesi-gereken-10-bilgi\/\">Japon K\u00fclt\u00fcr\u00fc ile \u0130lgili Bilinmesi Gereken 10 Bilgi<\/a><\/h2><\/div><div class=\"fusion-clearfix\"><\/div><\/article>\n<article id=\"blog-1-post-1852\" class=\"fusion-post-large post-1852 post type-post status-publish format-standard has-post-thumbnail hentry category-amerika tag-amerika tag-kultur-tatili tag-sanat-tatili tag-sili\">\n\t<style type=\"text\/css\">\n\t\t\n\t\t\n\t\t\n\t\t\n\t\t\t<\/style>\n\n\n\t\t\t<div class=\"fusion-flexslider flexslider fusion-flexslider-loading fusion-post-slideshow\" style=\"\">\n\t\t<ul class=\"slides\">\n\t\t\t\n\t\t\t\t\t\t\t\t\t\t\t\t\t\t<li><div  class=\"fusion-image-wrapper\" aria-haspopup=\"true\">\n\t\t\t\t\t\t\t<a href=\"https:\/\/delux.com.tr\/dt\/destinasyonlar\/amerika\/sili\/\" aria-label=\"\u015eili\">\n\t\t\t\t\t\t\t<img decoding=\"async\" width=\"548\" height=\"318\" src=\"https:\/\/delux.com.tr\/dt\/wp-content\/uploads\/2021\/05\/sili.jpeg\" class=\"attachment-full size-full lazyload wp-post-image\" alt=\"\" srcset=\"data:image\/svg+xml,%3Csvg%20xmlns%3D%27http%3A%2F%2Fwww.w3.org%2F2000%2Fsvg%27%20width%3D%27548%27%20height%3D%27318%27%20viewBox%3D%270%200%20548%20318%27%3E%3Crect%20width%3D%27548%27%20height%3D%27318%27%20fill-opacity%3D%220%22%2F%3E%3C%2Fsvg%3E\" data-orig-src=\"https:\/\/delux.com.tr\/dt\/wp-content\/uploads\/2021\/05\/sili.jpeg\" data-srcset=\"https:\/\/delux.com.tr\/dt\/wp-content\/uploads\/2021\/05\/sili-200x116.jpeg 200w, https:\/\/delux.com.tr\/dt\/wp-content\/uploads\/2021\/05\/sili-400x232.jpeg 400w, https:\/\/delux.com.tr\/dt\/wp-content\/uploads\/2021\/05\/sili.jpeg 548w\" data-sizes=\"auto\" \/>\t\t\t<\/a>\n\t\t\t\t\t\t\t<\/div>\n<\/li>\n\t\t\t\n\t\t\t\n\t\t\t\t\t\t\t\t\t\t\t\t\t\t\t\t\t\t\t\t\t\t\t\t\t\t\t\t\t\t\t\t\t\t\t\t\t\t\t\t\t\t\t\t\t\t\t\t\t\t\t\t\t\t\t\t\t\t\t\t\t\t\t\t\t\t\t\t<\/ul>\n\t<\/div>\n\t<div class=\"fusion-post-content post-content\"><h2 class=\"blog-shortcode-post-title entry-title\"><a href=\"https:\/\/delux.com.tr\/dt\/destinasyonlar\/amerika\/sili\/\">\u015eili<\/a><\/h2><\/div><div class=\"fusion-clearfix\"><\/div><\/article>\n<article id=\"blog-1-post-1890\" class=\"fusion-post-large post-1890 post type-post status-publish format-standard has-post-thumbnail hentry category-amerika tag-amerika tag-gurme-tatilleri tag-kultur-tatili tag-uruguay\">\n\t<style type=\"text\/css\">\n\t\t\n\t\t\n\t\t\n\t\t\n\t\t\t<\/style>\n\n\n\t\t\t<div class=\"fusion-flexslider flexslider fusion-flexslider-loading fusion-post-slideshow\" style=\"\">\n\t\t<ul class=\"slides\">\n\t\t\t\n\t\t\t\t\t\t\t\t\t\t\t\t\t\t<li><div  class=\"fusion-image-wrapper\" aria-haspopup=\"true\">\n\t\t\t\t\t\t\t<a href=\"https:\/\/delux.com.tr\/dt\/destinasyonlar\/amerika\/uruguay\/\" aria-label=\"Uruguay\">\n\t\t\t\t\t\t\t<img decoding=\"async\" width=\"600\" height=\"337\" src=\"https:\/\/delux.com.tr\/dt\/wp-content\/uploads\/2021\/05\/uruguay.png\" class=\"attachment-full size-full lazyload wp-post-image\" alt=\"\" srcset=\"data:image\/svg+xml,%3Csvg%20xmlns%3D%27http%3A%2F%2Fwww.w3.org%2F2000%2Fsvg%27%20width%3D%27600%27%20height%3D%27337%27%20viewBox%3D%270%200%20600%20337%27%3E%3Crect%20width%3D%27600%27%20height%3D%27337%27%20fill-opacity%3D%220%22%2F%3E%3C%2Fsvg%3E\" data-orig-src=\"https:\/\/delux.com.tr\/dt\/wp-content\/uploads\/2021\/05\/uruguay.png\" data-srcset=\"https:\/\/delux.com.tr\/dt\/wp-content\/uploads\/2021\/05\/uruguay-200x112.png 200w, https:\/\/delux.com.tr\/dt\/wp-content\/uploads\/2021\/05\/uruguay-400x225.png 400w, https:\/\/delux.com.tr\/dt\/wp-content\/uploads\/2021\/05\/uruguay.png 600w\" data-sizes=\"auto\" \/>\t\t\t<\/a>\n\t\t\t\t\t\t\t<\/div>\n<\/li>\n\t\t\t\n\t\t\t\n\t\t\t\t\t\t\t\t\t\t\t\t\t\t\t\t\t\t\t\t\t\t\t\t\t\t\t\t\t\t\t\t\t\t\t\t\t\t\t\t\t\t\t\t\t\t\t\t\t\t\t\t\t\t\t\t\t\t\t\t\t\t\t\t\t\t\t\t<\/ul>\n\t<\/div>\n\t<div class=\"fusion-post-content post-content\"><h2 class=\"blog-shortcode-post-title entry-title\"><a href=\"https:\/\/delux.com.tr\/dt\/destinasyonlar\/amerika\/uruguay\/\">Uruguay<\/a><\/h2><\/div><div class=\"fusion-clearfix\"><\/div><\/article>\n<\/div><div class=\"pagination clearfix\"><span class=\"current\">1<\/span><a href=\"https:\/\/delux.com.tr\/dt\/wp-json\/wp\/v2\/posts\/1955\/page\/2\/\" class=\"inactive\">2<\/a><a class=\"pagination-next\" rel=\"next\" href=\"https:\/\/delux.com.tr\/dt\/wp-json\/wp\/v2\/posts\/1955\/page\/2\/\"><span class=\"page-text\">Sonraki<\/span><span class=\"page-next\"><\/span><\/a><\/div><div class=\"fusion-clearfix\"><\/div><\/div><div class=\"fusion-text fusion-text-2\"><p>&#8211; Yolculu\u011funuzun her ola\u011fan\u00fcst\u00fc detay\u0131n \u00f6zenle se\u00e7ilmi\u015f olmas\u0131<\/p>\n<p>&#8211; Kusursuz bir \u015fekilde uygulanan, el yap\u0131m\u0131, esnek ve kusursuz g\u00fczergahlar<\/p>\n<p>&#8211; Egzotik destinasyonlarda uzman\u0131<\/p>\n<p>&#8211; Ola\u011fan\u00fcst\u00fc hizmet ve detaylara tavizsiz \u00f6zen<\/p>\n<p>&#8211; \u00c7iftler, aileler ve k\u00fc\u00e7\u00fck gruplar i\u00e7in m\u00fckemmel \u00f6zel yolculuklar<\/p>\n<p>&#8211; Kendi kal\u0131\u015f tarihinizi se\u00e7me \u00f6zg\u00fcrl\u00fc\u011f\u00fc<\/p>\n<p>&#8211; Tamamen \u00f6zelle\u015ftirilebilir deneyimler<\/p>\n<\/div><div class=\"fusion-text fusion-text-3\"><p><strong>Otel ve Tur Sat\u0131\u015f<\/strong><br \/>\n<a href=\"mailto:sales@delux.com.tr\">sales@delux.com.tr<\/a> &#8211; <a href=\"telto:+905559637216\">0555 963 7216<\/a><\/p>\n<\/div><\/div><\/div><\/div><\/div><div class=\"fusion-fullwidth fullwidth-box fusion-builder-row-2 fusion-flex-container nonhundred-percent-fullwidth non-hundred-percent-height-scrolling\" style=\"--awb-border-radius-top-left:0px;--awb-border-radius-top-right:0px;--awb-border-radius-bottom-right:0px;--awb-border-radius-bottom-left:0px;--awb-flex-wrap:wrap;\" ><div class=\"fusion-builder-row fusion-row fusion-flex-align-items-flex-start fusion-flex-content-wrap\" style=\"max-width:1414.4px;margin-left: calc(-4% \/ 2 );margin-right: calc(-4% \/ 2 );\"><div class=\"fusion-layout-column fusion_builder_column fusion-builder-column-2 fusion_builder_column_1_1 1_1 fusion-flex-column\" style=\"--awb-bg-size:cover;--awb-width-large:100%;--awb-margin-top-large:0px;--awb-spacing-right-large:1.92%;--awb-margin-bottom-large:20px;--awb-spacing-left-large:1.92%;--awb-width-medium:100%;--awb-order-medium:0;--awb-spacing-right-medium:1.92%;--awb-spacing-left-medium:1.92%;--awb-width-small:100%;--awb-order-small:0;--awb-spacing-right-small:1.92%;--awb-spacing-left-small:1.92%;\"><div class=\"fusion-column-wrapper fusion-column-has-shadow fusion-flex-justify-content-flex-start fusion-content-layout-column\"><div class=\"fusion-title title fusion-title-1 fusion-sep-none fusion-title-center fusion-title-text fusion-title-size-three\" style=\"--awb-margin-top:50px;--awb-margin-bottom:50px;--awb-margin-top-small:10px;--awb-margin-right-small:0px;--awb-margin-bottom-small:10px;--awb-margin-left-small:0px;\"><h3 class=\"fusion-title-heading title-heading-center\" style=\"font-family:&quot;Be Vietnam&quot;;font-style:normal;font-weight:700;margin:0;\">Benzer Yerler!<\/h3><\/div><div class=\"fusion-blog-shortcode fusion-blog-shortcode-2 fusion-blog-archive fusion-blog-layout-grid-wrapper fusion-blog-no\"><style type=\"text\/css\">.fusion-blog-shortcode-2 .fusion-blog-layout-grid .fusion-post-grid{padding:10px;}.fusion-blog-shortcode-2 .fusion-posts-container{margin-left: -10px !important; margin-right:-10px !important;}<\/style><div class=\"fusion-posts-container fusion-posts-container-no fusion-no-meta-info fusion-blog-layout-grid fusion-blog-layout-grid-3 isotope\" data-pages=\"6\" data-grid-col-space=\"20\" style=\"margin: -10px -10px 0;min-height:500px;\"><article id=\"blog-2-post-1952\" class=\"fusion-post-grid post-1952 post type-post status-publish format-standard has-post-thumbnail hentry category-asya category-tatil-hakkinda tag-asya tag-kultur-tatili tag-macera-tatili tag-mogolistan\">\n<div class=\"fusion-post-wrapper\" style=\"background-color:rgba(255,255,255,0);border:1px solid var(--awb-color2);border-bottom-width:3px;\">\n\n\t\t\t<div class=\"fusion-flexslider flexslider fusion-flexslider-loading fusion-post-slideshow\" style=\"border-color:var(--awb-color2);\">\n\t\t<ul class=\"slides\">\n\t\t\t\n\t\t\t\t\t\t\t\t\t\t\t\t\t\t<li><div  class=\"fusion-image-wrapper\" aria-haspopup=\"true\">\n\t\t\t\t\t\t\t<a href=\"https:\/\/delux.com.tr\/dt\/tatil-hakkinda\/mogolistan\/\" aria-label=\"Mo\u011folistan\">\n\t\t\t\t\t\t\t<img decoding=\"async\" width=\"548\" height=\"318\" src=\"https:\/\/delux.com.tr\/dt\/wp-content\/uploads\/2021\/05\/indir-6.jpeg\" class=\"attachment-full size-full lazyload wp-post-image\" alt=\"\" srcset=\"data:image\/svg+xml,%3Csvg%20xmlns%3D%27http%3A%2F%2Fwww.w3.org%2F2000%2Fsvg%27%20width%3D%27548%27%20height%3D%27318%27%20viewBox%3D%270%200%20548%20318%27%3E%3Crect%20width%3D%27548%27%20height%3D%27318%27%20fill-opacity%3D%220%22%2F%3E%3C%2Fsvg%3E\" data-orig-src=\"https:\/\/delux.com.tr\/dt\/wp-content\/uploads\/2021\/05\/indir-6.jpeg\" data-srcset=\"https:\/\/delux.com.tr\/dt\/wp-content\/uploads\/2021\/05\/indir-6-200x116.jpeg 200w, https:\/\/delux.com.tr\/dt\/wp-content\/uploads\/2021\/05\/indir-6-400x232.jpeg 400w, https:\/\/delux.com.tr\/dt\/wp-content\/uploads\/2021\/05\/indir-6.jpeg 548w\" data-sizes=\"auto\" \/>\t\t\t<\/a>\n\t\t\t\t\t\t\t<\/div>\n<\/li>\n\t\t\t\n\t\t\t\n\t\t\t\t\t\t\t\t\t\t\t\t\t\t\t\t\t\t\t\t\t\t\t\t\t\t\t\t\t\t\t\t\t\t\t\t\t\t\t\t\t\t\t\t\t\t\t\t\t\t\t\t\t\t\t\t\t\t\t\t\t\t\t\t\t\t\t\t<\/ul>\n\t<\/div>\n\t<div class=\"fusion-post-content-wrapper\" style=\"padding:30px 25px 25px 25px;\"><div class=\"fusion-post-content post-content\"><h2 class=\"blog-shortcode-post-title entry-title\"><a href=\"https:\/\/delux.com.tr\/dt\/tatil-hakkinda\/mogolistan\/\">Mo\u011folistan<\/a><\/h2><div class=\"fusion-post-content-container\"><p>Mo\u011folistan'\u0131n bozulmam\u0131\u015f k\u0131rsal b\u00f6lgelerinin u\u00e7suz bucaks\u0131z bozk\u0131rlar\u0131 ve g\u00f6rkemli Da\u011flar\u0131 taraf\u0131ndan b\u00fcy\u00fclenmemek imkans\u0131zd\u0131r. Merkezin \u0131\u015f\u0131klar\u0131 en az di\u011fer Asya metropolleri kadar parlakken, biraz daha derine inerek tam bir z\u0131tl\u0131klar \u015fehri bulacaks\u0131n\u0131z: Mo\u011fol tarihini ve miras\u0131n\u0131 anlatan ustal\u0131k dolu bir grafitinin yan\u0131 s\u0131ra k\u00fc\u00e7\u00fck Budist tap\u0131naklar\u0131, trafik \u0131\u015f\u0131klar\u0131nda bekleyen, son moda k\u0131yafetlerle bezenmi\u015f gen\u00e7 Mo\u011follar\u0131n yan\u0131 s\u0131ra geleneksel \u00e7izmeleriyle bir g\u00f6\u00e7ebe.<\/p><\/div><\/div><\/div><div class=\"fusion-clearfix\"><\/div><\/div>\n<\/article>\n<article id=\"blog-2-post-1965\" class=\"fusion-post-grid post-1965 post type-post status-publish format-standard has-post-thumbnail hentry category-asya category-tatil-hakkinda tag-asya tag-guney-kore tag-kultur-tatili tag-sanat-tatili\">\n<div class=\"fusion-post-wrapper\" style=\"background-color:rgba(255,255,255,0);border:1px solid var(--awb-color2);border-bottom-width:3px;\">\n\n\t\t\t<div class=\"fusion-flexslider flexslider fusion-flexslider-loading fusion-post-slideshow\" style=\"border-color:var(--awb-color2);\">\n\t\t<ul class=\"slides\">\n\t\t\t\n\t\t\t\t\t\t\t\t\t\t\t\t\t\t<li><div  class=\"fusion-image-wrapper\" aria-haspopup=\"true\">\n\t\t\t\t\t\t\t<a href=\"https:\/\/delux.com.tr\/dt\/tatil-hakkinda\/guney-kore\/\" aria-label=\"G\u00fcney Kore\">\n\t\t\t\t\t\t\t<img decoding=\"async\" width=\"1600\" height=\"1000\" src=\"https:\/\/delux.com.tr\/dt\/wp-content\/uploads\/2021\/05\/guney_kore_650.png\" class=\"attachment-full size-full lazyload wp-post-image\" alt=\"\" srcset=\"data:image\/svg+xml,%3Csvg%20xmlns%3D%27http%3A%2F%2Fwww.w3.org%2F2000%2Fsvg%27%20width%3D%271600%27%20height%3D%271000%27%20viewBox%3D%270%200%201600%201000%27%3E%3Crect%20width%3D%271600%27%20height%3D%271000%27%20fill-opacity%3D%220%22%2F%3E%3C%2Fsvg%3E\" data-orig-src=\"https:\/\/delux.com.tr\/dt\/wp-content\/uploads\/2021\/05\/guney_kore_650.png\" data-srcset=\"https:\/\/delux.com.tr\/dt\/wp-content\/uploads\/2021\/05\/guney_kore_650-200x125.png 200w, https:\/\/delux.com.tr\/dt\/wp-content\/uploads\/2021\/05\/guney_kore_650-400x250.png 400w, https:\/\/delux.com.tr\/dt\/wp-content\/uploads\/2021\/05\/guney_kore_650-600x375.png 600w, https:\/\/delux.com.tr\/dt\/wp-content\/uploads\/2021\/05\/guney_kore_650-800x500.png 800w, https:\/\/delux.com.tr\/dt\/wp-content\/uploads\/2021\/05\/guney_kore_650-1200x750.png 1200w, https:\/\/delux.com.tr\/dt\/wp-content\/uploads\/2021\/05\/guney_kore_650.png 1600w\" data-sizes=\"auto\" \/>\t\t\t<\/a>\n\t\t\t\t\t\t\t<\/div>\n<\/li>\n\t\t\t\n\t\t\t\n\t\t\t\t\t\t\t\t\t\t\t\t\t\t\t\t\t\t\t\t\t\t\t\t\t\t\t\t\t\t\t\t\t\t\t\t\t\t\t\t\t\t\t\t\t\t\t\t\t\t\t\t\t\t\t\t\t\t\t\t\t\t\t\t\t\t\t\t<\/ul>\n\t<\/div>\n\t<div class=\"fusion-post-content-wrapper\" style=\"padding:30px 25px 25px 25px;\"><div class=\"fusion-post-content post-content\"><h2 class=\"blog-shortcode-post-title entry-title\"><a href=\"https:\/\/delux.com.tr\/dt\/tatil-hakkinda\/guney-kore\/\">G\u00fcney Kore<\/a><\/h2><div class=\"fusion-post-content-container\"><p>G\u00fcney Kore'ye seyahat eden \u00e7o\u011fu insan i\u00e7in en cezbedici \u015fey, k\u0131tan\u0131n en heyecan verici \u015fehirlerinden biri olan Seul'dur. Modern g\u00f6kdelenlerin yan\u0131 s\u0131ra muhte\u015fem saraylar, tap\u0131naklar ve mabetler ile G\u00fcney Kore'nin ba\u015fkenti, eski ve yeni geleneklerin ve modernizenin inan\u0131lmaz bir kar\u0131\u015f\u0131m\u0131d\u0131r.<\/p><\/div><\/div><\/div><div class=\"fusion-clearfix\"><\/div><\/div>\n<\/article>\n<article id=\"blog-2-post-419\" class=\"fusion-post-grid post-419 post type-post status-publish format-standard has-post-thumbnail hentry category-asya tag-asya tag-koh-samui tag-romantik-tatil tag-yaz-tatilleri\">\n<div class=\"fusion-post-wrapper\" style=\"background-color:rgba(255,255,255,0);border:1px solid var(--awb-color2);border-bottom-width:3px;\">\n\n\t\t\t<div class=\"fusion-flexslider flexslider fusion-flexslider-loading fusion-post-slideshow\" style=\"border-color:var(--awb-color2);\">\n\t\t<ul class=\"slides\">\n\t\t\t\n\t\t\t\t\t\t\t\t\t\t\t\t\t\t<li><div  class=\"fusion-image-wrapper\" aria-haspopup=\"true\">\n\t\t\t\t\t\t\t<a href=\"https:\/\/delux.com.tr\/dt\/destinasyonlar\/asya\/koh-samui\/\" aria-label=\"Koh Samui\">\n\t\t\t\t\t\t\t\t\t\t<\/a>\n\t\t\t\t\t\t\t<\/div>\n<\/li>\n\t\t\t\n\t\t\t\n\t\t\t\t\t\t\t\t\t\t\t\t\t\t\t\t\t\t\t\t\t\t\t\t\t\t\t\t\t\t\t\t\t\t\t\t\t\t\t\t\t\t\t\t\t\t\t\t\t\t\t\t\t\t\t\t\t\t\t\t\t\t\t\t\t\t\t\t<\/ul>\n\t<\/div>\n\t<div class=\"fusion-post-content-wrapper\" style=\"padding:30px 25px 25px 25px;\"><div class=\"fusion-post-content post-content\"><h2 class=\"blog-shortcode-post-title entry-title\"><a href=\"https:\/\/delux.com.tr\/dt\/destinasyonlar\/asya\/koh-samui\/\">Koh Samui<\/a><\/h2><div class=\"fusion-post-content-container\"><p> Tayland\u2019\u0131n g\u00fcneyindeki cennet adalardan birisi de Ko Samui Adas\u0131[...]<\/p><\/div><\/div><\/div><div class=\"fusion-clearfix\"><\/div><\/div>\n<\/article>\n<div class=\"fusion-clearfix\"><\/div><\/div><\/div><\/div><\/div><\/div><\/div><\/p>\n","protected":false},"excerpt":{"rendered":"<p>Myanmar&#8217;\u0131n ana k\u00fclt\u00fcrel unsurlar\u0131, Bagan ve Mandalay \u00e7evresindeki Budist tap\u0131naklar\u0131 ve pagodalar\u0131 ve Yangon&#8217;daki ola\u011fan\u00fcst\u00fc alt\u0131n Shwedagon Padogas\u0131&#8217;d\u0131r. hayal k\u0131r\u0131kl\u0131\u011f\u0131na u\u011fratmazlar, ancak al\u0131\u015f\u0131lm\u0131\u015f gezi rotalar\u0131n\u0131n ne kadar uza\u011f\u0131na gidilirse, \u00fclke o kadar fazla \u015fa\u015f\u0131rt\u0131r: tepe kabileleri ve k\u00fclt\u00fcrleri, kom\u015fu Hindistan, \u00c7in, Laos ve Tayland&#8217;dan y\u00fczy\u0131llard\u0131r oldu\u011fu gibi kar\u0131\u015f\u0131r.<\/p>\n","protected":false},"author":1,"featured_media":5855,"comment_status":"open","ping_status":"open","sticky":false,"template":"","format":"standard","meta":{"footnotes":""},"categories":[12,9],"tags":[62,266,278,308],"class_list":["post-1955","post","type-post","status-publish","format-standard","has-post-thumbnail","hentry","category-asya","category-tatil-hakkinda","tag-asya","tag-kultur-tatili","tag-macera-tatili","tag-myanmar"],"_links":{"self":[{"href":"https:\/\/delux.com.tr\/dt\/wp-json\/wp\/v2\/posts\/1955","targetHints":{"allow":["GET"]}}],"collection":[{"href":"https:\/\/delux.com.tr\/dt\/wp-json\/wp\/v2\/posts"}],"about":[{"href":"https:\/\/delux.com.tr\/dt\/wp-json\/wp\/v2\/types\/post"}],"author":[{"embeddable":true,"href":"https:\/\/delux.com.tr\/dt\/wp-json\/wp\/v2\/users\/1"}],"replies":[{"embeddable":true,"href":"https:\/\/delux.com.tr\/dt\/wp-json\/wp\/v2\/comments?post=1955"}],"version-history":[{"count":1,"href":"https:\/\/delux.com.tr\/dt\/wp-json\/wp\/v2\/posts\/1955\/revisions"}],"predecessor-version":[{"id":5856,"href":"https:\/\/delux.com.tr\/dt\/wp-json\/wp\/v2\/posts\/1955\/revisions\/5856"}],"wp:featuredmedia":[{"embeddable":true,"href":"https:\/\/delux.com.tr\/dt\/wp-json\/wp\/v2\/media\/5855"}],"wp:attachment":[{"href":"https:\/\/delux.com.tr\/dt\/wp-json\/wp\/v2\/media?parent=1955"}],"wp:term":[{"taxonomy":"category","embeddable":true,"href":"https:\/\/delux.com.tr\/dt\/wp-json\/wp\/v2\/categories?post=1955"},{"taxonomy":"post_tag","embeddable":true,"href":"https:\/\/delux.com.tr\/dt\/wp-json\/wp\/v2\/tags?post=1955"}],"curies":[{"name":"wp","href":"https:\/\/api.w.org\/{rel}","templated":true}]}}