{"id":1868,"date":"2021-05-17T22:18:05","date_gmt":"2021-05-17T19:18:05","guid":{"rendered":"http:\/\/delux.com.tr\/tr\/?p=1868"},"modified":"2023-09-13T14:55:59","modified_gmt":"2023-09-13T11:55:59","slug":"guatemala","status":"publish","type":"post","link":"https:\/\/delux.com.tr\/dt\/destinasyonlar\/amerika\/guatemala\/","title":{"rendered":"Guatemala"},"content":{"rendered":"<p><div class=\"fusion-fullwidth fullwidth-box fusion-builder-row-1 fusion-flex-container nonhundred-percent-fullwidth non-hundred-percent-height-scrolling\" style=\"--awb-border-radius-top-left:0px;--awb-border-radius-top-right:0px;--awb-border-radius-bottom-right:0px;--awb-border-radius-bottom-left:0px;--awb-flex-wrap:wrap;\" ><div class=\"fusion-builder-row fusion-row fusion-flex-align-items-flex-start fusion-flex-content-wrap\" style=\"max-width:1414.4px;margin-left: calc(-4% \/ 2 );margin-right: calc(-4% \/ 2 );\"><div class=\"fusion-layout-column fusion_builder_column fusion-builder-column-0 fusion_builder_column_2_3 2_3 fusion-flex-column\" style=\"--awb-bg-size:cover;--awb-width-large:66.666666666667%;--awb-margin-top-large:0px;--awb-spacing-right-large:2.88%;--awb-margin-bottom-large:20px;--awb-spacing-left-large:2.88%;--awb-width-medium:66.666666666667%;--awb-order-medium:0;--awb-spacing-right-medium:2.88%;--awb-spacing-left-medium:2.88%;--awb-width-small:100%;--awb-order-small:0;--awb-spacing-right-small:1.92%;--awb-spacing-left-small:1.92%;\"><div class=\"fusion-column-wrapper fusion-column-has-shadow fusion-flex-justify-content-flex-start fusion-content-layout-column\"><div class=\"fusion-text fusion-text-1\"><p><strong>ORTA AMER\u0130KA&#8217;NIN G\u00dcZELL\u0130\u011e\u0130N\u0130, K\u00dcLT\u00dcR\u00dcN\u00dc VE B\u00dcY\u00dcS\u00dcN\u00dc YA\u015eAYIN<\/strong><\/p>\n<p>Guatemala bir fantezi yeridir: ormanda kaybolan antik \u015fehirler, y\u00fckselen dumanl\u0131 volkanlar, i\u00e7 i\u00e7e ge\u00e7mi\u015f Hint pazarlar\u0131, canl\u0131 renkler, ke\u015ffedilmemi\u015f ya\u011fmur ormanlar\u0131, inan\u0131lmaz k\u00fclt\u00fcrel zenginlik ve derin yerli gelenek.<\/p>\n<p>Basit\u00e7e s\u00f6ylemek gerekirse, en yo\u011fun haliyle Amerika&#8217;n\u0131n merkezidir. Genellikle, g\u00fczel s\u00f6m\u00fcrge \u015fehri Antigua&#8217;da ba\u015flaman\u0131z\u0131, Arnavut kald\u0131r\u0131ml\u0131 sokaklar\u0131 ve yerel pazarlar\u0131 avucunun i\u00e7i gibi bilen rehberimizle ke\u015ffetmenizi ve daha sonra su kenar\u0131ndaki en sevdi\u011fimiz orman evlerinden birinde kalmak i\u00e7in \u00e7arp\u0131c\u0131 Atitlan G\u00f6l\u00fc&#8217;ne gitmenizi \u00f6neririz. Macerac\u0131lar i\u00e7in, kayaktan zipline yapmaya ve \u00e7evredeki vadilerde y\u00fcr\u00fcy\u00fc\u015flere kadar bir dizi deneyim d\u00fczenleyebiliriz, ancak daha yava\u015f bir tempoyu tercih ederseniz, sadece rahatlamak ve g\u00f6ldeki hayat\u0131 izlemek e\u015fit derecede \u00f6d\u00fcllendirici olabilir.<\/p>\n<p>Daha kuzeyde, Tikal&#8217;de, di\u011fer Maya \u015fehirlerinden daha uzak olan etkileyici Uaxactun kal\u0131nt\u0131lar\u0131nda kamp yapmak i\u00e7in bir gece ayarlayabiliriz. Alacakaranl\u0131kta, G\u00fcn bat\u0131m\u0131 i\u00e7ecekleri i\u00e7in bir g\u00f6zetleme Kulesine t\u0131rmanacaks\u0131n\u0131z, ard\u0131ndan gece orman ke\u015ffi yapacaks\u0131n\u0131z, yatmadan \u00f6nce orman\u0131n t\u00fcm sesleri taraf\u0131ndan uyumak i\u00e7in yat\u0131\u015ft\u0131r\u0131lacaks\u0131n\u0131z.<\/p>\n<p>Bu destinasyonla ilgili en son seyahat g\u00fcncellemeleri i\u00e7in l\u00fctfen bizimle ileti\u015fime ge\u00e7in.<\/p>\n<\/div><\/div><\/div><div class=\"fusion-layout-column fusion_builder_column fusion-builder-column-1 fusion_builder_column_1_3 1_3 fusion-flex-column\" style=\"--awb-padding-top:4%;--awb-padding-right:4%;--awb-padding-bottom:4%;--awb-padding-left:4%;--awb-bg-color:#e5e5e5;--awb-bg-color-hover:#e5e5e5;--awb-bg-size:cover;--awb-width-large:33.333333333333%;--awb-margin-top-large:0px;--awb-spacing-right-large:5.76%;--awb-margin-bottom-large:20px;--awb-spacing-left-large:5.76%;--awb-width-medium:33.333333333333%;--awb-order-medium:0;--awb-spacing-right-medium:5.76%;--awb-spacing-left-medium:5.76%;--awb-width-small:100%;--awb-order-small:0;--awb-spacing-right-small:1.92%;--awb-spacing-left-small:1.92%;\"><div class=\"fusion-column-wrapper fusion-column-has-shadow fusion-flex-justify-content-flex-start fusion-content-layout-column\"><div class=\"fusion-blog-shortcode fusion-blog-shortcode-1 fusion-blog-archive fusion-blog-layout-large fusion-blog-pagination\"><div class=\"fusion-posts-container fusion-posts-container-pagination fusion-no-meta-info\" data-pages=\"19\"><article id=\"blog-1-post-1868\" class=\"fusion-post-large post-1868 post type-post status-publish format-standard has-post-thumbnail hentry category-amerika tag-amerika tag-guatemala tag-kultur-tatili tag-macera-tatili\">\n\t<style type=\"text\/css\">\n\t\t\n\t\t\n\t\t\n\t\t\n\t\t\t<\/style>\n\n\n\t\t\t<div class=\"fusion-flexslider flexslider fusion-flexslider-loading fusion-post-slideshow\" style=\"\">\n\t\t<ul class=\"slides\">\n\t\t\t\n\t\t\t\t\t\t\t\t\t\t\t\t\t\t<li><div  class=\"fusion-image-wrapper\" aria-haspopup=\"true\">\n\t\t\t\t\t\t\t<a href=\"https:\/\/delux.com.tr\/dt\/destinasyonlar\/amerika\/guatemala\/\" aria-label=\"Guatemala\">\n\t\t\t\t\t\t\t<img decoding=\"async\" width=\"2560\" height=\"1702\" src=\"https:\/\/delux.com.tr\/dt\/wp-content\/uploads\/2021\/05\/guatemala-1-scaled.jpg\" class=\"attachment-full size-full lazyload wp-post-image\" alt=\"\" srcset=\"data:image\/svg+xml,%3Csvg%20xmlns%3D%27http%3A%2F%2Fwww.w3.org%2F2000%2Fsvg%27%20width%3D%272560%27%20height%3D%271702%27%20viewBox%3D%270%200%202560%201702%27%3E%3Crect%20width%3D%272560%27%20height%3D%271702%27%20fill-opacity%3D%220%22%2F%3E%3C%2Fsvg%3E\" data-orig-src=\"https:\/\/delux.com.tr\/dt\/wp-content\/uploads\/2021\/05\/guatemala-1-scaled.jpg\" data-srcset=\"https:\/\/delux.com.tr\/dt\/wp-content\/uploads\/2021\/05\/guatemala-1-200x133.jpg 200w, https:\/\/delux.com.tr\/dt\/wp-content\/uploads\/2021\/05\/guatemala-1-400x266.jpg 400w, https:\/\/delux.com.tr\/dt\/wp-content\/uploads\/2021\/05\/guatemala-1-600x399.jpg 600w, https:\/\/delux.com.tr\/dt\/wp-content\/uploads\/2021\/05\/guatemala-1-800x532.jpg 800w, https:\/\/delux.com.tr\/dt\/wp-content\/uploads\/2021\/05\/guatemala-1-1200x798.jpg 1200w, https:\/\/delux.com.tr\/dt\/wp-content\/uploads\/2021\/05\/guatemala-1-scaled.jpg 2560w\" data-sizes=\"auto\" \/>\t\t\t<\/a>\n\t\t\t\t\t\t\t<\/div>\n<\/li>\n\t\t\t\n\t\t\t\n\t\t\t\t\t\t\t\t\t\t\t\t\t\t\t\t\t\t\t\t\t\t\t\t\t\t\t\t\t\t\t\t\t\t\t\t\t\t\t\t\t\t\t\t\t\t\t\t\t\t\t\t\t\t\t\t\t\t\t\t\t\t\t\t\t\t\t\t<\/ul>\n\t<\/div>\n\t<div class=\"fusion-post-content post-content\"><h2 class=\"blog-shortcode-post-title entry-title\"><a href=\"https:\/\/delux.com.tr\/dt\/destinasyonlar\/amerika\/guatemala\/\">Guatemala<\/a><\/h2><\/div><div class=\"fusion-clearfix\"><\/div><\/article>\n<article id=\"blog-1-post-1978\" class=\"fusion-post-large post-1978 post type-post status-publish format-standard has-post-thumbnail hentry category-orta-dogu category-plaj-tatili tag-bae tag-macera-tatili tag-orta-dogu tag-plaj-tatili\">\n\t<style type=\"text\/css\">\n\t\t\n\t\t\n\t\t\n\t\t\n\t\t\t<\/style>\n\n\n\t\t\t<div class=\"fusion-flexslider flexslider fusion-flexslider-loading fusion-post-slideshow\" style=\"\">\n\t\t<ul class=\"slides\">\n\t\t\t\n\t\t\t\t\t\t\t\t\t\t\t\t\t\t<li><div  class=\"fusion-image-wrapper\" aria-haspopup=\"true\">\n\t\t\t\t\t\t\t<a href=\"https:\/\/delux.com.tr\/dt\/destinasyonlar\/orta-dogu\/bae\/\" aria-label=\"BAE\">\n\t\t\t\t\t\t\t<img decoding=\"async\" width=\"548\" height=\"318\" src=\"https:\/\/delux.com.tr\/dt\/wp-content\/uploads\/2021\/05\/indir-3-1.jpeg\" class=\"attachment-full size-full lazyload wp-post-image\" alt=\"\" srcset=\"data:image\/svg+xml,%3Csvg%20xmlns%3D%27http%3A%2F%2Fwww.w3.org%2F2000%2Fsvg%27%20width%3D%27548%27%20height%3D%27318%27%20viewBox%3D%270%200%20548%20318%27%3E%3Crect%20width%3D%27548%27%20height%3D%27318%27%20fill-opacity%3D%220%22%2F%3E%3C%2Fsvg%3E\" data-orig-src=\"https:\/\/delux.com.tr\/dt\/wp-content\/uploads\/2021\/05\/indir-3-1.jpeg\" data-srcset=\"https:\/\/delux.com.tr\/dt\/wp-content\/uploads\/2021\/05\/indir-3-1-200x116.jpeg 200w, https:\/\/delux.com.tr\/dt\/wp-content\/uploads\/2021\/05\/indir-3-1-400x232.jpeg 400w, https:\/\/delux.com.tr\/dt\/wp-content\/uploads\/2021\/05\/indir-3-1.jpeg 548w\" data-sizes=\"auto\" \/>\t\t\t<\/a>\n\t\t\t\t\t\t\t<\/div>\n<\/li>\n\t\t\t\n\t\t\t\n\t\t\t\t\t\t\t\t\t\t\t\t\t\t\t\t\t\t\t\t\t\t\t\t\t\t\t\t\t\t\t\t\t\t\t\t\t\t\t\t\t\t\t\t\t\t\t\t\t\t\t\t\t\t\t\t\t\t\t\t\t\t\t\t\t\t\t\t<\/ul>\n\t<\/div>\n\t<div class=\"fusion-post-content post-content\"><h2 class=\"blog-shortcode-post-title entry-title\"><a href=\"https:\/\/delux.com.tr\/dt\/destinasyonlar\/orta-dogu\/bae\/\">BAE<\/a><\/h2><\/div><div class=\"fusion-clearfix\"><\/div><\/article>\n<article id=\"blog-1-post-1808\" class=\"fusion-post-large post-1808 post type-post status-publish format-standard has-post-thumbnail hentry category-avrupa category-plaj-tatili tag-afrika tag-macera-tatili tag-plaj-tatili tag-principe tag-sao-tome\">\n\t<style type=\"text\/css\">\n\t\t\n\t\t\n\t\t\n\t\t\n\t\t\t<\/style>\n\n\n\t\t\t<div class=\"fusion-flexslider flexslider fusion-flexslider-loading fusion-post-slideshow\" style=\"\">\n\t\t<ul class=\"slides\">\n\t\t\t\n\t\t\t\t\t\t\t\t\t\t\t\t\t\t<li><div  class=\"fusion-image-wrapper\" aria-haspopup=\"true\">\n\t\t\t\t\t\t\t<a href=\"https:\/\/delux.com.tr\/dt\/destinasyonlar\/avrupa\/sao-tome-principe\/\" aria-label=\"Sao Tome &#038; Principe\">\n\t\t\t\t\t\t\t<img decoding=\"async\" width=\"548\" height=\"318\" src=\"https:\/\/delux.com.tr\/dt\/wp-content\/uploads\/2021\/05\/saotome.jpeg\" class=\"attachment-full size-full lazyload wp-post-image\" alt=\"\" srcset=\"data:image\/svg+xml,%3Csvg%20xmlns%3D%27http%3A%2F%2Fwww.w3.org%2F2000%2Fsvg%27%20width%3D%27548%27%20height%3D%27318%27%20viewBox%3D%270%200%20548%20318%27%3E%3Crect%20width%3D%27548%27%20height%3D%27318%27%20fill-opacity%3D%220%22%2F%3E%3C%2Fsvg%3E\" data-orig-src=\"https:\/\/delux.com.tr\/dt\/wp-content\/uploads\/2021\/05\/saotome.jpeg\" data-srcset=\"https:\/\/delux.com.tr\/dt\/wp-content\/uploads\/2021\/05\/saotome-200x116.jpeg 200w, https:\/\/delux.com.tr\/dt\/wp-content\/uploads\/2021\/05\/saotome-400x232.jpeg 400w, https:\/\/delux.com.tr\/dt\/wp-content\/uploads\/2021\/05\/saotome.jpeg 548w\" data-sizes=\"auto\" \/>\t\t\t<\/a>\n\t\t\t\t\t\t\t<\/div>\n<\/li>\n\t\t\t\n\t\t\t\n\t\t\t\t\t\t\t\t\t\t\t\t\t\t\t\t\t\t\t\t\t\t\t\t\t\t\t\t\t\t\t\t\t\t\t\t\t\t\t\t\t\t\t\t\t\t\t\t\t\t\t\t\t\t\t\t\t\t\t\t\t\t\t\t\t\t\t\t<\/ul>\n\t<\/div>\n\t<div class=\"fusion-post-content post-content\"><h2 class=\"blog-shortcode-post-title entry-title\"><a href=\"https:\/\/delux.com.tr\/dt\/destinasyonlar\/avrupa\/sao-tome-principe\/\">Sao Tome &#038; Principe<\/a><\/h2><\/div><div class=\"fusion-clearfix\"><\/div><\/article>\n<\/div><div class=\"pagination clearfix\"><span class=\"current\">1<\/span><a href=\"https:\/\/delux.com.tr\/dt\/wp-json\/wp\/v2\/posts\/1868\/page\/2\/\" class=\"inactive\">2<\/a><a class=\"pagination-next\" rel=\"next\" href=\"https:\/\/delux.com.tr\/dt\/wp-json\/wp\/v2\/posts\/1868\/page\/2\/\"><span class=\"page-text\">Sonraki<\/span><span class=\"page-next\"><\/span><\/a><\/div><div class=\"fusion-clearfix\"><\/div><\/div><div class=\"fusion-text fusion-text-2\"><p>&#8211; Yolculu\u011funuzun her ola\u011fan\u00fcst\u00fc detay\u0131n \u00f6zenle se\u00e7ilmi\u015f olmas\u0131<\/p>\n<p>&#8211; Kusursuz bir \u015fekilde uygulanan, el yap\u0131m\u0131, esnek ve kusursuz g\u00fczergahlar<\/p>\n<p>&#8211; Egzotik destinasyonlarda uzman\u0131<\/p>\n<p>&#8211; Ola\u011fan\u00fcst\u00fc hizmet ve detaylara tavizsiz \u00f6zen<\/p>\n<p>&#8211; \u00c7iftler, aileler ve k\u00fc\u00e7\u00fck gruplar i\u00e7in m\u00fckemmel \u00f6zel yolculuklar<\/p>\n<p>&#8211; Kendi kal\u0131\u015f tarihinizi se\u00e7me \u00f6zg\u00fcrl\u00fc\u011f\u00fc<\/p>\n<p>&#8211; Tamamen \u00f6zelle\u015ftirilebilir deneyimler<\/p>\n<\/div><div class=\"fusion-text fusion-text-3\"><p><strong>Otel ve Tur Sat\u0131\u015f<\/strong><br \/>\n<a href=\"mailto:sales@delux.com.tr\">sales@delux.com.tr<\/a> &#8211; <a href=\"telto:+905559637216\">0555 963 7216<\/a><\/p>\n<\/div><\/div><\/div><\/div><\/div><div class=\"fusion-fullwidth fullwidth-box fusion-builder-row-2 fusion-flex-container nonhundred-percent-fullwidth non-hundred-percent-height-scrolling\" style=\"--awb-border-radius-top-left:0px;--awb-border-radius-top-right:0px;--awb-border-radius-bottom-right:0px;--awb-border-radius-bottom-left:0px;--awb-flex-wrap:wrap;\" ><div class=\"fusion-builder-row fusion-row fusion-flex-align-items-flex-start fusion-flex-content-wrap\" style=\"max-width:1414.4px;margin-left: calc(-4% \/ 2 );margin-right: calc(-4% \/ 2 );\"><div class=\"fusion-layout-column fusion_builder_column fusion-builder-column-2 fusion_builder_column_1_1 1_1 fusion-flex-column\" style=\"--awb-bg-size:cover;--awb-width-large:100%;--awb-margin-top-large:0px;--awb-spacing-right-large:1.92%;--awb-margin-bottom-large:20px;--awb-spacing-left-large:1.92%;--awb-width-medium:100%;--awb-order-medium:0;--awb-spacing-right-medium:1.92%;--awb-spacing-left-medium:1.92%;--awb-width-small:100%;--awb-order-small:0;--awb-spacing-right-small:1.92%;--awb-spacing-left-small:1.92%;\"><div class=\"fusion-column-wrapper fusion-column-has-shadow fusion-flex-justify-content-flex-start fusion-content-layout-column\"><div class=\"fusion-title title fusion-title-1 fusion-sep-none fusion-title-center fusion-title-text fusion-title-size-three\" style=\"--awb-margin-top:50px;--awb-margin-bottom:50px;--awb-margin-top-small:10px;--awb-margin-right-small:0px;--awb-margin-bottom-small:10px;--awb-margin-left-small:0px;\"><h3 class=\"fusion-title-heading title-heading-center\" style=\"font-family:&quot;Be Vietnam&quot;;font-style:normal;font-weight:700;margin:0;\">Benzer Yerler!<\/h3><\/div><div class=\"fusion-blog-shortcode fusion-blog-shortcode-2 fusion-blog-archive fusion-blog-layout-grid-wrapper fusion-blog-no\"><style type=\"text\/css\">.fusion-blog-shortcode-2 .fusion-blog-layout-grid .fusion-post-grid{padding:10px;}.fusion-blog-shortcode-2 .fusion-posts-container{margin-left: -10px !important; margin-right:-10px !important;}<\/style><div class=\"fusion-posts-container fusion-posts-container-no fusion-no-meta-info fusion-blog-layout-grid fusion-blog-layout-grid-3 isotope\" data-pages=\"8\" data-grid-col-space=\"20\" style=\"margin: -10px -10px 0;min-height:500px;\"><article id=\"blog-2-post-1871\" class=\"fusion-post-grid post-1871 post type-post status-publish format-standard has-post-thumbnail hentry category-amerika category-plaj-tatili tag-amerika tag-kultur-tatili tag-macera-tatili tag-meksika tag-plaj-tatili\">\n<div class=\"fusion-post-wrapper\" style=\"background-color:rgba(255,255,255,0);border:1px solid var(--awb-color2);border-bottom-width:3px;\">\n\n\t\t\t<div class=\"fusion-flexslider flexslider fusion-flexslider-loading fusion-post-slideshow\" style=\"border-color:var(--awb-color2);\">\n\t\t<ul class=\"slides\">\n\t\t\t\n\t\t\t\t\t\t\t\t\t\t\t\t\t\t<li><div  class=\"fusion-image-wrapper\" aria-haspopup=\"true\">\n\t\t\t\t\t\t\t<a href=\"https:\/\/delux.com.tr\/dt\/destinasyonlar\/amerika\/meksika\/\" aria-label=\"Meksika\">\n\t\t\t\t\t\t\t<img decoding=\"async\" width=\"516\" height=\"344\" src=\"https:\/\/delux.com.tr\/dt\/wp-content\/uploads\/2021\/05\/mekasi.jpg\" class=\"attachment-full size-full lazyload wp-post-image\" alt=\"\" srcset=\"data:image\/svg+xml,%3Csvg%20xmlns%3D%27http%3A%2F%2Fwww.w3.org%2F2000%2Fsvg%27%20width%3D%27516%27%20height%3D%27344%27%20viewBox%3D%270%200%20516%20344%27%3E%3Crect%20width%3D%27516%27%20height%3D%27344%27%20fill-opacity%3D%220%22%2F%3E%3C%2Fsvg%3E\" data-orig-src=\"https:\/\/delux.com.tr\/dt\/wp-content\/uploads\/2021\/05\/mekasi.jpg\" data-srcset=\"https:\/\/delux.com.tr\/dt\/wp-content\/uploads\/2021\/05\/mekasi-200x133.jpg 200w, https:\/\/delux.com.tr\/dt\/wp-content\/uploads\/2021\/05\/mekasi-400x267.jpg 400w, https:\/\/delux.com.tr\/dt\/wp-content\/uploads\/2021\/05\/mekasi.jpg 516w\" data-sizes=\"auto\" \/>\t\t\t<\/a>\n\t\t\t\t\t\t\t<\/div>\n<\/li>\n\t\t\t\n\t\t\t\n\t\t\t\t\t\t\t\t\t\t\t\t\t\t\t\t\t\t\t\t\t\t\t\t\t\t\t\t\t\t\t\t\t\t\t\t\t\t\t\t\t\t\t\t\t\t\t\t\t\t\t\t\t\t\t\t\t\t\t\t\t\t\t\t\t\t\t\t<\/ul>\n\t<\/div>\n\t<div class=\"fusion-post-content-wrapper\" style=\"padding:30px 25px 25px 25px;\"><div class=\"fusion-post-content post-content\"><h2 class=\"blog-shortcode-post-title entry-title\"><a href=\"https:\/\/delux.com.tr\/dt\/destinasyonlar\/amerika\/meksika\/\">Meksika<\/a><\/h2><div class=\"fusion-post-content-container\"><p>B\u00fcy\u00fck ve \u00e7e\u015fitli Meksika... B\u00fcy\u00fck drama ve muhte\u015fem manzaralar\u0131n bir \u00fclkesidir. Zengin ve b\u00fcy\u00fcleyici k\u00fclt\u00fcr, \u00e7arp\u0131c\u0131 s\u00f6m\u00fcrge kasabalar\u0131, \u015f\u0131k Hacienda otelleri, Maya tap\u0131naklar\u0131, Aztek piramitleri ve renkli pazarlar zengin bir tablo olu\u015fturur.<\/p><\/div><\/div><\/div><div class=\"fusion-clearfix\"><\/div><\/div>\n<\/article>\n<article id=\"blog-2-post-1852\" class=\"fusion-post-grid post-1852 post type-post status-publish format-standard has-post-thumbnail hentry category-amerika tag-amerika tag-kultur-tatili tag-sanat-tatili tag-sili\">\n<div class=\"fusion-post-wrapper\" style=\"background-color:rgba(255,255,255,0);border:1px solid var(--awb-color2);border-bottom-width:3px;\">\n\n\t\t\t<div class=\"fusion-flexslider flexslider fusion-flexslider-loading fusion-post-slideshow\" style=\"border-color:var(--awb-color2);\">\n\t\t<ul class=\"slides\">\n\t\t\t\n\t\t\t\t\t\t\t\t\t\t\t\t\t\t<li><div  class=\"fusion-image-wrapper\" aria-haspopup=\"true\">\n\t\t\t\t\t\t\t<a href=\"https:\/\/delux.com.tr\/dt\/destinasyonlar\/amerika\/sili\/\" aria-label=\"\u015eili\">\n\t\t\t\t\t\t\t<img decoding=\"async\" width=\"548\" height=\"318\" src=\"https:\/\/delux.com.tr\/dt\/wp-content\/uploads\/2021\/05\/sili.jpeg\" class=\"attachment-full size-full lazyload wp-post-image\" alt=\"\" srcset=\"data:image\/svg+xml,%3Csvg%20xmlns%3D%27http%3A%2F%2Fwww.w3.org%2F2000%2Fsvg%27%20width%3D%27548%27%20height%3D%27318%27%20viewBox%3D%270%200%20548%20318%27%3E%3Crect%20width%3D%27548%27%20height%3D%27318%27%20fill-opacity%3D%220%22%2F%3E%3C%2Fsvg%3E\" data-orig-src=\"https:\/\/delux.com.tr\/dt\/wp-content\/uploads\/2021\/05\/sili.jpeg\" data-srcset=\"https:\/\/delux.com.tr\/dt\/wp-content\/uploads\/2021\/05\/sili-200x116.jpeg 200w, https:\/\/delux.com.tr\/dt\/wp-content\/uploads\/2021\/05\/sili-400x232.jpeg 400w, https:\/\/delux.com.tr\/dt\/wp-content\/uploads\/2021\/05\/sili.jpeg 548w\" data-sizes=\"auto\" \/>\t\t\t<\/a>\n\t\t\t\t\t\t\t<\/div>\n<\/li>\n\t\t\t\n\t\t\t\n\t\t\t\t\t\t\t\t\t\t\t\t\t\t\t\t\t\t\t\t\t\t\t\t\t\t\t\t\t\t\t\t\t\t\t\t\t\t\t\t\t\t\t\t\t\t\t\t\t\t\t\t\t\t\t\t\t\t\t\t\t\t\t\t\t\t\t\t<\/ul>\n\t<\/div>\n\t<div class=\"fusion-post-content-wrapper\" style=\"padding:30px 25px 25px 25px;\"><div class=\"fusion-post-content post-content\"><h2 class=\"blog-shortcode-post-title entry-title\"><a href=\"https:\/\/delux.com.tr\/dt\/destinasyonlar\/amerika\/sili\/\">\u015eili<\/a><\/h2><div class=\"fusion-post-content-container\"><p>\u015eili'de seyahat ederken, bir dizi dramatik ve \u015fa\u015f\u0131rt\u0131c\u0131 derecede farkl\u0131 manzara \u00f6n\u00fcn\u00fcze \u00e7\u0131k\u0131yor. Atacama \u00c7\u00f6l\u00fc'nden Patagonya'n\u0131n fiyortlar\u0131, buzullar\u0131 ve da\u011flar\u0131n\u0131n vah\u015fi dramas\u0131na kadar nefes kesen manzara yaln\u0131zca d\u00fczenleyebilece\u011fimiz heyecan verici aktivitelerle e\u015fle\u015fiyor.<\/p><\/div><\/div><\/div><div class=\"fusion-clearfix\"><\/div><\/div>\n<\/article>\n<article id=\"blog-2-post-1881\" class=\"fusion-post-grid post-1881 post type-post status-publish format-standard has-post-thumbnail hentry category-amerika tag-amerika tag-kultur-tatili tag-macera-tatili tag-peru\">\n<div class=\"fusion-post-wrapper\" style=\"background-color:rgba(255,255,255,0);border:1px solid var(--awb-color2);border-bottom-width:3px;\">\n\n\t\t\t<div class=\"fusion-flexslider flexslider fusion-flexslider-loading fusion-post-slideshow\" style=\"border-color:var(--awb-color2);\">\n\t\t<ul class=\"slides\">\n\t\t\t\n\t\t\t\t\t\t\t\t\t\t\t\t\t\t<li><div  class=\"fusion-image-wrapper\" aria-haspopup=\"true\">\n\t\t\t\t\t\t\t<a href=\"https:\/\/delux.com.tr\/dt\/destinasyonlar\/amerika\/peru\/\" aria-label=\"Peru\">\n\t\t\t\t\t\t\t<img decoding=\"async\" width=\"750\" height=\"500\" src=\"https:\/\/delux.com.tr\/dt\/wp-content\/uploads\/2021\/05\/peru-1.jpg\" class=\"attachment-full size-full lazyload wp-post-image\" alt=\"\" srcset=\"data:image\/svg+xml,%3Csvg%20xmlns%3D%27http%3A%2F%2Fwww.w3.org%2F2000%2Fsvg%27%20width%3D%27750%27%20height%3D%27500%27%20viewBox%3D%270%200%20750%20500%27%3E%3Crect%20width%3D%27750%27%20height%3D%27500%27%20fill-opacity%3D%220%22%2F%3E%3C%2Fsvg%3E\" data-orig-src=\"https:\/\/delux.com.tr\/dt\/wp-content\/uploads\/2021\/05\/peru-1.jpg\" data-srcset=\"https:\/\/delux.com.tr\/dt\/wp-content\/uploads\/2021\/05\/peru-1-200x133.jpg 200w, https:\/\/delux.com.tr\/dt\/wp-content\/uploads\/2021\/05\/peru-1-400x267.jpg 400w, https:\/\/delux.com.tr\/dt\/wp-content\/uploads\/2021\/05\/peru-1-600x400.jpg 600w, https:\/\/delux.com.tr\/dt\/wp-content\/uploads\/2021\/05\/peru-1.jpg 750w\" data-sizes=\"auto\" \/>\t\t\t<\/a>\n\t\t\t\t\t\t\t<\/div>\n<\/li>\n\t\t\t\n\t\t\t\n\t\t\t\t\t\t\t\t\t\t\t\t\t\t\t\t\t\t\t\t\t\t\t\t\t\t\t\t\t\t\t\t\t\t\t\t\t\t\t\t\t\t\t\t\t\t\t\t\t\t\t\t\t\t\t\t\t\t\t\t\t\t\t\t\t\t\t\t<\/ul>\n\t<\/div>\n\t<div class=\"fusion-post-content-wrapper\" style=\"padding:30px 25px 25px 25px;\"><div class=\"fusion-post-content post-content\"><h2 class=\"blog-shortcode-post-title entry-title\"><a href=\"https:\/\/delux.com.tr\/dt\/destinasyonlar\/amerika\/peru\/\">Peru<\/a><\/h2><div class=\"fusion-post-content-container\"><p>\u00c7o\u011fu insan\u0131n bilmedi\u011fi y\u00fcr\u00fcy\u00fc\u015fleri, m\u00fczelere \u00f6zel eri\u015fimi, ilgin\u00e7 yerlerde tela\u015fs\u0131z \u00f6\u011fle yemeklerini ve d\u00fcnya standartlar\u0131nda nat\u00fcralist rehberlerle muhte\u015fem Amazon ke\u015fiflerini ya\u015fay\u0131n. \u0130leti\u015fim a\u011f\u0131m\u0131z hemen hemen her \u015feyi m\u00fcmk\u00fcn k\u0131lar.<\/p><\/div><\/div><\/div><div class=\"fusion-clearfix\"><\/div><\/div>\n<\/article>\n<div class=\"fusion-clearfix\"><\/div><\/div><\/div><\/div><\/div><\/div><\/div><\/p>\n","protected":false},"excerpt":{"rendered":"<p>Guatemala bir fantezi yeridir: ormanda kaybolan antik \u015fehirler, y\u00fckselen dumanl\u0131 volkanlar, i\u00e7 i\u00e7e ge\u00e7mi\u015f Hint pazarlar\u0131, canl\u0131 renkler, ke\u015ffedilmemi\u015f ya\u011fmur ormanlar\u0131, inan\u0131lmaz k\u00fclt\u00fcrel zenginlik ve derin yerli gelenek.<\/p>\n","protected":false},"author":1,"featured_media":5685,"comment_status":"open","ping_status":"open","sticky":false,"template":"","format":"standard","meta":{"footnotes":""},"categories":[11],"tags":[47,189,266,278],"class_list":["post-1868","post","type-post","status-publish","format-standard","has-post-thumbnail","hentry","category-amerika","tag-amerika","tag-guatemala","tag-kultur-tatili","tag-macera-tatili"],"_links":{"self":[{"href":"https:\/\/delux.com.tr\/dt\/wp-json\/wp\/v2\/posts\/1868","targetHints":{"allow":["GET"]}}],"collection":[{"href":"https:\/\/delux.com.tr\/dt\/wp-json\/wp\/v2\/posts"}],"about":[{"href":"https:\/\/delux.com.tr\/dt\/wp-json\/wp\/v2\/types\/post"}],"author":[{"embeddable":true,"href":"https:\/\/delux.com.tr\/dt\/wp-json\/wp\/v2\/users\/1"}],"replies":[{"embeddable":true,"href":"https:\/\/delux.com.tr\/dt\/wp-json\/wp\/v2\/comments?post=1868"}],"version-history":[{"count":1,"href":"https:\/\/delux.com.tr\/dt\/wp-json\/wp\/v2\/posts\/1868\/revisions"}],"predecessor-version":[{"id":5686,"href":"https:\/\/delux.com.tr\/dt\/wp-json\/wp\/v2\/posts\/1868\/revisions\/5686"}],"wp:featuredmedia":[{"embeddable":true,"href":"https:\/\/delux.com.tr\/dt\/wp-json\/wp\/v2\/media\/5685"}],"wp:attachment":[{"href":"https:\/\/delux.com.tr\/dt\/wp-json\/wp\/v2\/media?parent=1868"}],"wp:term":[{"taxonomy":"category","embeddable":true,"href":"https:\/\/delux.com.tr\/dt\/wp-json\/wp\/v2\/categories?post=1868"},{"taxonomy":"post_tag","embeddable":true,"href":"https:\/\/delux.com.tr\/dt\/wp-json\/wp\/v2\/tags?post=1868"}],"curies":[{"name":"wp","href":"https:\/\/api.w.org\/{rel}","templated":true}]}}