{"id":1859,"date":"2021-05-17T19:10:04","date_gmt":"2021-05-17T16:10:04","guid":{"rendered":"http:\/\/delux.com.tr\/tr\/?p=1859"},"modified":"2023-09-13T15:09:27","modified_gmt":"2023-09-13T12:09:27","slug":"kosta-rika","status":"publish","type":"post","link":"https:\/\/delux.com.tr\/dt\/destinasyonlar\/amerika\/kosta-rika\/","title":{"rendered":"Kosta Rika"},"content":{"rendered":"<p><div class=\"fusion-fullwidth fullwidth-box fusion-builder-row-1 fusion-flex-container nonhundred-percent-fullwidth non-hundred-percent-height-scrolling\" style=\"--awb-border-radius-top-left:0px;--awb-border-radius-top-right:0px;--awb-border-radius-bottom-right:0px;--awb-border-radius-bottom-left:0px;--awb-flex-wrap:wrap;\" ><div class=\"fusion-builder-row fusion-row fusion-flex-align-items-flex-start fusion-flex-content-wrap\" style=\"max-width:1414.4px;margin-left: calc(-4% \/ 2 );margin-right: calc(-4% \/ 2 );\"><div class=\"fusion-layout-column fusion_builder_column fusion-builder-column-0 fusion_builder_column_2_3 2_3 fusion-flex-column\" style=\"--awb-bg-size:cover;--awb-width-large:66.666666666667%;--awb-margin-top-large:0px;--awb-spacing-right-large:2.88%;--awb-margin-bottom-large:20px;--awb-spacing-left-large:2.88%;--awb-width-medium:66.666666666667%;--awb-order-medium:0;--awb-spacing-right-medium:2.88%;--awb-spacing-left-medium:2.88%;--awb-width-small:100%;--awb-order-small:0;--awb-spacing-right-small:1.92%;--awb-spacing-left-small:1.92%;\"><div class=\"fusion-column-wrapper fusion-column-has-shadow fusion-flex-justify-content-flex-start fusion-content-layout-column\"><div class=\"fusion-text fusion-text-1\"><p><strong>EGZOT\u0130K B\u0130R CENNET..<\/strong><\/p>\n<p>Kosta Rika zengin ve al\u0131\u015f\u0131lmad\u0131k bir vah\u015fi ya\u015famla doludur: dev deniz kaplumba\u011falar\u0131, a\u011faca t\u0131rmanan iguanalar ve 850&#8217;den fazla ku\u015f t\u00fcr\u00fc. Y\u00fcz\u00f6l\u00e7\u00fcm\u00fcn\u00fcn% 75&#8217;i do\u011fa koruma alan\u0131 olarak belirlenmi\u015f ve gezegenin ola\u011fan\u00fcst\u00fc hayvan ve bitki pop\u00fclasyonun % 5&#8217;lik k\u0131sm\u0131n\u0131 koruma alt\u0131nda tutan Kosta Rika, do\u011fa ve ekoturizmde \u00f6nc\u00fc olmu\u015ftur. \u00dclkenin en g\u00fczel noktalar\u0131ndan baz\u0131lar\u0131nda ideal bir konuma sahip olan \u00e7arp\u0131c\u0131 orman evleri ve k\u00fc\u00e7\u00fck butik oteller ke\u015ffettik.<\/p>\n<p>Buna ek olarak, sundu\u011fumuz y\u00fcksek standartta rehberlik, Kosta Rika&#8217;y\u0131 Amerika&#8217;n\u0131n en \u00e7ekici tatil yerlerinden biri haline getiriyor.<\/p>\n<p>Bu destinasyonla ilgili en son seyahat g\u00fcncellemeleri i\u00e7in l\u00fctfen bizimle ileti\u015fime ge\u00e7in.<\/p>\n<\/div><\/div><\/div><div class=\"fusion-layout-column fusion_builder_column fusion-builder-column-1 fusion_builder_column_1_3 1_3 fusion-flex-column\" style=\"--awb-padding-top:4%;--awb-padding-right:4%;--awb-padding-bottom:4%;--awb-padding-left:4%;--awb-bg-color:#e5e5e5;--awb-bg-color-hover:#e5e5e5;--awb-bg-size:cover;--awb-width-large:33.333333333333%;--awb-margin-top-large:0px;--awb-spacing-right-large:5.76%;--awb-margin-bottom-large:20px;--awb-spacing-left-large:5.76%;--awb-width-medium:33.333333333333%;--awb-order-medium:0;--awb-spacing-right-medium:5.76%;--awb-spacing-left-medium:5.76%;--awb-width-small:100%;--awb-order-small:0;--awb-spacing-right-small:1.92%;--awb-spacing-left-small:1.92%;\"><div class=\"fusion-column-wrapper fusion-column-has-shadow fusion-flex-justify-content-flex-start fusion-content-layout-column\"><div class=\"fusion-blog-shortcode fusion-blog-shortcode-1 fusion-blog-archive fusion-blog-layout-large fusion-blog-pagination\"><div class=\"fusion-posts-container fusion-posts-container-pagination fusion-no-meta-info\" data-pages=\"18\"><article id=\"blog-1-post-1965\" class=\"fusion-post-large post-1965 post type-post status-publish format-standard has-post-thumbnail hentry category-asya category-tatil-hakkinda tag-asya tag-guney-kore tag-kultur-tatili tag-sanat-tatili\">\n\t<style type=\"text\/css\">\n\t\t\n\t\t\n\t\t\n\t\t\n\t\t\t<\/style>\n\n\n\t\t\t<div class=\"fusion-flexslider flexslider fusion-flexslider-loading fusion-post-slideshow\" style=\"\">\n\t\t<ul class=\"slides\">\n\t\t\t\n\t\t\t\t\t\t\t\t\t\t\t\t\t\t<li><div  class=\"fusion-image-wrapper\" aria-haspopup=\"true\">\n\t\t\t\t\t\t\t<a href=\"https:\/\/delux.com.tr\/dt\/tatil-hakkinda\/guney-kore\/\" aria-label=\"G\u00fcney Kore\">\n\t\t\t\t\t\t\t<img decoding=\"async\" width=\"1600\" height=\"1000\" src=\"https:\/\/delux.com.tr\/dt\/wp-content\/uploads\/2021\/05\/guney_kore_650.png\" class=\"attachment-full size-full lazyload wp-post-image\" alt=\"\" srcset=\"data:image\/svg+xml,%3Csvg%20xmlns%3D%27http%3A%2F%2Fwww.w3.org%2F2000%2Fsvg%27%20width%3D%271600%27%20height%3D%271000%27%20viewBox%3D%270%200%201600%201000%27%3E%3Crect%20width%3D%271600%27%20height%3D%271000%27%20fill-opacity%3D%220%22%2F%3E%3C%2Fsvg%3E\" data-orig-src=\"https:\/\/delux.com.tr\/dt\/wp-content\/uploads\/2021\/05\/guney_kore_650.png\" data-srcset=\"https:\/\/delux.com.tr\/dt\/wp-content\/uploads\/2021\/05\/guney_kore_650-200x125.png 200w, https:\/\/delux.com.tr\/dt\/wp-content\/uploads\/2021\/05\/guney_kore_650-400x250.png 400w, https:\/\/delux.com.tr\/dt\/wp-content\/uploads\/2021\/05\/guney_kore_650-600x375.png 600w, https:\/\/delux.com.tr\/dt\/wp-content\/uploads\/2021\/05\/guney_kore_650-800x500.png 800w, https:\/\/delux.com.tr\/dt\/wp-content\/uploads\/2021\/05\/guney_kore_650-1200x750.png 1200w, https:\/\/delux.com.tr\/dt\/wp-content\/uploads\/2021\/05\/guney_kore_650.png 1600w\" data-sizes=\"auto\" \/>\t\t\t<\/a>\n\t\t\t\t\t\t\t<\/div>\n<\/li>\n\t\t\t\n\t\t\t\n\t\t\t\t\t\t\t\t\t\t\t\t\t\t\t\t\t\t\t\t\t\t\t\t\t\t\t\t\t\t\t\t\t\t\t\t\t\t\t\t\t\t\t\t\t\t\t\t\t\t\t\t\t\t\t\t\t\t\t\t\t\t\t\t\t\t\t\t<\/ul>\n\t<\/div>\n\t<div class=\"fusion-post-content post-content\"><h2 class=\"blog-shortcode-post-title entry-title\"><a href=\"https:\/\/delux.com.tr\/dt\/tatil-hakkinda\/guney-kore\/\">G\u00fcney Kore<\/a><\/h2><\/div><div class=\"fusion-clearfix\"><\/div><\/article>\n<article id=\"blog-1-post-3844\" class=\"fusion-post-large post-3844 post type-post status-publish format-standard has-post-thumbnail hentry category-tatil-hakkinda tag-aizanoi-antik-kent tag-anadolu-tarihi tag-bergama tag-kultur-tatili tag-zeus-tapinagi\">\n\t<style type=\"text\/css\">\n\t\t\n\t\t\n\t\t\n\t\t\n\t\t\t<\/style>\n\n\n\t\t\t<div class=\"fusion-flexslider flexslider fusion-flexslider-loading fusion-post-slideshow\" style=\"\">\n\t\t<ul class=\"slides\">\n\t\t\t\n\t\t\t\t\t\t\t\t\t\t\t\t\t\t<li><div  class=\"fusion-image-wrapper\" aria-haspopup=\"true\">\n\t\t\t\t\t\t\t<a href=\"https:\/\/delux.com.tr\/dt\/tatil-hakkinda\/tarihe-yolculuk-aizanoi-antik-kenti\/\" aria-label=\"Tarihe Yolculuk: Aizanoi Antik Kenti\">\n\t\t\t\t\t\t\t<img decoding=\"async\" width=\"800\" height=\"600\" src=\"https:\/\/delux.com.tr\/dt\/wp-content\/uploads\/2022\/02\/aizanoi-antik-kenti-1.jpg\" class=\"attachment-full size-full lazyload wp-post-image\" alt=\"\" srcset=\"data:image\/svg+xml,%3Csvg%20xmlns%3D%27http%3A%2F%2Fwww.w3.org%2F2000%2Fsvg%27%20width%3D%27800%27%20height%3D%27600%27%20viewBox%3D%270%200%20800%20600%27%3E%3Crect%20width%3D%27800%27%20height%3D%27600%27%20fill-opacity%3D%220%22%2F%3E%3C%2Fsvg%3E\" data-orig-src=\"https:\/\/delux.com.tr\/dt\/wp-content\/uploads\/2022\/02\/aizanoi-antik-kenti-1.jpg\" data-srcset=\"https:\/\/delux.com.tr\/dt\/wp-content\/uploads\/2022\/02\/aizanoi-antik-kenti-1-200x150.jpg 200w, https:\/\/delux.com.tr\/dt\/wp-content\/uploads\/2022\/02\/aizanoi-antik-kenti-1-400x300.jpg 400w, https:\/\/delux.com.tr\/dt\/wp-content\/uploads\/2022\/02\/aizanoi-antik-kenti-1-600x450.jpg 600w, https:\/\/delux.com.tr\/dt\/wp-content\/uploads\/2022\/02\/aizanoi-antik-kenti-1.jpg 800w\" data-sizes=\"auto\" \/>\t\t\t<\/a>\n\t\t\t\t\t\t\t<\/div>\n<\/li>\n\t\t\t\n\t\t\t\n\t\t\t\t\t\t\t\t\t\t\t\t\t\t\t\t\t\t\t\t\t\t\t\t\t\t\t\t\t\t\t\t\t\t\t\t\t\t\t\t\t\t\t\t\t\t\t\t\t\t\t\t\t\t\t\t\t\t\t\t\t\t\t\t\t\t\t\t<\/ul>\n\t<\/div>\n\t<div class=\"fusion-post-content post-content\"><h2 class=\"blog-shortcode-post-title entry-title\"><a href=\"https:\/\/delux.com.tr\/dt\/tatil-hakkinda\/tarihe-yolculuk-aizanoi-antik-kenti\/\">Tarihe Yolculuk: Aizanoi Antik Kenti<\/a><\/h2><\/div><div class=\"fusion-clearfix\"><\/div><\/article>\n<article id=\"blog-1-post-1959\" class=\"fusion-post-large post-1959 post type-post status-publish format-standard has-post-thumbnail hentry category-asya category-tatil-hakkinda tag-asya tag-macera-tatili tag-nepal\">\n\t<style type=\"text\/css\">\n\t\t\n\t\t\n\t\t\n\t\t\n\t\t\t<\/style>\n\n\n\t\t\t<div class=\"fusion-flexslider flexslider fusion-flexslider-loading fusion-post-slideshow\" style=\"\">\n\t\t<ul class=\"slides\">\n\t\t\t\n\t\t\t\t\t\t\t\t\t\t\t\t\t\t<li><div  class=\"fusion-image-wrapper\" aria-haspopup=\"true\">\n\t\t\t\t\t\t\t<a href=\"https:\/\/delux.com.tr\/dt\/tatil-hakkinda\/nepal\/\" aria-label=\"Nepal\">\n\t\t\t\t\t\t\t<img decoding=\"async\" width=\"548\" height=\"318\" src=\"https:\/\/delux.com.tr\/dt\/wp-content\/uploads\/2021\/05\/indir-2-1.jpeg\" class=\"attachment-full size-full lazyload wp-post-image\" alt=\"\" srcset=\"data:image\/svg+xml,%3Csvg%20xmlns%3D%27http%3A%2F%2Fwww.w3.org%2F2000%2Fsvg%27%20width%3D%27548%27%20height%3D%27318%27%20viewBox%3D%270%200%20548%20318%27%3E%3Crect%20width%3D%27548%27%20height%3D%27318%27%20fill-opacity%3D%220%22%2F%3E%3C%2Fsvg%3E\" data-orig-src=\"https:\/\/delux.com.tr\/dt\/wp-content\/uploads\/2021\/05\/indir-2-1.jpeg\" data-srcset=\"https:\/\/delux.com.tr\/dt\/wp-content\/uploads\/2021\/05\/indir-2-1-200x116.jpeg 200w, https:\/\/delux.com.tr\/dt\/wp-content\/uploads\/2021\/05\/indir-2-1-400x232.jpeg 400w, https:\/\/delux.com.tr\/dt\/wp-content\/uploads\/2021\/05\/indir-2-1.jpeg 548w\" data-sizes=\"auto\" \/>\t\t\t<\/a>\n\t\t\t\t\t\t\t<\/div>\n<\/li>\n\t\t\t\n\t\t\t\n\t\t\t\t\t\t\t\t\t\t\t\t\t\t\t\t\t\t\t\t\t\t\t\t\t\t\t\t\t\t\t\t\t\t\t\t\t\t\t\t\t\t\t\t\t\t\t\t\t\t\t\t\t\t\t\t\t\t\t\t\t\t\t\t\t\t\t\t<\/ul>\n\t<\/div>\n\t<div class=\"fusion-post-content post-content\"><h2 class=\"blog-shortcode-post-title entry-title\"><a href=\"https:\/\/delux.com.tr\/dt\/tatil-hakkinda\/nepal\/\">Nepal<\/a><\/h2><\/div><div class=\"fusion-clearfix\"><\/div><\/article>\n<\/div><div class=\"pagination clearfix\"><span class=\"current\">1<\/span><a href=\"https:\/\/delux.com.tr\/dt\/wp-json\/wp\/v2\/posts\/1859\/page\/2\/\" class=\"inactive\">2<\/a><a class=\"pagination-next\" rel=\"next\" href=\"https:\/\/delux.com.tr\/dt\/wp-json\/wp\/v2\/posts\/1859\/page\/2\/\"><span class=\"page-text\">Sonraki<\/span><span class=\"page-next\"><\/span><\/a><\/div><div class=\"fusion-clearfix\"><\/div><\/div><div class=\"fusion-text fusion-text-2\"><p>&#8211; Yolculu\u011funuzun her ola\u011fan\u00fcst\u00fc detay\u0131n \u00f6zenle se\u00e7ilmi\u015f olmas\u0131<\/p>\n<p>&#8211; Kusursuz bir \u015fekilde uygulanan, el yap\u0131m\u0131, esnek ve kusursuz g\u00fczergahlar<\/p>\n<p>&#8211; Egzotik destinasyonlarda uzman\u0131<\/p>\n<p>&#8211; Ola\u011fan\u00fcst\u00fc hizmet ve detaylara tavizsiz \u00f6zen<\/p>\n<p>&#8211; \u00c7iftler, aileler ve k\u00fc\u00e7\u00fck gruplar i\u00e7in m\u00fckemmel \u00f6zel yolculuklar<\/p>\n<p>&#8211; Kendi kal\u0131\u015f tarihinizi se\u00e7me \u00f6zg\u00fcrl\u00fc\u011f\u00fc<\/p>\n<p>&#8211; Tamamen \u00f6zelle\u015ftirilebilir deneyimler<\/p>\n<\/div><div class=\"fusion-text fusion-text-3\"><p><strong>Otel ve Tur Sat\u0131\u015f<\/strong><br \/>\n<a href=\"mailto:sales@delux.com.tr\">sales@delux.com.tr<\/a> &#8211; <a href=\"telto:+905559637216\">0555 963 7216<\/a><\/p>\n<\/div><\/div><\/div><\/div><\/div><div class=\"fusion-fullwidth fullwidth-box fusion-builder-row-2 fusion-flex-container nonhundred-percent-fullwidth non-hundred-percent-height-scrolling\" style=\"--awb-border-radius-top-left:0px;--awb-border-radius-top-right:0px;--awb-border-radius-bottom-right:0px;--awb-border-radius-bottom-left:0px;--awb-flex-wrap:wrap;\" ><div class=\"fusion-builder-row fusion-row fusion-flex-align-items-flex-start fusion-flex-content-wrap\" style=\"max-width:1414.4px;margin-left: calc(-4% \/ 2 );margin-right: calc(-4% \/ 2 );\"><div class=\"fusion-layout-column fusion_builder_column fusion-builder-column-2 fusion_builder_column_1_1 1_1 fusion-flex-column\" style=\"--awb-bg-size:cover;--awb-width-large:100%;--awb-margin-top-large:0px;--awb-spacing-right-large:1.92%;--awb-margin-bottom-large:20px;--awb-spacing-left-large:1.92%;--awb-width-medium:100%;--awb-order-medium:0;--awb-spacing-right-medium:1.92%;--awb-spacing-left-medium:1.92%;--awb-width-small:100%;--awb-order-small:0;--awb-spacing-right-small:1.92%;--awb-spacing-left-small:1.92%;\"><div class=\"fusion-column-wrapper fusion-column-has-shadow fusion-flex-justify-content-flex-start fusion-content-layout-column\"><div class=\"fusion-title title fusion-title-1 fusion-sep-none fusion-title-center fusion-title-text fusion-title-size-three\" style=\"--awb-margin-top:50px;--awb-margin-bottom:50px;--awb-margin-top-small:10px;--awb-margin-right-small:0px;--awb-margin-bottom-small:10px;--awb-margin-left-small:0px;\"><h3 class=\"fusion-title-heading title-heading-center\" style=\"font-family:&quot;Be Vietnam&quot;;font-style:normal;font-weight:700;margin:0;\">Benzer Yerler!<\/h3><\/div><div class=\"fusion-blog-shortcode fusion-blog-shortcode-2 fusion-blog-archive fusion-blog-layout-grid-wrapper fusion-blog-no\"><style type=\"text\/css\">.fusion-blog-shortcode-2 .fusion-blog-layout-grid .fusion-post-grid{padding:10px;}.fusion-blog-shortcode-2 .fusion-posts-container{margin-left: -10px !important; margin-right:-10px !important;}<\/style><div class=\"fusion-posts-container fusion-posts-container-no fusion-no-meta-info fusion-blog-layout-grid fusion-blog-layout-grid-3 isotope\" data-pages=\"8\" data-grid-col-space=\"20\" style=\"margin: -10px -10px 0;min-height:500px;\"><article id=\"blog-2-post-1838\" class=\"fusion-post-grid post-1838 post type-post status-publish format-standard has-post-thumbnail hentry category-amerika tag-amerika tag-arjantin tag-kultur-tatili\">\n<div class=\"fusion-post-wrapper\" style=\"background-color:rgba(255,255,255,0);border:1px solid var(--awb-color2);border-bottom-width:3px;\">\n\n\t\t\t<div class=\"fusion-flexslider flexslider fusion-flexslider-loading fusion-post-slideshow\" style=\"border-color:var(--awb-color2);\">\n\t\t<ul class=\"slides\">\n\t\t\t\n\t\t\t\t\t\t\t\t\t\t\t\t\t\t<li><div  class=\"fusion-image-wrapper\" aria-haspopup=\"true\">\n\t\t\t\t\t\t\t<a href=\"https:\/\/delux.com.tr\/dt\/destinasyonlar\/amerika\/arjantin\/\" aria-label=\"Arjantin\">\n\t\t\t\t\t\t\t<img decoding=\"async\" width=\"1280\" height=\"720\" src=\"https:\/\/delux.com.tr\/dt\/wp-content\/uploads\/2021\/05\/arjantin-reuters-1967700.jpg\" class=\"attachment-full size-full lazyload wp-post-image\" alt=\"\" srcset=\"data:image\/svg+xml,%3Csvg%20xmlns%3D%27http%3A%2F%2Fwww.w3.org%2F2000%2Fsvg%27%20width%3D%271280%27%20height%3D%27720%27%20viewBox%3D%270%200%201280%20720%27%3E%3Crect%20width%3D%271280%27%20height%3D%27720%27%20fill-opacity%3D%220%22%2F%3E%3C%2Fsvg%3E\" data-orig-src=\"https:\/\/delux.com.tr\/dt\/wp-content\/uploads\/2021\/05\/arjantin-reuters-1967700.jpg\" data-srcset=\"https:\/\/delux.com.tr\/dt\/wp-content\/uploads\/2021\/05\/arjantin-reuters-1967700-200x113.jpg 200w, https:\/\/delux.com.tr\/dt\/wp-content\/uploads\/2021\/05\/arjantin-reuters-1967700-400x225.jpg 400w, https:\/\/delux.com.tr\/dt\/wp-content\/uploads\/2021\/05\/arjantin-reuters-1967700-600x338.jpg 600w, https:\/\/delux.com.tr\/dt\/wp-content\/uploads\/2021\/05\/arjantin-reuters-1967700-800x450.jpg 800w, https:\/\/delux.com.tr\/dt\/wp-content\/uploads\/2021\/05\/arjantin-reuters-1967700-1200x675.jpg 1200w, https:\/\/delux.com.tr\/dt\/wp-content\/uploads\/2021\/05\/arjantin-reuters-1967700.jpg 1280w\" data-sizes=\"auto\" \/>\t\t\t<\/a>\n\t\t\t\t\t\t\t<\/div>\n<\/li>\n\t\t\t\n\t\t\t\n\t\t\t\t\t\t\t\t\t\t\t\t\t\t\t\t\t\t\t\t\t\t\t\t\t\t\t\t\t\t\t\t\t\t\t\t\t\t\t\t\t\t\t\t\t\t\t\t\t\t\t\t\t\t\t\t\t\t\t\t\t\t\t\t\t\t\t\t<\/ul>\n\t<\/div>\n\t<div class=\"fusion-post-content-wrapper\" style=\"padding:30px 25px 25px 25px;\"><div class=\"fusion-post-content post-content\"><h2 class=\"blog-shortcode-post-title entry-title\"><a href=\"https:\/\/delux.com.tr\/dt\/destinasyonlar\/amerika\/arjantin\/\">Arjantin<\/a><\/h2><div class=\"fusion-post-content-container\"><p>Kozmopolit Buenos Aires'ten Patagonya'n\u0131n etkileyici buzullar\u0131na ve kurak Salta eyaletinden yemye\u015fil G\u00f6ller B\u00f6lgesi'ne kadar, Arjantin'in g\u00fczelli\u011fi sadece \u00e7e\u015fitlili\u011fiyle e\u015fle\u015fiyor.<\/p><\/div><\/div><\/div><div class=\"fusion-clearfix\"><\/div><\/div>\n<\/article>\n<article id=\"blog-2-post-1852\" class=\"fusion-post-grid post-1852 post type-post status-publish format-standard has-post-thumbnail hentry category-amerika tag-amerika tag-kultur-tatili tag-sanat-tatili tag-sili\">\n<div class=\"fusion-post-wrapper\" style=\"background-color:rgba(255,255,255,0);border:1px solid var(--awb-color2);border-bottom-width:3px;\">\n\n\t\t\t<div class=\"fusion-flexslider flexslider fusion-flexslider-loading fusion-post-slideshow\" style=\"border-color:var(--awb-color2);\">\n\t\t<ul class=\"slides\">\n\t\t\t\n\t\t\t\t\t\t\t\t\t\t\t\t\t\t<li><div  class=\"fusion-image-wrapper\" aria-haspopup=\"true\">\n\t\t\t\t\t\t\t<a href=\"https:\/\/delux.com.tr\/dt\/destinasyonlar\/amerika\/sili\/\" aria-label=\"\u015eili\">\n\t\t\t\t\t\t\t<img decoding=\"async\" width=\"548\" height=\"318\" src=\"https:\/\/delux.com.tr\/dt\/wp-content\/uploads\/2021\/05\/sili.jpeg\" class=\"attachment-full size-full lazyload wp-post-image\" alt=\"\" srcset=\"data:image\/svg+xml,%3Csvg%20xmlns%3D%27http%3A%2F%2Fwww.w3.org%2F2000%2Fsvg%27%20width%3D%27548%27%20height%3D%27318%27%20viewBox%3D%270%200%20548%20318%27%3E%3Crect%20width%3D%27548%27%20height%3D%27318%27%20fill-opacity%3D%220%22%2F%3E%3C%2Fsvg%3E\" data-orig-src=\"https:\/\/delux.com.tr\/dt\/wp-content\/uploads\/2021\/05\/sili.jpeg\" data-srcset=\"https:\/\/delux.com.tr\/dt\/wp-content\/uploads\/2021\/05\/sili-200x116.jpeg 200w, https:\/\/delux.com.tr\/dt\/wp-content\/uploads\/2021\/05\/sili-400x232.jpeg 400w, https:\/\/delux.com.tr\/dt\/wp-content\/uploads\/2021\/05\/sili.jpeg 548w\" data-sizes=\"auto\" \/>\t\t\t<\/a>\n\t\t\t\t\t\t\t<\/div>\n<\/li>\n\t\t\t\n\t\t\t\n\t\t\t\t\t\t\t\t\t\t\t\t\t\t\t\t\t\t\t\t\t\t\t\t\t\t\t\t\t\t\t\t\t\t\t\t\t\t\t\t\t\t\t\t\t\t\t\t\t\t\t\t\t\t\t\t\t\t\t\t\t\t\t\t\t\t\t\t<\/ul>\n\t<\/div>\n\t<div class=\"fusion-post-content-wrapper\" style=\"padding:30px 25px 25px 25px;\"><div class=\"fusion-post-content post-content\"><h2 class=\"blog-shortcode-post-title entry-title\"><a href=\"https:\/\/delux.com.tr\/dt\/destinasyonlar\/amerika\/sili\/\">\u015eili<\/a><\/h2><div class=\"fusion-post-content-container\"><p>\u015eili'de seyahat ederken, bir dizi dramatik ve \u015fa\u015f\u0131rt\u0131c\u0131 derecede farkl\u0131 manzara \u00f6n\u00fcn\u00fcze \u00e7\u0131k\u0131yor. Atacama \u00c7\u00f6l\u00fc'nden Patagonya'n\u0131n fiyortlar\u0131, buzullar\u0131 ve da\u011flar\u0131n\u0131n vah\u015fi dramas\u0131na kadar nefes kesen manzara yaln\u0131zca d\u00fczenleyebilece\u011fimiz heyecan verici aktivitelerle e\u015fle\u015fiyor.<\/p><\/div><\/div><\/div><div class=\"fusion-clearfix\"><\/div><\/div>\n<\/article>\n<article id=\"blog-2-post-1887\" class=\"fusion-post-grid post-1887 post type-post status-publish format-standard has-post-thumbnail hentry category-amerika category-plaj-tatili tag-amerika tag-plaj-tatili tag-turks-and-caicos\">\n<div class=\"fusion-post-wrapper\" style=\"background-color:rgba(255,255,255,0);border:1px solid var(--awb-color2);border-bottom-width:3px;\">\n\n\t\t\t<div class=\"fusion-flexslider flexslider fusion-flexslider-loading fusion-post-slideshow\" style=\"border-color:var(--awb-color2);\">\n\t\t<ul class=\"slides\">\n\t\t\t\n\t\t\t\t\t\t\t\t\t\t\t\t\t\t<li><div  class=\"fusion-image-wrapper\" aria-haspopup=\"true\">\n\t\t\t\t\t\t\t<a href=\"https:\/\/delux.com.tr\/dt\/destinasyonlar\/amerika\/turks-and-caicos-2\/\" aria-label=\"Turks and Caicos\">\n\t\t\t\t\t\t\t<img decoding=\"async\" width=\"540\" height=\"270\" src=\"https:\/\/delux.com.tr\/dt\/wp-content\/uploads\/2021\/05\/cover-lone-pine-on-water-cay_540x270.jpg\" class=\"attachment-full size-full lazyload wp-post-image\" alt=\"\" srcset=\"data:image\/svg+xml,%3Csvg%20xmlns%3D%27http%3A%2F%2Fwww.w3.org%2F2000%2Fsvg%27%20width%3D%27540%27%20height%3D%27270%27%20viewBox%3D%270%200%20540%20270%27%3E%3Crect%20width%3D%27540%27%20height%3D%27270%27%20fill-opacity%3D%220%22%2F%3E%3C%2Fsvg%3E\" data-orig-src=\"https:\/\/delux.com.tr\/dt\/wp-content\/uploads\/2021\/05\/cover-lone-pine-on-water-cay_540x270.jpg\" data-srcset=\"https:\/\/delux.com.tr\/dt\/wp-content\/uploads\/2021\/05\/cover-lone-pine-on-water-cay_540x270-200x100.jpg 200w, https:\/\/delux.com.tr\/dt\/wp-content\/uploads\/2021\/05\/cover-lone-pine-on-water-cay_540x270-400x200.jpg 400w, https:\/\/delux.com.tr\/dt\/wp-content\/uploads\/2021\/05\/cover-lone-pine-on-water-cay_540x270.jpg 540w\" data-sizes=\"auto\" \/>\t\t\t<\/a>\n\t\t\t\t\t\t\t<\/div>\n<\/li>\n\t\t\t\n\t\t\t\n\t\t\t\t\t\t\t\t\t\t\t\t\t\t\t\t\t\t\t\t\t\t\t\t\t\t\t\t\t\t\t\t\t\t\t\t\t\t\t\t\t\t\t\t\t\t\t\t\t\t\t\t\t\t\t\t\t\t\t\t\t\t\t\t\t\t\t\t<\/ul>\n\t<\/div>\n\t<div class=\"fusion-post-content-wrapper\" style=\"padding:30px 25px 25px 25px;\"><div class=\"fusion-post-content post-content\"><h2 class=\"blog-shortcode-post-title entry-title\"><a href=\"https:\/\/delux.com.tr\/dt\/destinasyonlar\/amerika\/turks-and-caicos-2\/\">Turks and Caicos<\/a><\/h2><div class=\"fusion-post-content-container\"><p>Yakla\u015f\u0131k 128 mil karelik muhte\u015fem beyaz plajlar\u0131 ile Turks + Caicos Adalar\u0131, ger\u00e7ekten rahatlat\u0131c\u0131 bir ka\u00e7amak ortam\u0131 olu\u015fturabilir. Denizdeki zengin hayvan ve bitki pop\u00fclasyonu, rahat n\u00fcfusu ve \u00e7arp\u0131c\u0131 tatil yerleri ile \u00e7iftler, aileler ve arkada\u015f gruplar\u0131 i\u00e7in m\u00fckemmel bir yerdir.<\/p><\/div><\/div><\/div><div class=\"fusion-clearfix\"><\/div><\/div>\n<\/article>\n<div class=\"fusion-clearfix\"><\/div><\/div><\/div><\/div><\/div><\/div><\/div><\/p>\n","protected":false},"excerpt":{"rendered":"<p>Kosta Rika zengin ve al\u0131\u015f\u0131lmad\u0131k bir vah\u015fi ya\u015famla doludur: dev deniz kaplumba\u011falar\u0131, a\u011faca t\u0131rmanan iguanalar ve 850&#8217;den fazla ku\u015f t\u00fcr\u00fc.<\/p>\n","protected":false},"author":1,"featured_media":5692,"comment_status":"open","ping_status":"open","sticky":false,"template":"","format":"standard","meta":{"footnotes":""},"categories":[11],"tags":[236,261,266,278],"class_list":["post-1859","post","type-post","status-publish","format-standard","has-post-thumbnail","hentry","category-amerika","tag-karayipler","tag-kosta-rika","tag-kultur-tatili","tag-macera-tatili"],"_links":{"self":[{"href":"https:\/\/delux.com.tr\/dt\/wp-json\/wp\/v2\/posts\/1859","targetHints":{"allow":["GET"]}}],"collection":[{"href":"https:\/\/delux.com.tr\/dt\/wp-json\/wp\/v2\/posts"}],"about":[{"href":"https:\/\/delux.com.tr\/dt\/wp-json\/wp\/v2\/types\/post"}],"author":[{"embeddable":true,"href":"https:\/\/delux.com.tr\/dt\/wp-json\/wp\/v2\/users\/1"}],"replies":[{"embeddable":true,"href":"https:\/\/delux.com.tr\/dt\/wp-json\/wp\/v2\/comments?post=1859"}],"version-history":[{"count":1,"href":"https:\/\/delux.com.tr\/dt\/wp-json\/wp\/v2\/posts\/1859\/revisions"}],"predecessor-version":[{"id":5693,"href":"https:\/\/delux.com.tr\/dt\/wp-json\/wp\/v2\/posts\/1859\/revisions\/5693"}],"wp:featuredmedia":[{"embeddable":true,"href":"https:\/\/delux.com.tr\/dt\/wp-json\/wp\/v2\/media\/5692"}],"wp:attachment":[{"href":"https:\/\/delux.com.tr\/dt\/wp-json\/wp\/v2\/media?parent=1859"}],"wp:term":[{"taxonomy":"category","embeddable":true,"href":"https:\/\/delux.com.tr\/dt\/wp-json\/wp\/v2\/categories?post=1859"},{"taxonomy":"post_tag","embeddable":true,"href":"https:\/\/delux.com.tr\/dt\/wp-json\/wp\/v2\/tags?post=1859"}],"curies":[{"name":"wp","href":"https:\/\/api.w.org\/{rel}","templated":true}]}}