{"id":1856,"date":"2021-05-17T19:05:37","date_gmt":"2021-05-17T16:05:37","guid":{"rendered":"http:\/\/delux.com.tr\/tr\/?p=1856"},"modified":"2023-09-17T14:04:40","modified_gmt":"2023-09-17T11:04:40","slug":"kolombiya","status":"publish","type":"post","link":"https:\/\/delux.com.tr\/dt\/destinasyonlar\/amerika\/kolombiya\/","title":{"rendered":"Kolombiya"},"content":{"rendered":"<p><div class=\"fusion-fullwidth fullwidth-box fusion-builder-row-1 fusion-flex-container nonhundred-percent-fullwidth non-hundred-percent-height-scrolling\" style=\"--awb-border-radius-top-left:0px;--awb-border-radius-top-right:0px;--awb-border-radius-bottom-right:0px;--awb-border-radius-bottom-left:0px;--awb-flex-wrap:wrap;\" ><div class=\"fusion-builder-row fusion-row fusion-flex-align-items-flex-start fusion-flex-content-wrap\" style=\"max-width:1414.4px;margin-left: calc(-4% \/ 2 );margin-right: calc(-4% \/ 2 );\"><div class=\"fusion-layout-column fusion_builder_column fusion-builder-column-0 fusion_builder_column_2_3 2_3 fusion-flex-column\" style=\"--awb-bg-size:cover;--awb-width-large:66.666666666667%;--awb-margin-top-large:0px;--awb-spacing-right-large:2.88%;--awb-margin-bottom-large:20px;--awb-spacing-left-large:2.88%;--awb-width-medium:66.666666666667%;--awb-order-medium:0;--awb-spacing-right-medium:2.88%;--awb-spacing-left-medium:2.88%;--awb-width-small:100%;--awb-order-small:0;--awb-spacing-right-small:1.92%;--awb-spacing-left-small:1.92%;\"><div class=\"fusion-column-wrapper fusion-column-has-shadow fusion-flex-justify-content-flex-start fusion-content-layout-column\"><div class=\"fusion-text fusion-text-1\"><p><strong>BAMBA\u015eKA B\u0130R CO\u011eRAFYA<\/strong><\/p>\n<p>Kolombiya&#8217;da kendinizi Karayip adalar\u0131na, s\u00f6m\u00fcrge etkisindeki \u015fehirlere, p\u00fcr\u00fczl\u00fc k\u0131y\u0131 milli parklar\u0131na, yemye\u015fil tepelere, Amazon ormanlar\u0131na, tropikal \u00e7ay\u0131rlara ve And kahve tarlalar\u0131na seyahat ederken bulabilirsiniz.<\/p>\n<p>Bat\u0131da salsan\u0131n ana vatan\u0131n\u0131, g\u00fcneydeki harika Amazon do\u011fas\u0131n\u0131, kuzeyde size \u00f6zel tropik cenneti ve b\u00fcy\u00fcleyici bal\u0131k\u00e7\u0131 k\u00f6ylerine bakan kuzey do\u011fudaki \u00e7arp\u0131c\u0131 Sierra Nevada S\u0131rada\u011flar\u0131n\u0131 ke\u015ffedin. Bu zengin manzaralar\u0131n yan\u0131 s\u0131ra baz\u0131 inan\u0131lmaz \u015fehirler de var ve \u00f6zellikle Bogota, Cartagena ve Medellin size Kolombiyal\u0131lar\u0131n e\u011flence duygusunu, nereden geldikleriyle gurur duyduklar\u0131n\u0131 ve ya\u015fam ritmini g\u00f6sterecek.<\/p>\n<p>O kadar \u00e7ok butik otel var ki, \u00f6zellikle Cartagena&#8217;da herkesi memnun edecek bir yer var. Sahipleri genellikle, bula\u015f\u0131c\u0131 co\u015fkular\u0131, otellerini farkl\u0131 k\u0131lma g\u00fcd\u00fcleriyle ve ayr\u0131nt\u0131lara dikkat ederek gezginlerin gezilerini tamamlayan y\u0131ld\u0131zlard\u0131r.<\/p>\n<p>Kolombiya&#8217;ya \u00f6zel tatillerimiz y\u0131l\u0131n herhangi bir zaman\u0131nda yap\u0131labilir, ancak y\u0131l\u0131n en keyifli aylar\u0131 Aral\u0131k&#8217;tan Nisan&#8217;a kadard\u0131r. Bununla birlikte, destinasyon uzmanlar\u0131m\u0131z, tercih etti\u011finiz seyahat ay\u0131na ba\u011fl\u0131 olarak ziyaret edilecek en iyi yerler konusunda size tavsiyelerde bulunabilir.<\/p>\n<p>Bu destinasyonla ilgili en son seyahat g\u00fcncellemeleri i\u00e7in l\u00fctfen bizimle ileti\u015fime ge\u00e7in.<\/p>\n<\/div><\/div><\/div><div class=\"fusion-layout-column fusion_builder_column fusion-builder-column-1 fusion_builder_column_1_3 1_3 fusion-flex-column\" style=\"--awb-padding-top:4%;--awb-padding-right:4%;--awb-padding-bottom:4%;--awb-padding-left:4%;--awb-bg-color:#e5e5e5;--awb-bg-color-hover:#e5e5e5;--awb-bg-size:cover;--awb-width-large:33.333333333333%;--awb-margin-top-large:0px;--awb-spacing-right-large:5.76%;--awb-margin-bottom-large:20px;--awb-spacing-left-large:5.76%;--awb-width-medium:33.333333333333%;--awb-order-medium:0;--awb-spacing-right-medium:5.76%;--awb-spacing-left-medium:5.76%;--awb-width-small:100%;--awb-order-small:0;--awb-spacing-right-small:1.92%;--awb-spacing-left-small:1.92%;\"><div class=\"fusion-column-wrapper fusion-column-has-shadow fusion-flex-justify-content-flex-start fusion-content-layout-column\"><div class=\"fusion-blog-shortcode fusion-blog-shortcode-1 fusion-blog-archive fusion-blog-layout-large fusion-blog-no\"><div class=\"fusion-posts-container fusion-posts-container-no fusion-no-meta-info\" data-pages=\"9\"><article id=\"blog-1-post-1852\" class=\"fusion-post-large post-1852 post type-post status-publish format-standard has-post-thumbnail hentry category-amerika tag-amerika tag-kultur-tatili tag-sanat-tatili tag-sili\">\n\t<style type=\"text\/css\">\n\t\t\n\t\t\n\t\t\n\t\t\n\t\t\t<\/style>\n\n\n\t\t\t<div class=\"fusion-flexslider flexslider fusion-flexslider-loading fusion-post-slideshow\" style=\"\">\n\t\t<ul class=\"slides\">\n\t\t\t\n\t\t\t\t\t\t\t\t\t\t\t\t\t\t<li><div  class=\"fusion-image-wrapper\" aria-haspopup=\"true\">\n\t\t\t\t\t\t\t<a href=\"https:\/\/delux.com.tr\/dt\/destinasyonlar\/amerika\/sili\/\" aria-label=\"\u015eili\">\n\t\t\t\t\t\t\t<img decoding=\"async\" width=\"548\" height=\"318\" src=\"https:\/\/delux.com.tr\/dt\/wp-content\/uploads\/2021\/05\/sili.jpeg\" class=\"attachment-full size-full lazyload wp-post-image\" alt=\"\" srcset=\"data:image\/svg+xml,%3Csvg%20xmlns%3D%27http%3A%2F%2Fwww.w3.org%2F2000%2Fsvg%27%20width%3D%27548%27%20height%3D%27318%27%20viewBox%3D%270%200%20548%20318%27%3E%3Crect%20width%3D%27548%27%20height%3D%27318%27%20fill-opacity%3D%220%22%2F%3E%3C%2Fsvg%3E\" data-orig-src=\"https:\/\/delux.com.tr\/dt\/wp-content\/uploads\/2021\/05\/sili.jpeg\" data-srcset=\"https:\/\/delux.com.tr\/dt\/wp-content\/uploads\/2021\/05\/sili-200x116.jpeg 200w, https:\/\/delux.com.tr\/dt\/wp-content\/uploads\/2021\/05\/sili-400x232.jpeg 400w, https:\/\/delux.com.tr\/dt\/wp-content\/uploads\/2021\/05\/sili.jpeg 548w\" data-sizes=\"auto\" \/>\t\t\t<\/a>\n\t\t\t\t\t\t\t<\/div>\n<\/li>\n\t\t\t\n\t\t\t\n\t\t\t\t\t\t\t\t\t\t\t\t\t\t\t\t\t\t\t\t\t\t\t\t\t\t\t\t\t\t\t\t\t\t\t\t\t\t\t\t\t\t\t\t\t\t\t\t\t\t\t\t\t\t\t\t\t\t\t\t\t\t\t\t\t\t\t\t<\/ul>\n\t<\/div>\n\t<div class=\"fusion-post-content post-content\"><h2 class=\"blog-shortcode-post-title entry-title\"><a href=\"https:\/\/delux.com.tr\/dt\/destinasyonlar\/amerika\/sili\/\">\u015eili<\/a><\/h2><\/div><div class=\"fusion-clearfix\"><\/div><\/article>\n<article id=\"blog-1-post-1890\" class=\"fusion-post-large post-1890 post type-post status-publish format-standard has-post-thumbnail hentry category-amerika tag-amerika tag-gurme-tatilleri tag-kultur-tatili tag-uruguay\">\n\t<style type=\"text\/css\">\n\t\t\n\t\t\n\t\t\n\t\t\n\t\t\t<\/style>\n\n\n\t\t\t<div class=\"fusion-flexslider flexslider fusion-flexslider-loading fusion-post-slideshow\" style=\"\">\n\t\t<ul class=\"slides\">\n\t\t\t\n\t\t\t\t\t\t\t\t\t\t\t\t\t\t<li><div  class=\"fusion-image-wrapper\" aria-haspopup=\"true\">\n\t\t\t\t\t\t\t<a href=\"https:\/\/delux.com.tr\/dt\/destinasyonlar\/amerika\/uruguay\/\" aria-label=\"Uruguay\">\n\t\t\t\t\t\t\t<img decoding=\"async\" width=\"600\" height=\"337\" src=\"https:\/\/delux.com.tr\/dt\/wp-content\/uploads\/2021\/05\/uruguay.png\" class=\"attachment-full size-full lazyload wp-post-image\" alt=\"\" srcset=\"data:image\/svg+xml,%3Csvg%20xmlns%3D%27http%3A%2F%2Fwww.w3.org%2F2000%2Fsvg%27%20width%3D%27600%27%20height%3D%27337%27%20viewBox%3D%270%200%20600%20337%27%3E%3Crect%20width%3D%27600%27%20height%3D%27337%27%20fill-opacity%3D%220%22%2F%3E%3C%2Fsvg%3E\" data-orig-src=\"https:\/\/delux.com.tr\/dt\/wp-content\/uploads\/2021\/05\/uruguay.png\" data-srcset=\"https:\/\/delux.com.tr\/dt\/wp-content\/uploads\/2021\/05\/uruguay-200x112.png 200w, https:\/\/delux.com.tr\/dt\/wp-content\/uploads\/2021\/05\/uruguay-400x225.png 400w, https:\/\/delux.com.tr\/dt\/wp-content\/uploads\/2021\/05\/uruguay.png 600w\" data-sizes=\"auto\" \/>\t\t\t<\/a>\n\t\t\t\t\t\t\t<\/div>\n<\/li>\n\t\t\t\n\t\t\t\n\t\t\t\t\t\t\t\t\t\t\t\t\t\t\t\t\t\t\t\t\t\t\t\t\t\t\t\t\t\t\t\t\t\t\t\t\t\t\t\t\t\t\t\t\t\t\t\t\t\t\t\t\t\t\t\t\t\t\t\t\t\t\t\t\t\t\t\t<\/ul>\n\t<\/div>\n\t<div class=\"fusion-post-content post-content\"><h2 class=\"blog-shortcode-post-title entry-title\"><a href=\"https:\/\/delux.com.tr\/dt\/destinasyonlar\/amerika\/uruguay\/\">Uruguay<\/a><\/h2><\/div><div class=\"fusion-clearfix\"><\/div><\/article>\n<\/div><\/div><div class=\"fusion-text fusion-text-2\"><p>&#8211; Yolculu\u011funuzun her ola\u011fan\u00fcst\u00fc detay\u0131n \u00f6zenle se\u00e7ilmi\u015f olmas\u0131<\/p>\n<p>&#8211; Kusursuz bir \u015fekilde uygulanan, el yap\u0131m\u0131, esnek ve kusursuz g\u00fczergahlar<\/p>\n<p>&#8211; Egzotik destinasyonlarda uzman\u0131<\/p>\n<p>&#8211; Ola\u011fan\u00fcst\u00fc hizmet ve detaylara tavizsiz \u00f6zen<\/p>\n<p>&#8211; \u00c7iftler, aileler ve k\u00fc\u00e7\u00fck gruplar i\u00e7in m\u00fckemmel \u00f6zel yolculuklar<\/p>\n<p>&#8211; Kendi kal\u0131\u015f tarihinizi se\u00e7me \u00f6zg\u00fcrl\u00fc\u011f\u00fc<\/p>\n<p>&#8211; Tamamen \u00f6zelle\u015ftirilebilir deneyimler<\/p>\n<\/div><div class=\"fusion-text fusion-text-3\"><p><strong>Otel ve Tur Sat\u0131\u015f<\/strong><br \/>\n<a href=\"mailto:sales@delux.com.tr\">sales@delux.com.tr<\/a> &#8211; <a href=\"telto:+905559637216\">0555 963 7216<\/a><\/p>\n<\/div><\/div><\/div><\/div><\/div><div class=\"fusion-fullwidth fullwidth-box fusion-builder-row-2 fusion-flex-container nonhundred-percent-fullwidth non-hundred-percent-height-scrolling\" style=\"--awb-border-radius-top-left:0px;--awb-border-radius-top-right:0px;--awb-border-radius-bottom-right:0px;--awb-border-radius-bottom-left:0px;--awb-flex-wrap:wrap;\" ><div class=\"fusion-builder-row fusion-row fusion-flex-align-items-flex-start fusion-flex-content-wrap\" style=\"max-width:1414.4px;margin-left: calc(-4% \/ 2 );margin-right: calc(-4% \/ 2 );\"><div class=\"fusion-layout-column fusion_builder_column fusion-builder-column-2 fusion_builder_column_1_1 1_1 fusion-flex-column\" style=\"--awb-bg-size:cover;--awb-width-large:100%;--awb-margin-top-large:0px;--awb-spacing-right-large:1.92%;--awb-margin-bottom-large:20px;--awb-spacing-left-large:1.92%;--awb-width-medium:100%;--awb-order-medium:0;--awb-spacing-right-medium:1.92%;--awb-spacing-left-medium:1.92%;--awb-width-small:100%;--awb-order-small:0;--awb-spacing-right-small:1.92%;--awb-spacing-left-small:1.92%;\"><div class=\"fusion-column-wrapper fusion-column-has-shadow fusion-flex-justify-content-flex-start fusion-content-layout-column\"><div class=\"fusion-title title fusion-title-1 fusion-sep-none fusion-title-center fusion-title-text fusion-title-size-three\" style=\"--awb-margin-top:50px;--awb-margin-bottom:50px;--awb-margin-top-small:10px;--awb-margin-right-small:0px;--awb-margin-bottom-small:10px;--awb-margin-left-small:0px;\"><h3 class=\"fusion-title-heading title-heading-center\" style=\"font-family:&quot;Be Vietnam&quot;;font-style:normal;font-weight:700;margin:0;\">Benzer Yerler!<\/h3><\/div><div class=\"fusion-blog-shortcode fusion-blog-shortcode-2 fusion-blog-archive fusion-blog-layout-grid-wrapper fusion-blog-no\"><style type=\"text\/css\">.fusion-blog-shortcode-2 .fusion-blog-layout-grid .fusion-post-grid{padding:10px;}.fusion-blog-shortcode-2 .fusion-posts-container{margin-left: -10px !important; margin-right:-10px !important;}<\/style><div class=\"fusion-posts-container fusion-posts-container-no fusion-no-meta-info fusion-blog-layout-grid fusion-blog-layout-grid-3 isotope\" data-pages=\"8\" data-grid-col-space=\"20\" style=\"margin: -10px -10px 0;min-height:500px;\"><article id=\"blog-2-post-1887\" class=\"fusion-post-grid post-1887 post type-post status-publish format-standard has-post-thumbnail hentry category-amerika category-plaj-tatili tag-amerika tag-plaj-tatili tag-turks-and-caicos\">\n<div class=\"fusion-post-wrapper\" style=\"background-color:rgba(255,255,255,0);border:1px solid var(--awb-color2);border-bottom-width:3px;\">\n\n\t\t\t<div class=\"fusion-flexslider flexslider fusion-flexslider-loading fusion-post-slideshow\" style=\"border-color:var(--awb-color2);\">\n\t\t<ul class=\"slides\">\n\t\t\t\n\t\t\t\t\t\t\t\t\t\t\t\t\t\t<li><div  class=\"fusion-image-wrapper\" aria-haspopup=\"true\">\n\t\t\t\t\t\t\t<a href=\"https:\/\/delux.com.tr\/dt\/destinasyonlar\/amerika\/turks-and-caicos-2\/\" aria-label=\"Turks and Caicos\">\n\t\t\t\t\t\t\t<img decoding=\"async\" width=\"540\" height=\"270\" src=\"https:\/\/delux.com.tr\/dt\/wp-content\/uploads\/2021\/05\/cover-lone-pine-on-water-cay_540x270.jpg\" class=\"attachment-full size-full lazyload wp-post-image\" alt=\"\" srcset=\"data:image\/svg+xml,%3Csvg%20xmlns%3D%27http%3A%2F%2Fwww.w3.org%2F2000%2Fsvg%27%20width%3D%27540%27%20height%3D%27270%27%20viewBox%3D%270%200%20540%20270%27%3E%3Crect%20width%3D%27540%27%20height%3D%27270%27%20fill-opacity%3D%220%22%2F%3E%3C%2Fsvg%3E\" data-orig-src=\"https:\/\/delux.com.tr\/dt\/wp-content\/uploads\/2021\/05\/cover-lone-pine-on-water-cay_540x270.jpg\" data-srcset=\"https:\/\/delux.com.tr\/dt\/wp-content\/uploads\/2021\/05\/cover-lone-pine-on-water-cay_540x270-200x100.jpg 200w, https:\/\/delux.com.tr\/dt\/wp-content\/uploads\/2021\/05\/cover-lone-pine-on-water-cay_540x270-400x200.jpg 400w, https:\/\/delux.com.tr\/dt\/wp-content\/uploads\/2021\/05\/cover-lone-pine-on-water-cay_540x270.jpg 540w\" data-sizes=\"auto\" \/>\t\t\t<\/a>\n\t\t\t\t\t\t\t<\/div>\n<\/li>\n\t\t\t\n\t\t\t\n\t\t\t\t\t\t\t\t\t\t\t\t\t\t\t\t\t\t\t\t\t\t\t\t\t\t\t\t\t\t\t\t\t\t\t\t\t\t\t\t\t\t\t\t\t\t\t\t\t\t\t\t\t\t\t\t\t\t\t\t\t\t\t\t\t\t\t\t<\/ul>\n\t<\/div>\n\t<div class=\"fusion-post-content-wrapper\" style=\"padding:30px 25px 25px 25px;\"><div class=\"fusion-post-content post-content\"><h2 class=\"blog-shortcode-post-title entry-title\"><a href=\"https:\/\/delux.com.tr\/dt\/destinasyonlar\/amerika\/turks-and-caicos-2\/\">Turks and Caicos<\/a><\/h2><div class=\"fusion-post-content-container\"><p>Yakla\u015f\u0131k 128 mil karelik muhte\u015fem beyaz plajlar\u0131 ile Turks + Caicos Adalar\u0131, ger\u00e7ekten rahatlat\u0131c\u0131 bir ka\u00e7amak ortam\u0131 olu\u015fturabilir. Denizdeki zengin hayvan ve bitki pop\u00fclasyonu, rahat n\u00fcfusu ve \u00e7arp\u0131c\u0131 tatil yerleri ile \u00e7iftler, aileler ve arkada\u015f gruplar\u0131 i\u00e7in m\u00fckemmel bir yerdir.<\/p><\/div><\/div><\/div><div class=\"fusion-clearfix\"><\/div><\/div>\n<\/article>\n<article id=\"blog-2-post-1849\" class=\"fusion-post-grid post-1849 post type-post status-publish format-standard has-post-thumbnail hentry category-amerika category-plaj-tatili tag-amerika tag-brezilya tag-kultur-tatili tag-plaj-tatili tag-sanat-tatili\">\n<div class=\"fusion-post-wrapper\" style=\"background-color:rgba(255,255,255,0);border:1px solid var(--awb-color2);border-bottom-width:3px;\">\n\n\t\t\t<div class=\"fusion-flexslider flexslider fusion-flexslider-loading fusion-post-slideshow\" style=\"border-color:var(--awb-color2);\">\n\t\t<ul class=\"slides\">\n\t\t\t\n\t\t\t\t\t\t\t\t\t\t\t\t\t\t<li><div  class=\"fusion-image-wrapper\" aria-haspopup=\"true\">\n\t\t\t\t\t\t\t<a href=\"https:\/\/delux.com.tr\/dt\/destinasyonlar\/amerika\/brezilya\/\" aria-label=\"Brezilya\">\n\t\t\t\t\t\t\t<img decoding=\"async\" width=\"1500\" height=\"937\" src=\"https:\/\/delux.com.tr\/dt\/wp-content\/uploads\/2021\/05\/brezilya-2.jpg\" class=\"attachment-full size-full lazyload wp-post-image\" alt=\"\" srcset=\"data:image\/svg+xml,%3Csvg%20xmlns%3D%27http%3A%2F%2Fwww.w3.org%2F2000%2Fsvg%27%20width%3D%271500%27%20height%3D%27937%27%20viewBox%3D%270%200%201500%20937%27%3E%3Crect%20width%3D%271500%27%20height%3D%27937%27%20fill-opacity%3D%220%22%2F%3E%3C%2Fsvg%3E\" data-orig-src=\"https:\/\/delux.com.tr\/dt\/wp-content\/uploads\/2021\/05\/brezilya-2.jpg\" data-srcset=\"https:\/\/delux.com.tr\/dt\/wp-content\/uploads\/2021\/05\/brezilya-2-200x125.jpg 200w, https:\/\/delux.com.tr\/dt\/wp-content\/uploads\/2021\/05\/brezilya-2-400x250.jpg 400w, https:\/\/delux.com.tr\/dt\/wp-content\/uploads\/2021\/05\/brezilya-2-600x375.jpg 600w, https:\/\/delux.com.tr\/dt\/wp-content\/uploads\/2021\/05\/brezilya-2-800x500.jpg 800w, https:\/\/delux.com.tr\/dt\/wp-content\/uploads\/2021\/05\/brezilya-2-1200x750.jpg 1200w, https:\/\/delux.com.tr\/dt\/wp-content\/uploads\/2021\/05\/brezilya-2.jpg 1500w\" data-sizes=\"auto\" \/>\t\t\t<\/a>\n\t\t\t\t\t\t\t<\/div>\n<\/li>\n\t\t\t\n\t\t\t\n\t\t\t\t\t\t\t\t\t\t\t\t\t\t\t\t\t\t\t\t\t\t\t\t\t\t\t\t\t\t\t\t\t\t\t\t\t\t\t\t\t\t\t\t\t\t\t\t\t\t\t\t\t\t\t\t\t\t\t\t\t\t\t\t\t\t\t\t<\/ul>\n\t<\/div>\n\t<div class=\"fusion-post-content-wrapper\" style=\"padding:30px 25px 25px 25px;\"><div class=\"fusion-post-content post-content\"><h2 class=\"blog-shortcode-post-title entry-title\"><a href=\"https:\/\/delux.com.tr\/dt\/destinasyonlar\/amerika\/brezilya\/\">Brezilya<\/a><\/h2><div class=\"fusion-post-content-container\"><p>Enerji, iyimserlik ve e\u011flence duygusuyla \u00e7arpan Brezilya'n\u0131n egzotizmi, g\u00fc\u00e7l\u00fc bir \u015fekilde ba\u015ftan \u00e7\u0131kar\u0131c\u0131.<\/p><\/div><\/div><\/div><div class=\"fusion-clearfix\"><\/div><\/div>\n<\/article>\n<article id=\"blog-2-post-1843\" class=\"fusion-post-grid post-1843 post type-post status-publish format-standard has-post-thumbnail hentry category-amerika category-plaj-tatili tag-belize tag-karayipler tag-kultur-tatili tag-plaj-tatili\">\n<div class=\"fusion-post-wrapper\" style=\"background-color:rgba(255,255,255,0);border:1px solid var(--awb-color2);border-bottom-width:3px;\">\n\n\t\t\t<div class=\"fusion-flexslider flexslider fusion-flexslider-loading fusion-post-slideshow\" style=\"border-color:var(--awb-color2);\">\n\t\t<ul class=\"slides\">\n\t\t\t\n\t\t\t\t\t\t\t\t\t\t\t\t\t\t<li><div  class=\"fusion-image-wrapper\" aria-haspopup=\"true\">\n\t\t\t\t\t\t\t<a href=\"https:\/\/delux.com.tr\/dt\/destinasyonlar\/amerika\/belize\/\" aria-label=\"Belize\">\n\t\t\t\t\t\t\t<img decoding=\"async\" width=\"548\" height=\"318\" src=\"https:\/\/delux.com.tr\/dt\/wp-content\/uploads\/2021\/05\/mel.jpeg\" class=\"attachment-full size-full lazyload wp-post-image\" alt=\"\" srcset=\"data:image\/svg+xml,%3Csvg%20xmlns%3D%27http%3A%2F%2Fwww.w3.org%2F2000%2Fsvg%27%20width%3D%27548%27%20height%3D%27318%27%20viewBox%3D%270%200%20548%20318%27%3E%3Crect%20width%3D%27548%27%20height%3D%27318%27%20fill-opacity%3D%220%22%2F%3E%3C%2Fsvg%3E\" data-orig-src=\"https:\/\/delux.com.tr\/dt\/wp-content\/uploads\/2021\/05\/mel.jpeg\" data-srcset=\"https:\/\/delux.com.tr\/dt\/wp-content\/uploads\/2021\/05\/mel-200x116.jpeg 200w, https:\/\/delux.com.tr\/dt\/wp-content\/uploads\/2021\/05\/mel-400x232.jpeg 400w, https:\/\/delux.com.tr\/dt\/wp-content\/uploads\/2021\/05\/mel.jpeg 548w\" data-sizes=\"auto\" \/>\t\t\t<\/a>\n\t\t\t\t\t\t\t<\/div>\n<\/li>\n\t\t\t\n\t\t\t\n\t\t\t\t\t\t\t\t\t\t\t\t\t\t\t\t\t\t\t\t\t\t\t\t\t\t\t\t\t\t\t\t\t\t\t\t\t\t\t\t\t\t\t\t\t\t\t\t\t\t\t\t\t\t\t\t\t\t\t\t\t\t\t\t\t\t\t\t<\/ul>\n\t<\/div>\n\t<div class=\"fusion-post-content-wrapper\" style=\"padding:30px 25px 25px 25px;\"><div class=\"fusion-post-content post-content\"><h2 class=\"blog-shortcode-post-title entry-title\"><a href=\"https:\/\/delux.com.tr\/dt\/destinasyonlar\/amerika\/belize\/\">Belize<\/a><\/h2><div class=\"fusion-post-content-container\"><p>Belize bir Latin Amerika cennetidir: Maya harabelerine, yemye\u015fil ormanlarla kapl\u0131 da\u011flara ve zengin egzotik yaban hayat\u0131na ev sahipli\u011fi yapar.<\/p><\/div><\/div><\/div><div class=\"fusion-clearfix\"><\/div><\/div>\n<\/article>\n<div class=\"fusion-clearfix\"><\/div><\/div><\/div><\/div><\/div><\/div><\/div><\/p>\n","protected":false},"excerpt":{"rendered":"<p>Kolombiya&#8217;da kendinizi Karayip adalar\u0131na, s\u00f6m\u00fcrge etkisindeki \u015fehirlere, p\u00fcr\u00fczl\u00fc k\u0131y\u0131 milli parklar\u0131na, yemye\u015fil tepelere, Amazon ormanlar\u0131na, tropikal \u00e7ay\u0131rlara ve And kahve tarlalar\u0131na seyahat ederken bulabilirsiniz.<\/p>\n","protected":false},"author":1,"featured_media":5694,"comment_status":"open","ping_status":"open","sticky":false,"template":"","format":"standard","meta":{"footnotes":""},"categories":[11],"tags":[47,258,266,278],"class_list":["post-1856","post","type-post","status-publish","format-standard","has-post-thumbnail","hentry","category-amerika","tag-amerika","tag-kolombiya","tag-kultur-tatili","tag-macera-tatili"],"_links":{"self":[{"href":"https:\/\/delux.com.tr\/dt\/wp-json\/wp\/v2\/posts\/1856","targetHints":{"allow":["GET"]}}],"collection":[{"href":"https:\/\/delux.com.tr\/dt\/wp-json\/wp\/v2\/posts"}],"about":[{"href":"https:\/\/delux.com.tr\/dt\/wp-json\/wp\/v2\/types\/post"}],"author":[{"embeddable":true,"href":"https:\/\/delux.com.tr\/dt\/wp-json\/wp\/v2\/users\/1"}],"replies":[{"embeddable":true,"href":"https:\/\/delux.com.tr\/dt\/wp-json\/wp\/v2\/comments?post=1856"}],"version-history":[{"count":3,"href":"https:\/\/delux.com.tr\/dt\/wp-json\/wp\/v2\/posts\/1856\/revisions"}],"predecessor-version":[{"id":6095,"href":"https:\/\/delux.com.tr\/dt\/wp-json\/wp\/v2\/posts\/1856\/revisions\/6095"}],"wp:featuredmedia":[{"embeddable":true,"href":"https:\/\/delux.com.tr\/dt\/wp-json\/wp\/v2\/media\/5694"}],"wp:attachment":[{"href":"https:\/\/delux.com.tr\/dt\/wp-json\/wp\/v2\/media?parent=1856"}],"wp:term":[{"taxonomy":"category","embeddable":true,"href":"https:\/\/delux.com.tr\/dt\/wp-json\/wp\/v2\/categories?post=1856"},{"taxonomy":"post_tag","embeddable":true,"href":"https:\/\/delux.com.tr\/dt\/wp-json\/wp\/v2\/tags?post=1856"}],"curies":[{"name":"wp","href":"https:\/\/api.w.org\/{rel}","templated":true}]}}