{"id":1846,"date":"2021-05-17T18:28:59","date_gmt":"2021-05-17T15:28:59","guid":{"rendered":"http:\/\/delux.com.tr\/tr\/?p=1846"},"modified":"2023-09-14T11:25:37","modified_gmt":"2023-09-14T08:25:37","slug":"bolivya","status":"publish","type":"post","link":"https:\/\/delux.com.tr\/dt\/destinasyonlar\/amerika\/bolivya\/","title":{"rendered":"Bolivya"},"content":{"rendered":"<p><div class=\"fusion-fullwidth fullwidth-box fusion-builder-row-1 fusion-flex-container nonhundred-percent-fullwidth non-hundred-percent-height-scrolling\" style=\"--awb-border-radius-top-left:0px;--awb-border-radius-top-right:0px;--awb-border-radius-bottom-right:0px;--awb-border-radius-bottom-left:0px;--awb-flex-wrap:wrap;\" ><div class=\"fusion-builder-row fusion-row fusion-flex-align-items-flex-start fusion-flex-content-wrap\" style=\"max-width:1414.4px;margin-left: calc(-4% \/ 2 );margin-right: calc(-4% \/ 2 );\"><div class=\"fusion-layout-column fusion_builder_column fusion-builder-column-0 fusion_builder_column_2_3 2_3 fusion-flex-column\" style=\"--awb-bg-size:cover;--awb-width-large:66.666666666667%;--awb-margin-top-large:0px;--awb-spacing-right-large:2.88%;--awb-margin-bottom-large:20px;--awb-spacing-left-large:2.88%;--awb-width-medium:66.666666666667%;--awb-order-medium:0;--awb-spacing-right-medium:2.88%;--awb-spacing-left-medium:2.88%;--awb-width-small:100%;--awb-order-small:0;--awb-spacing-right-small:1.92%;--awb-spacing-left-small:1.92%;\"><div class=\"fusion-column-wrapper fusion-column-has-shadow fusion-flex-justify-content-flex-start fusion-content-layout-column\"><div class=\"fusion-text fusion-text-1\"><p><strong>MACERA ARAYANLAR \u0130\u00c7\u0130N HAR\u0130KA B\u0130R YER..<\/strong><\/p>\n<p>Geni\u015f ve g\u00f6z kama\u015ft\u0131r\u0131c\u0131 tuz g\u00f6llerinden huzurlu sulak\u00a0 savan alanlar\u0131na, bu\u011fulu b\u00fcy\u00fck ormanl\u0131k alanlara, k\u0131z\u0131l \u00e7\u00f6llerine ve g\u00fcneybat\u0131daki volkanlara kadar, ya\u015fam tarz\u0131n\u0131n y\u00fczy\u0131llard\u0131r ayn\u0131 kald\u0131\u011f\u0131 kendine \u00f6zg\u00fc ve muhte\u015fem bir \u00fclkedir.<\/p>\n<p>Kuzeyde; 3650m y\u00fcksekli\u011fe kurulmu\u015f, y\u00fckselen zirvelerle \u00e7evrelenmi\u015f ve\u00a0 renkli sokak pazarlar\u0131yla dolu karakteristik ba\u015fkent La Paz yat\u0131yor. Daha g\u00fcneyde, g\u00f6z kama\u015ft\u0131r\u0131c\u0131 beyaz Uyuni Tuz \u00d6bekleri mutlaka ziyaret edilmeli, bu geni\u015f alan\u0131 \u00e7e\u015fitli ilham verici yollarla ke\u015ffedebiliriz. Fantastik rehberlerimiz, bu say\u0131s\u0131z \u00f6bekleri avu\u00e7lar\u0131n\u0131n i\u00e7i gibi bilirler. Sizi ger\u00e7ek d\u00fcnyadan ay\u0131r\u0131p, keyifli pikniklerin tad\u0131n\u0131 \u00e7\u0131kar\u0131rken manzaray\u0131 seyre dalabilece\u011finiz, akla gelebilecek en uzak ve g\u00f6z kama\u015ft\u0131r\u0131c\u0131 yerlere g\u00f6t\u00fcreceklerdir.<\/p>\n<p>Bu destinasyonla ilgili en son seyahat g\u00fcncellemeleri i\u00e7in l\u00fctfen bizimle ileti\u015fime ge\u00e7in.<\/p>\n<\/div><\/div><\/div><div class=\"fusion-layout-column fusion_builder_column fusion-builder-column-1 fusion_builder_column_1_3 1_3 fusion-flex-column\" style=\"--awb-padding-top:4%;--awb-padding-right:4%;--awb-padding-bottom:4%;--awb-padding-left:4%;--awb-bg-color:#e5e5e5;--awb-bg-color-hover:#e5e5e5;--awb-bg-size:cover;--awb-width-large:33.333333333333%;--awb-margin-top-large:0px;--awb-spacing-right-large:5.76%;--awb-margin-bottom-large:20px;--awb-spacing-left-large:5.76%;--awb-width-medium:33.333333333333%;--awb-order-medium:0;--awb-spacing-right-medium:5.76%;--awb-spacing-left-medium:5.76%;--awb-width-small:100%;--awb-order-small:0;--awb-spacing-right-small:1.92%;--awb-spacing-left-small:1.92%;\"><div class=\"fusion-column-wrapper fusion-column-has-shadow fusion-flex-justify-content-flex-start fusion-content-layout-column\"><div class=\"fusion-blog-shortcode fusion-blog-shortcode-1 fusion-blog-archive fusion-blog-layout-large fusion-blog-pagination\"><div class=\"fusion-posts-container fusion-posts-container-pagination fusion-no-meta-info\" data-pages=\"28\"><article id=\"blog-1-post-1852\" class=\"fusion-post-large post-1852 post type-post status-publish format-standard has-post-thumbnail hentry category-amerika tag-amerika tag-kultur-tatili tag-sanat-tatili tag-sili\">\n\t<style type=\"text\/css\">\n\t\t\n\t\t\n\t\t\n\t\t\n\t\t\t<\/style>\n\n\n\t\t\t<div class=\"fusion-flexslider flexslider fusion-flexslider-loading fusion-post-slideshow\" style=\"\">\n\t\t<ul class=\"slides\">\n\t\t\t\n\t\t\t\t\t\t\t\t\t\t\t\t\t\t<li><div  class=\"fusion-image-wrapper\" aria-haspopup=\"true\">\n\t\t\t\t\t\t\t<a href=\"https:\/\/delux.com.tr\/dt\/destinasyonlar\/amerika\/sili\/\" aria-label=\"\u015eili\">\n\t\t\t\t\t\t\t<img decoding=\"async\" width=\"548\" height=\"318\" src=\"https:\/\/delux.com.tr\/dt\/wp-content\/uploads\/2021\/05\/sili.jpeg\" class=\"attachment-full size-full lazyload wp-post-image\" alt=\"\" srcset=\"data:image\/svg+xml,%3Csvg%20xmlns%3D%27http%3A%2F%2Fwww.w3.org%2F2000%2Fsvg%27%20width%3D%27548%27%20height%3D%27318%27%20viewBox%3D%270%200%20548%20318%27%3E%3Crect%20width%3D%27548%27%20height%3D%27318%27%20fill-opacity%3D%220%22%2F%3E%3C%2Fsvg%3E\" data-orig-src=\"https:\/\/delux.com.tr\/dt\/wp-content\/uploads\/2021\/05\/sili.jpeg\" data-srcset=\"https:\/\/delux.com.tr\/dt\/wp-content\/uploads\/2021\/05\/sili-200x116.jpeg 200w, https:\/\/delux.com.tr\/dt\/wp-content\/uploads\/2021\/05\/sili-400x232.jpeg 400w, https:\/\/delux.com.tr\/dt\/wp-content\/uploads\/2021\/05\/sili.jpeg 548w\" data-sizes=\"auto\" \/>\t\t\t<\/a>\n\t\t\t\t\t\t\t<\/div>\n<\/li>\n\t\t\t\n\t\t\t\n\t\t\t\t\t\t\t\t\t\t\t\t\t\t\t\t\t\t\t\t\t\t\t\t\t\t\t\t\t\t\t\t\t\t\t\t\t\t\t\t\t\t\t\t\t\t\t\t\t\t\t\t\t\t\t\t\t\t\t\t\t\t\t\t\t\t\t\t<\/ul>\n\t<\/div>\n\t<div class=\"fusion-post-content post-content\"><h2 class=\"blog-shortcode-post-title entry-title\"><a href=\"https:\/\/delux.com.tr\/dt\/destinasyonlar\/amerika\/sili\/\">\u015eili<\/a><\/h2><\/div><div class=\"fusion-clearfix\"><\/div><\/article>\n<article id=\"blog-1-post-1817\" class=\"fusion-post-large post-1817 post type-post status-publish format-standard has-post-thumbnail hentry category-hint-okyanusu category-plaj-tatili tag-hint-okyanusu tag-macera-tatili tag-plaj-tatili tag-seyseller\">\n\t<style type=\"text\/css\">\n\t\t\n\t\t\n\t\t\n\t\t\n\t\t\t<\/style>\n\n\n\t\t\t<div class=\"fusion-flexslider flexslider fusion-flexslider-loading fusion-post-slideshow\" style=\"\">\n\t\t<ul class=\"slides\">\n\t\t\t\n\t\t\t\t\t\t\t\t\t\t\t\t\t\t<li><div  class=\"fusion-image-wrapper\" aria-haspopup=\"true\">\n\t\t\t\t\t\t\t<a href=\"https:\/\/delux.com.tr\/dt\/destinasyonlar\/hint-okyanusu\/seyseller\/\" aria-label=\"Sey\u015feller Hakk\u0131nda\">\n\t\t\t\t\t\t\t<img decoding=\"async\" width=\"1024\" height=\"640\" src=\"https:\/\/delux.com.tr\/dt\/wp-content\/uploads\/2023\/07\/Seychelles.jpg\" class=\"attachment-full size-full lazyload wp-post-image\" alt=\"\" srcset=\"data:image\/svg+xml,%3Csvg%20xmlns%3D%27http%3A%2F%2Fwww.w3.org%2F2000%2Fsvg%27%20width%3D%271024%27%20height%3D%27640%27%20viewBox%3D%270%200%201024%20640%27%3E%3Crect%20width%3D%271024%27%20height%3D%27640%27%20fill-opacity%3D%220%22%2F%3E%3C%2Fsvg%3E\" data-orig-src=\"https:\/\/delux.com.tr\/dt\/wp-content\/uploads\/2023\/07\/Seychelles.jpg\" data-srcset=\"https:\/\/delux.com.tr\/dt\/wp-content\/uploads\/2023\/07\/Seychelles-200x125.jpg 200w, https:\/\/delux.com.tr\/dt\/wp-content\/uploads\/2023\/07\/Seychelles-400x250.jpg 400w, https:\/\/delux.com.tr\/dt\/wp-content\/uploads\/2023\/07\/Seychelles-600x375.jpg 600w, https:\/\/delux.com.tr\/dt\/wp-content\/uploads\/2023\/07\/Seychelles-800x500.jpg 800w, https:\/\/delux.com.tr\/dt\/wp-content\/uploads\/2023\/07\/Seychelles.jpg 1024w\" data-sizes=\"auto\" \/>\t\t\t<\/a>\n\t\t\t\t\t\t\t<\/div>\n<\/li>\n\t\t\t\n\t\t\t\n\t\t\t\t\t\t\t\t\t\t\t\t\t\t\t\t\t\t\t\t\t\t\t\t\t\t\t\t\t\t\t\t\t\t\t\t\t\t\t\t\t\t\t\t\t\t\t\t\t\t\t\t\t\t\t\t\t\t\t\t\t\t\t\t\t\t\t\t<\/ul>\n\t<\/div>\n\t<div class=\"fusion-post-content post-content\"><h2 class=\"blog-shortcode-post-title entry-title\"><a href=\"https:\/\/delux.com.tr\/dt\/destinasyonlar\/hint-okyanusu\/seyseller\/\">Sey\u015feller Hakk\u0131nda<\/a><\/h2><\/div><div class=\"fusion-clearfix\"><\/div><\/article>\n<\/div><div class=\"pagination clearfix\"><span class=\"current\">1<\/span><a href=\"https:\/\/delux.com.tr\/dt\/wp-json\/wp\/v2\/posts\/1846\/page\/2\/\" class=\"inactive\">2<\/a><a class=\"pagination-next\" rel=\"next\" href=\"https:\/\/delux.com.tr\/dt\/wp-json\/wp\/v2\/posts\/1846\/page\/2\/\"><span class=\"page-text\">Sonraki<\/span><span class=\"page-next\"><\/span><\/a><\/div><div class=\"fusion-clearfix\"><\/div><\/div><div class=\"fusion-text fusion-text-2\"><p>&#8211; Yolculu\u011funuzun her ola\u011fan\u00fcst\u00fc detay\u0131n \u00f6zenle se\u00e7ilmi\u015f olmas\u0131<\/p>\n<p>&#8211; Kusursuz bir \u015fekilde uygulanan, el yap\u0131m\u0131, esnek ve kusursuz g\u00fczergahlar<\/p>\n<p>&#8211; Egzotik destinasyonlarda uzman\u0131<\/p>\n<p>&#8211; Ola\u011fan\u00fcst\u00fc hizmet ve detaylara tavizsiz \u00f6zen<\/p>\n<p>&#8211; \u00c7iftler, aileler ve k\u00fc\u00e7\u00fck gruplar i\u00e7in m\u00fckemmel \u00f6zel yolculuklar<\/p>\n<p>&#8211; Kendi kal\u0131\u015f tarihinizi se\u00e7me \u00f6zg\u00fcrl\u00fc\u011f\u00fc<\/p>\n<p>&#8211; Tamamen \u00f6zelle\u015ftirilebilir deneyimler<\/p>\n<\/div><div class=\"fusion-text fusion-text-3\"><p><strong>Otel ve Tur Sat\u0131\u015f<\/strong><br \/>\n<a href=\"mailto:sales@delux.com.tr\">sales@delux.com.tr<\/a> &#8211; <a href=\"telto:+905559637216\">0555 963 7216<\/a><\/p>\n<\/div><\/div><\/div><\/div><\/div><div class=\"fusion-fullwidth fullwidth-box fusion-builder-row-2 fusion-flex-container nonhundred-percent-fullwidth non-hundred-percent-height-scrolling\" style=\"--awb-border-radius-top-left:0px;--awb-border-radius-top-right:0px;--awb-border-radius-bottom-right:0px;--awb-border-radius-bottom-left:0px;--awb-flex-wrap:wrap;\" ><div class=\"fusion-builder-row fusion-row fusion-flex-align-items-flex-start fusion-flex-content-wrap\" style=\"max-width:1414.4px;margin-left: calc(-4% \/ 2 );margin-right: calc(-4% \/ 2 );\"><div class=\"fusion-layout-column fusion_builder_column fusion-builder-column-2 fusion_builder_column_1_1 1_1 fusion-flex-column\" style=\"--awb-bg-size:cover;--awb-width-large:100%;--awb-margin-top-large:0px;--awb-spacing-right-large:1.92%;--awb-margin-bottom-large:20px;--awb-spacing-left-large:1.92%;--awb-width-medium:100%;--awb-order-medium:0;--awb-spacing-right-medium:1.92%;--awb-spacing-left-medium:1.92%;--awb-width-small:100%;--awb-order-small:0;--awb-spacing-right-small:1.92%;--awb-spacing-left-small:1.92%;\"><div class=\"fusion-column-wrapper fusion-column-has-shadow fusion-flex-justify-content-flex-start fusion-content-layout-column\"><div class=\"fusion-title title fusion-title-1 fusion-sep-none fusion-title-center fusion-title-text fusion-title-size-three\" style=\"--awb-margin-top:50px;--awb-margin-bottom:50px;--awb-margin-top-small:10px;--awb-margin-right-small:0px;--awb-margin-bottom-small:10px;--awb-margin-left-small:0px;\"><h3 class=\"fusion-title-heading title-heading-center\" style=\"font-family:&quot;Be Vietnam&quot;;font-style:normal;font-weight:700;margin:0;\">Benzer Yerler!<\/h3><\/div><div class=\"fusion-blog-shortcode fusion-blog-shortcode-2 fusion-blog-archive fusion-blog-layout-grid-wrapper fusion-blog-no\"><style type=\"text\/css\">.fusion-blog-shortcode-2 .fusion-blog-layout-grid .fusion-post-grid{padding:10px;}.fusion-blog-shortcode-2 .fusion-posts-container{margin-left: -10px !important; margin-right:-10px !important;}<\/style><div class=\"fusion-posts-container fusion-posts-container-no fusion-no-meta-info fusion-blog-layout-grid fusion-blog-layout-grid-3 isotope\" data-pages=\"8\" data-grid-col-space=\"20\" style=\"margin: -10px -10px 0;min-height:500px;\"><article id=\"blog-2-post-1149\" class=\"fusion-post-grid post-1149 post type-post status-publish format-standard has-post-thumbnail hentry category-amerika tag-amerika tag-cayman-adalari tag-yaz-tatilleri\">\n<div class=\"fusion-post-wrapper\" style=\"background-color:rgba(255,255,255,0);border:1px solid var(--awb-color2);border-bottom-width:3px;\">\n\n\t\t\t<div class=\"fusion-flexslider flexslider fusion-flexslider-loading fusion-post-slideshow\" style=\"border-color:var(--awb-color2);\">\n\t\t<ul class=\"slides\">\n\t\t\t\n\t\t\t\t\t\t\t\t\t\t\t\t\t\t<li><div  class=\"fusion-image-wrapper\" aria-haspopup=\"true\">\n\t\t\t\t\t\t\t<a href=\"https:\/\/delux.com.tr\/dt\/destinasyonlar\/amerika\/cayman-adalari\/\" aria-label=\"Cayman Adalar\u0131\">\n\t\t\t\t\t\t\t\t\t\t<\/a>\n\t\t\t\t\t\t\t<\/div>\n<\/li>\n\t\t\t\n\t\t\t\n\t\t\t\t\t\t\t\t\t\t\t\t\t\t\t\t\t\t\t\t\t\t\t\t\t\t\t\t\t\t\t\t\t\t\t\t\t\t\t\t\t\t\t\t\t\t\t\t\t\t\t\t\t\t\t\t\t\t\t\t\t\t\t\t\t\t\t\t<\/ul>\n\t<\/div>\n\t<div class=\"fusion-post-content-wrapper\" style=\"padding:30px 25px 25px 25px;\"><div class=\"fusion-post-content post-content\"><h2 class=\"blog-shortcode-post-title entry-title\"><a href=\"https:\/\/delux.com.tr\/dt\/destinasyonlar\/amerika\/cayman-adalari\/\">Cayman Adalar\u0131<\/a><\/h2><div class=\"fusion-post-content-container\"><p> Cayman'larda beyaz kum ve palmiye a\u011fa\u00e7lar\u0131 ile bezenmi\u015f plajlarda[...]<\/p><\/div><\/div><\/div><div class=\"fusion-clearfix\"><\/div><\/div>\n<\/article>\n<article id=\"blog-2-post-1868\" class=\"fusion-post-grid post-1868 post type-post status-publish format-standard has-post-thumbnail hentry category-amerika tag-amerika tag-guatemala tag-kultur-tatili tag-macera-tatili\">\n<div class=\"fusion-post-wrapper\" style=\"background-color:rgba(255,255,255,0);border:1px solid var(--awb-color2);border-bottom-width:3px;\">\n\n\t\t\t<div class=\"fusion-flexslider flexslider fusion-flexslider-loading fusion-post-slideshow\" style=\"border-color:var(--awb-color2);\">\n\t\t<ul class=\"slides\">\n\t\t\t\n\t\t\t\t\t\t\t\t\t\t\t\t\t\t<li><div  class=\"fusion-image-wrapper\" aria-haspopup=\"true\">\n\t\t\t\t\t\t\t<a href=\"https:\/\/delux.com.tr\/dt\/destinasyonlar\/amerika\/guatemala\/\" aria-label=\"Guatemala\">\n\t\t\t\t\t\t\t<img decoding=\"async\" width=\"2560\" height=\"1702\" src=\"https:\/\/delux.com.tr\/dt\/wp-content\/uploads\/2021\/05\/guatemala-1-scaled.jpg\" class=\"attachment-full size-full lazyload wp-post-image\" alt=\"\" srcset=\"data:image\/svg+xml,%3Csvg%20xmlns%3D%27http%3A%2F%2Fwww.w3.org%2F2000%2Fsvg%27%20width%3D%272560%27%20height%3D%271702%27%20viewBox%3D%270%200%202560%201702%27%3E%3Crect%20width%3D%272560%27%20height%3D%271702%27%20fill-opacity%3D%220%22%2F%3E%3C%2Fsvg%3E\" data-orig-src=\"https:\/\/delux.com.tr\/dt\/wp-content\/uploads\/2021\/05\/guatemala-1-scaled.jpg\" data-srcset=\"https:\/\/delux.com.tr\/dt\/wp-content\/uploads\/2021\/05\/guatemala-1-200x133.jpg 200w, https:\/\/delux.com.tr\/dt\/wp-content\/uploads\/2021\/05\/guatemala-1-400x266.jpg 400w, https:\/\/delux.com.tr\/dt\/wp-content\/uploads\/2021\/05\/guatemala-1-600x399.jpg 600w, https:\/\/delux.com.tr\/dt\/wp-content\/uploads\/2021\/05\/guatemala-1-800x532.jpg 800w, https:\/\/delux.com.tr\/dt\/wp-content\/uploads\/2021\/05\/guatemala-1-1200x798.jpg 1200w, https:\/\/delux.com.tr\/dt\/wp-content\/uploads\/2021\/05\/guatemala-1-scaled.jpg 2560w\" data-sizes=\"auto\" \/>\t\t\t<\/a>\n\t\t\t\t\t\t\t<\/div>\n<\/li>\n\t\t\t\n\t\t\t\n\t\t\t\t\t\t\t\t\t\t\t\t\t\t\t\t\t\t\t\t\t\t\t\t\t\t\t\t\t\t\t\t\t\t\t\t\t\t\t\t\t\t\t\t\t\t\t\t\t\t\t\t\t\t\t\t\t\t\t\t\t\t\t\t\t\t\t\t<\/ul>\n\t<\/div>\n\t<div class=\"fusion-post-content-wrapper\" style=\"padding:30px 25px 25px 25px;\"><div class=\"fusion-post-content post-content\"><h2 class=\"blog-shortcode-post-title entry-title\"><a href=\"https:\/\/delux.com.tr\/dt\/destinasyonlar\/amerika\/guatemala\/\">Guatemala<\/a><\/h2><div class=\"fusion-post-content-container\"><p>Guatemala bir fantezi yeridir: ormanda kaybolan antik \u015fehirler, y\u00fckselen dumanl\u0131 volkanlar, i\u00e7 i\u00e7e ge\u00e7mi\u015f Hint pazarlar\u0131, canl\u0131 renkler, ke\u015ffedilmemi\u015f ya\u011fmur ormanlar\u0131, inan\u0131lmaz k\u00fclt\u00fcrel zenginlik ve derin yerli gelenek.<\/p><\/div><\/div><\/div><div class=\"fusion-clearfix\"><\/div><\/div>\n<\/article>\n<article id=\"blog-2-post-1865\" class=\"fusion-post-grid post-1865 post type-post status-publish format-standard has-post-thumbnail hentry category-amerika tag-amerika tag-ekvator tag-macera-tatili\">\n<div class=\"fusion-post-wrapper\" style=\"background-color:rgba(255,255,255,0);border:1px solid var(--awb-color2);border-bottom-width:3px;\">\n\n\t\t\t<div class=\"fusion-flexslider flexslider fusion-flexslider-loading fusion-post-slideshow\" style=\"border-color:var(--awb-color2);\">\n\t\t<ul class=\"slides\">\n\t\t\t\n\t\t\t\t\t\t\t\t\t\t\t\t\t\t<li><div  class=\"fusion-image-wrapper\" aria-haspopup=\"true\">\n\t\t\t\t\t\t\t<a href=\"https:\/\/delux.com.tr\/dt\/destinasyonlar\/amerika\/ekvator\/\" aria-label=\"Ekvator\">\n\t\t\t\t\t\t\t<img decoding=\"async\" width=\"702\" height=\"465\" src=\"https:\/\/delux.com.tr\/dt\/wp-content\/uploads\/2021\/05\/ekvator-cizgisi.jpg\" class=\"attachment-full size-full lazyload wp-post-image\" alt=\"\" srcset=\"data:image\/svg+xml,%3Csvg%20xmlns%3D%27http%3A%2F%2Fwww.w3.org%2F2000%2Fsvg%27%20width%3D%27702%27%20height%3D%27465%27%20viewBox%3D%270%200%20702%20465%27%3E%3Crect%20width%3D%27702%27%20height%3D%27465%27%20fill-opacity%3D%220%22%2F%3E%3C%2Fsvg%3E\" data-orig-src=\"https:\/\/delux.com.tr\/dt\/wp-content\/uploads\/2021\/05\/ekvator-cizgisi.jpg\" data-srcset=\"https:\/\/delux.com.tr\/dt\/wp-content\/uploads\/2021\/05\/ekvator-cizgisi-200x132.jpg 200w, https:\/\/delux.com.tr\/dt\/wp-content\/uploads\/2021\/05\/ekvator-cizgisi-400x265.jpg 400w, https:\/\/delux.com.tr\/dt\/wp-content\/uploads\/2021\/05\/ekvator-cizgisi-600x397.jpg 600w, https:\/\/delux.com.tr\/dt\/wp-content\/uploads\/2021\/05\/ekvator-cizgisi.jpg 702w\" data-sizes=\"auto\" \/>\t\t\t<\/a>\n\t\t\t\t\t\t\t<\/div>\n<\/li>\n\t\t\t\n\t\t\t\n\t\t\t\t\t\t\t\t\t\t\t\t\t\t\t\t\t\t\t\t\t\t\t\t\t\t\t\t\t\t\t\t\t\t\t\t\t\t\t\t\t\t\t\t\t\t\t\t\t\t\t\t\t\t\t\t\t\t\t\t\t\t\t\t\t\t\t\t<\/ul>\n\t<\/div>\n\t<div class=\"fusion-post-content-wrapper\" style=\"padding:30px 25px 25px 25px;\"><div class=\"fusion-post-content post-content\"><h2 class=\"blog-shortcode-post-title entry-title\"><a href=\"https:\/\/delux.com.tr\/dt\/destinasyonlar\/amerika\/ekvator\/\">Ekvator<\/a><\/h2><div class=\"fusion-post-content-container\"><p>B\u00fcy\u00fcleyici \u0130spanyol s\u00f6m\u00fcrge \u015fehirleri, muhte\u015fem Andean manzaras\u0131, Amazon ya\u011fmur ormanlar\u0131 ve zengin yerli k\u00fclt\u00fcr\u00fc ile Ekvador'u, G\u00fcney Amerika'n\u0131n en heyecan verici yerlerinden biri olarak g\u00f6r\u00fcyoruz.<\/p><\/div><\/div><\/div><div class=\"fusion-clearfix\"><\/div><\/div>\n<\/article>\n<div class=\"fusion-clearfix\"><\/div><\/div><\/div><\/div><\/div><\/div><\/div><\/p>\n","protected":false},"excerpt":{"rendered":"<p>Geni\u015f ve g\u00f6z kama\u015ft\u0131r\u0131c\u0131 tuz g\u00f6llerinden huzurlu sulak\u00a0 savan alanlar\u0131na, bu\u011fulu b\u00fcy\u00fck ormanl\u0131k alanlara, k\u0131z\u0131l \u00e7\u00f6llerine ve g\u00fcneybat\u0131daki volkanlara kadar, ya\u015fam tarz\u0131n\u0131n y\u00fczy\u0131llard\u0131r ayn\u0131 kald\u0131\u011f\u0131 kendine \u00f6zg\u00fc ve muhte\u015fem bir \u00fclkedir.<\/p>\n","protected":false},"author":1,"featured_media":5731,"comment_status":"open","ping_status":"open","sticky":false,"template":"","format":"standard","meta":{"footnotes":""},"categories":[11],"tags":[47,108,266,278],"class_list":["post-1846","post","type-post","status-publish","format-standard","has-post-thumbnail","hentry","category-amerika","tag-amerika","tag-bolivya","tag-kultur-tatili","tag-macera-tatili"],"_links":{"self":[{"href":"https:\/\/delux.com.tr\/dt\/wp-json\/wp\/v2\/posts\/1846","targetHints":{"allow":["GET"]}}],"collection":[{"href":"https:\/\/delux.com.tr\/dt\/wp-json\/wp\/v2\/posts"}],"about":[{"href":"https:\/\/delux.com.tr\/dt\/wp-json\/wp\/v2\/types\/post"}],"author":[{"embeddable":true,"href":"https:\/\/delux.com.tr\/dt\/wp-json\/wp\/v2\/users\/1"}],"replies":[{"embeddable":true,"href":"https:\/\/delux.com.tr\/dt\/wp-json\/wp\/v2\/comments?post=1846"}],"version-history":[{"count":1,"href":"https:\/\/delux.com.tr\/dt\/wp-json\/wp\/v2\/posts\/1846\/revisions"}],"predecessor-version":[{"id":5701,"href":"https:\/\/delux.com.tr\/dt\/wp-json\/wp\/v2\/posts\/1846\/revisions\/5701"}],"wp:featuredmedia":[{"embeddable":true,"href":"https:\/\/delux.com.tr\/dt\/wp-json\/wp\/v2\/media\/5731"}],"wp:attachment":[{"href":"https:\/\/delux.com.tr\/dt\/wp-json\/wp\/v2\/media?parent=1846"}],"wp:term":[{"taxonomy":"category","embeddable":true,"href":"https:\/\/delux.com.tr\/dt\/wp-json\/wp\/v2\/categories?post=1846"},{"taxonomy":"post_tag","embeddable":true,"href":"https:\/\/delux.com.tr\/dt\/wp-json\/wp\/v2\/tags?post=1846"}],"curies":[{"name":"wp","href":"https:\/\/api.w.org\/{rel}","templated":true}]}}