{"id":1811,"date":"2021-05-17T15:32:58","date_gmt":"2021-05-17T12:32:58","guid":{"rendered":"http:\/\/delux.com.tr\/tr\/?p=1811"},"modified":"2023-12-09T14:25:00","modified_gmt":"2023-12-09T11:25:00","slug":"guney-afrika","status":"publish","type":"post","link":"https:\/\/delux.com.tr\/dt\/destinasyonlar\/avrupa\/guney-afrika\/","title":{"rendered":"G\u00fcney Afrika"},"content":{"rendered":"<p><div class=\"fusion-fullwidth fullwidth-box fusion-builder-row-1 fusion-flex-container nonhundred-percent-fullwidth non-hundred-percent-height-scrolling\" style=\"--awb-border-radius-top-left:0px;--awb-border-radius-top-right:0px;--awb-border-radius-bottom-right:0px;--awb-border-radius-bottom-left:0px;--awb-flex-wrap:wrap;\" ><div class=\"fusion-builder-row fusion-row fusion-flex-align-items-flex-start fusion-flex-content-wrap\" style=\"max-width:1414.4px;margin-left: calc(-4% \/ 2 );margin-right: calc(-4% \/ 2 );\"><div class=\"fusion-layout-column fusion_builder_column fusion-builder-column-0 fusion_builder_column_2_3 2_3 fusion-flex-column\" style=\"--awb-bg-size:cover;--awb-width-large:66.666666666667%;--awb-margin-top-large:0px;--awb-spacing-right-large:2.88%;--awb-margin-bottom-large:20px;--awb-spacing-left-large:2.88%;--awb-width-medium:66.666666666667%;--awb-order-medium:0;--awb-spacing-right-medium:2.88%;--awb-spacing-left-medium:2.88%;--awb-width-small:100%;--awb-order-small:0;--awb-spacing-right-small:1.92%;--awb-spacing-left-small:1.92%;\"><div class=\"fusion-column-wrapper fusion-column-has-shadow fusion-flex-justify-content-flex-start fusion-content-layout-column\"><div class=\"fusion-text fusion-text-1\"><p><strong>\u00c7ARPICI AV OYUNU, CANLI \u015eEH\u0130RLER VE D\u00dcNYANIN EN \u0130Y\u0130 \u015eARAP \u00dcRET\u0130C\u0130LER\u0130 <\/strong><strong>\u0130LE TANI\u015eIN&#8230;<\/strong><\/p>\n<p>\u015ea\u015f\u0131rt\u0131c\u0131 do\u011fal ihti\u015fam\u0131n\u0131n yan\u0131 s\u0131ra G\u00fcney Afrika, b\u00fcy\u00fck bir k\u00fclt\u00fcrel zenginlik, canl\u0131 \u015fehirler, birinci s\u0131n\u0131f yiyecekler ve lezzetli \u015faraplar sunmaktad\u0131r. Ayn\u0131 zamanda en sofistike ve \u015f\u0131k safari localardan baz\u0131lar\u0131na sahiptir. Pop\u00fclaritesine ra\u011fmen, \u00fclkenin sizin i\u00e7in a\u00e7abilece\u011fimiz bir\u00e7ok bozulmam\u0131\u015f ve \u0131ss\u0131z k\u00f6\u015fesi var.<\/p>\n<p>Bu konuda her zaman lider olan G\u00fcney Afrika, vah\u015fi ya\u015fam alanlar\u0131n\u0131n rehabilitasyonuna her zamankinden daha fazla odaklanm\u0131\u015ft\u0131r. Kruger Ulusal Park\u0131&#8217;n\u0131n biti\u015fi\u011findeki \u00f6zel imkanlar ile, hem b\u00fcy\u00fck avlanma oyununu izleme hem de kalacak yerler a\u00e7\u0131s\u0131ndan d\u00fcnyan\u0131n en iyi tekliflerinden birini sunar.<\/p>\n<p>Di\u011fer b\u00f6lgelerde s\u0131tmas\u0131z\u00a0 do\u011fa parklar\u0131n\u0131n say\u0131s\u0131 h\u0131zla art\u0131yor ve k\u00fc\u00e7\u00fck \u00e7ocuklu ailelerin, safarinin tad\u0131na varmalar\u0131na olanak tan\u0131yor. Macerac\u0131lar i\u00e7in ise, Karoo daha az ziyaret edilen, ancak Kalahari \u00e7\u00f6l\u00fc ve bat\u0131 k\u0131y\u0131s\u0131 gibi \u015fa\u015f\u0131rt\u0131c\u0131 derecede g\u00fczel bir b\u00f6lgedir.<\/p>\n<p>G\u00fcney Afrika&#8217;daki en sevdi\u011fimiz pansiyonlar ve kamplar, en iyi yerle\u015fik rehberlerle ve en hayranl\u0131k uyand\u0131ran yerlerde kurulmu\u015f, k\u00fc\u00e7\u00fck ve sahibi taraf\u0131ndan i\u015fletilen yerlerdir.<\/p>\n<p>Bu destinasyonla ilgili en son seyahat g\u00fcncellemeleri i\u00e7in l\u00fctfen bizimle ileti\u015fime ge\u00e7in.<\/p>\n<\/div><\/div><\/div><div class=\"fusion-layout-column fusion_builder_column fusion-builder-column-1 fusion_builder_column_1_3 1_3 fusion-flex-column\" style=\"--awb-padding-top:4%;--awb-padding-right:4%;--awb-padding-bottom:4%;--awb-padding-left:4%;--awb-bg-color:#e5e5e5;--awb-bg-color-hover:#e5e5e5;--awb-bg-size:cover;--awb-width-large:33.333333333333%;--awb-margin-top-large:0px;--awb-spacing-right-large:5.76%;--awb-margin-bottom-large:20px;--awb-spacing-left-large:5.76%;--awb-width-medium:33.333333333333%;--awb-order-medium:0;--awb-spacing-right-medium:5.76%;--awb-spacing-left-medium:5.76%;--awb-width-small:100%;--awb-order-small:0;--awb-spacing-right-small:1.92%;--awb-spacing-left-small:1.92%;\"><div class=\"fusion-column-wrapper fusion-column-has-shadow fusion-flex-justify-content-flex-start fusion-content-layout-column\"><div class=\"fusion-blog-shortcode fusion-blog-shortcode-1 fusion-blog-archive fusion-blog-layout-large fusion-blog-pagination\"><div class=\"fusion-posts-container fusion-posts-container-pagination\" data-pages=\"16\"><article id=\"blog-1-post-6847\" class=\"fusion-post-large post-6847 post type-post status-publish format-standard has-post-thumbnail hentry category-tatil-hakkinda tag-kultur-tatili tag-londra tag-paris tag-pratik-bilgi\">\n\t<style type=\"text\/css\">\n\t\t\n\t\t\n\t\t\n\t\t\n\t\t\t<\/style>\n\n\n\t\t\t<div class=\"fusion-flexslider flexslider fusion-flexslider-loading fusion-post-slideshow\" style=\"\">\n\t\t<ul class=\"slides\">\n\t\t\t\n\t\t\t\t\t\t\t\t\t\t\t\t\t\t<li><div  class=\"fusion-image-wrapper\" aria-haspopup=\"true\">\n\t\t\t\t\t\t\t<a href=\"https:\/\/delux.com.tr\/dt\/tatil-hakkinda\/kulturel-deneyimlerin-zirvesi-avrupanin-en-iyi-muze-turlari\/\" aria-label=\"K\u00dcLT\u00dcREL DENEY\u0130MLER\u0130N Z\u0130RVES\u0130: AVRUPA&#8217;NIN EN \u0130Y\u0130 M\u00dcZE TURLARI\">\n\t\t\t\t\t\t\t<img decoding=\"async\" width=\"800\" height=\"800\" src=\"https:\/\/delux.com.tr\/dt\/wp-content\/uploads\/2024\/11\/Dunyanin-en-cok-ziyaret-edilen-muzesi-olan-Louvre-sanatseverleri-buyuleyen-bir-deneyim-sunuyor.jpg\" class=\"attachment-full size-full lazyload wp-post-image\" alt=\"\" srcset=\"data:image\/svg+xml,%3Csvg%20xmlns%3D%27http%3A%2F%2Fwww.w3.org%2F2000%2Fsvg%27%20width%3D%27800%27%20height%3D%27800%27%20viewBox%3D%270%200%20800%20800%27%3E%3Crect%20width%3D%27800%27%20height%3D%27800%27%20fill-opacity%3D%220%22%2F%3E%3C%2Fsvg%3E\" data-orig-src=\"https:\/\/delux.com.tr\/dt\/wp-content\/uploads\/2024\/11\/Dunyanin-en-cok-ziyaret-edilen-muzesi-olan-Louvre-sanatseverleri-buyuleyen-bir-deneyim-sunuyor.jpg\" data-srcset=\"https:\/\/delux.com.tr\/dt\/wp-content\/uploads\/2024\/11\/Dunyanin-en-cok-ziyaret-edilen-muzesi-olan-Louvre-sanatseverleri-buyuleyen-bir-deneyim-sunuyor-200x200.jpg 200w, https:\/\/delux.com.tr\/dt\/wp-content\/uploads\/2024\/11\/Dunyanin-en-cok-ziyaret-edilen-muzesi-olan-Louvre-sanatseverleri-buyuleyen-bir-deneyim-sunuyor-400x400.jpg 400w, https:\/\/delux.com.tr\/dt\/wp-content\/uploads\/2024\/11\/Dunyanin-en-cok-ziyaret-edilen-muzesi-olan-Louvre-sanatseverleri-buyuleyen-bir-deneyim-sunuyor-600x600.jpg 600w, https:\/\/delux.com.tr\/dt\/wp-content\/uploads\/2024\/11\/Dunyanin-en-cok-ziyaret-edilen-muzesi-olan-Louvre-sanatseverleri-buyuleyen-bir-deneyim-sunuyor.jpg 800w\" data-sizes=\"auto\" \/>\t\t\t<\/a>\n\t\t\t\t\t\t\t<\/div>\n<\/li>\n\t\t\t\n\t\t\t\n\t\t\t\t\t\t\t\t\t\t\t\t\t\t\t\t\t\t\t\t\t\t\t\t\t\t\t\t\t\t\t\t\t\t\t\t\t\t\t\t\t\t\t\t\t\t\t\t\t\t\t\t\t\t\t\t\t\t\t\t\t\t\t\t\t\t\t\t<\/ul>\n\t<\/div>\n\t<div class=\"fusion-post-content post-content\"><h2 class=\"blog-shortcode-post-title entry-title\"><a href=\"https:\/\/delux.com.tr\/dt\/tatil-hakkinda\/kulturel-deneyimlerin-zirvesi-avrupanin-en-iyi-muze-turlari\/\">K\u00dcLT\u00dcREL DENEY\u0130MLER\u0130N Z\u0130RVES\u0130: AVRUPA&#8217;NIN EN \u0130Y\u0130 M\u00dcZE TURLARI<\/a><\/h2><div class=\"fusion-post-content-container\"><p>Avrupa, tarih, sanat ve k\u00fclt\u00fcr\u00fcn kalbinin att\u0131\u011f\u0131 e\u015fsiz m\u00fczeleriyle d\u00fcnyada benzersiz bir cazibe merkezi haline gelmi\u015ftir. Bu blog yaz\u0131s\u0131nda, Avrupa'n\u0131n en iyi m\u00fcze turlar\u0131n\u0131 tan\u0131tarak, hem tarih hem de sanat tutkunlar\u0131 i\u00e7in unutulmaz bir k\u00fclt\u00fcrel deneyim rehberi sunaca\u011f\u0131z.<\/p><\/div><\/div><div class=\"fusion-clearfix\"><\/div><div class=\"fusion-meta-info\"><div class=\"fusion-alignleft\">By <span class=\"vcard\"><span class=\"fn\"><a href=\"https:\/\/delux.com.tr\/dt\/author\/epbilisim-deluxdt\/\" title=\"epbilisim-deluxdt taraf\u0131ndan yaz\u0131lan yaz\u0131lar\" rel=\"author\">epbilisim-deluxdt<\/a><\/span><\/span><span class=\"fusion-inline-sep\">|<\/span><span class=\"updated\" style=\"display:none;\">2024-11-20T19:13:36+03:00<\/span><span>6 Kas\u0131m 2024<\/span><span class=\"fusion-inline-sep\">|<\/span>Categories: <a href=\"https:\/\/delux.com.tr\/dt\/category\/tatil-hakkinda\/\" rel=\"category tag\">Tatil Hakk\u0131nda Blog<\/a><span class=\"fusion-inline-sep\">|<\/span><span class=\"meta-tags\">Tags: <a href=\"https:\/\/delux.com.tr\/dt\/tag\/kultur-tatili\/\" rel=\"tag\">K\u00fclt\u00fcr Tatili<\/a>, <a href=\"https:\/\/delux.com.tr\/dt\/tag\/londra\/\" rel=\"tag\">Londra<\/a>, <a href=\"https:\/\/delux.com.tr\/dt\/tag\/paris\/\" rel=\"tag\">Paris<\/a>, <a href=\"https:\/\/delux.com.tr\/dt\/tag\/pratik-bilgi\/\" rel=\"tag\">Pratik bilgi<\/a><\/span><span class=\"fusion-inline-sep\">|<\/span><span class=\"fusion-comments\"><a href=\"https:\/\/delux.com.tr\/dt\/tatil-hakkinda\/kulturel-deneyimlerin-zirvesi-avrupanin-en-iyi-muze-turlari\/#respond\">0 Comments<\/a><\/span><\/div><div class=\"fusion-alignright\"><a class=\"fusion-read-more\" href=\"https:\/\/delux.com.tr\/dt\/tatil-hakkinda\/kulturel-deneyimlerin-zirvesi-avrupanin-en-iyi-muze-turlari\/\" aria-label=\"More on K\u00dcLT\u00dcREL DENEY\u0130MLER\u0130N Z\u0130RVES\u0130: AVRUPA&#8217;NIN EN \u0130Y\u0130 M\u00dcZE TURLARI\">Read More<\/a><\/div><\/div><\/article>\n<article id=\"blog-1-post-4463\" class=\"fusion-post-large post-4463 post type-post status-publish format-standard has-post-thumbnail hentry category-tatil-hakkinda tag-anadolu-tarihi tag-burdur tag-kultur-tatili tag-sagallos tag-sanat-tatili\">\n\t<style type=\"text\/css\">\n\t\t\n\t\t\n\t\t\n\t\t\n\t\t\t<\/style>\n\n\n\t\t\t<div class=\"fusion-flexslider flexslider fusion-flexslider-loading fusion-post-slideshow\" style=\"\">\n\t\t<ul class=\"slides\">\n\t\t\t\n\t\t\t\t\t\t\t\t\t\t\t\t\t\t<li><div  class=\"fusion-image-wrapper\" aria-haspopup=\"true\">\n\t\t\t\t\t\t\t<a href=\"https:\/\/delux.com.tr\/dt\/tatil-hakkinda\/tarihe-yolculuk-sagalassos-antik-kenti\/\" aria-label=\"Tarihe Yolculuk: Sagalassos Antik Kenti\">\n\t\t\t\t\t\t\t<img decoding=\"async\" width=\"800\" height=\"500\" src=\"https:\/\/delux.com.tr\/dt\/wp-content\/uploads\/2022\/09\/Sagalassos-Antik-Kenti-burdur.jpg\" class=\"attachment-full size-full lazyload wp-post-image\" alt=\"\" srcset=\"data:image\/svg+xml,%3Csvg%20xmlns%3D%27http%3A%2F%2Fwww.w3.org%2F2000%2Fsvg%27%20width%3D%27800%27%20height%3D%27500%27%20viewBox%3D%270%200%20800%20500%27%3E%3Crect%20width%3D%27800%27%20height%3D%27500%27%20fill-opacity%3D%220%22%2F%3E%3C%2Fsvg%3E\" data-orig-src=\"https:\/\/delux.com.tr\/dt\/wp-content\/uploads\/2022\/09\/Sagalassos-Antik-Kenti-burdur.jpg\" data-srcset=\"https:\/\/delux.com.tr\/dt\/wp-content\/uploads\/2022\/09\/Sagalassos-Antik-Kenti-burdur-200x125.jpg 200w, https:\/\/delux.com.tr\/dt\/wp-content\/uploads\/2022\/09\/Sagalassos-Antik-Kenti-burdur-400x250.jpg 400w, https:\/\/delux.com.tr\/dt\/wp-content\/uploads\/2022\/09\/Sagalassos-Antik-Kenti-burdur-600x375.jpg 600w, https:\/\/delux.com.tr\/dt\/wp-content\/uploads\/2022\/09\/Sagalassos-Antik-Kenti-burdur.jpg 800w\" data-sizes=\"auto\" \/>\t\t\t<\/a>\n\t\t\t\t\t\t\t<\/div>\n<\/li>\n\t\t\t\n\t\t\t\n\t\t\t\t\t\t\t\t\t\t\t\t\t\t\t\t\t\t\t\t\t\t\t\t\t\t\t\t\t\t\t\t\t\t\t\t\t\t\t\t\t\t\t\t\t\t\t\t\t\t\t\t\t\t\t\t\t\t\t\t\t\t\t\t\t\t\t\t<\/ul>\n\t<\/div>\n\t<div class=\"fusion-post-content post-content\"><h2 class=\"blog-shortcode-post-title entry-title\"><a href=\"https:\/\/delux.com.tr\/dt\/tatil-hakkinda\/tarihe-yolculuk-sagalassos-antik-kenti\/\">Tarihe Yolculuk: Sagalassos Antik Kenti<\/a><\/h2><div class=\"fusion-post-content-container\"><p>\u2018A\u015f\u0131klar\u0131n ve imparatorlar\u0131n \u015fehri\u2019 olarak bilinen Sagalassos Antik Kenti, t\u00fcm ihti\u015fam\u0131 ile Toros da\u011flar\u0131n\u0131n eteklerine serili. Tarihi milattan \u00f6nce \u00fc\u00e7 bin y\u0131l \u00f6nceye dayal\u0131 olan bu kent, d\u00f6neminin en \u00f6nemli ticaret kentleri aras\u0131nda g\u00f6steriliyor. Kaz\u0131 \u00e7al\u0131\u015fmalar\u0131 ile g\u00f6m\u00fcld\u00fc\u011f\u00fc sessizlikten kurtulan Sagalassos 2009 y\u0131l\u0131nda UNESCO D\u00fcnya Miras\u0131 Ge\u00e7ici Listesi\u2019ne girdi. Her y\u0131l binlerce ziyaret\u00e7i a\u011f\u0131rlayan bu antik kenti siz de ke\u015ffetmeye ne dersiniz? Gelin birlikte Sagalassos antik kenti hakk\u0131nda tarihi bir yolculu\u011fa \u00e7\u0131kal\u0131m\u2026<\/p><\/div><\/div><div class=\"fusion-clearfix\"><\/div><div class=\"fusion-meta-info\"><div class=\"fusion-alignleft\">By <span class=\"vcard\"><span class=\"fn\"><a href=\"https:\/\/delux.com.tr\/dt\/author\/epbilisim-deluxdt\/\" title=\"epbilisim-deluxdt taraf\u0131ndan yaz\u0131lan yaz\u0131lar\" rel=\"author\">epbilisim-deluxdt<\/a><\/span><\/span><span class=\"fusion-inline-sep\">|<\/span><span class=\"updated\" style=\"display:none;\">2023-09-08T12:30:11+03:00<\/span><span>14 Eyl\u00fcl 2022<\/span><span class=\"fusion-inline-sep\">|<\/span>Categories: <a href=\"https:\/\/delux.com.tr\/dt\/category\/tatil-hakkinda\/\" rel=\"category tag\">Tatil Hakk\u0131nda Blog<\/a><span class=\"fusion-inline-sep\">|<\/span><span class=\"meta-tags\">Tags: <a href=\"https:\/\/delux.com.tr\/dt\/tag\/anadolu-tarihi\/\" rel=\"tag\">Anadolu Tarihi<\/a>, <a href=\"https:\/\/delux.com.tr\/dt\/tag\/burdur\/\" rel=\"tag\">Burdur<\/a>, <a href=\"https:\/\/delux.com.tr\/dt\/tag\/kultur-tatili\/\" rel=\"tag\">K\u00fclt\u00fcr Tatili<\/a>, <a href=\"https:\/\/delux.com.tr\/dt\/tag\/sagallos\/\" rel=\"tag\">Sagallos<\/a>, <a href=\"https:\/\/delux.com.tr\/dt\/tag\/sanat-tatili\/\" rel=\"tag\">Sanat Tatili<\/a><\/span><span class=\"fusion-inline-sep\">|<\/span><span class=\"fusion-comments\"><a href=\"https:\/\/delux.com.tr\/dt\/tatil-hakkinda\/tarihe-yolculuk-sagalassos-antik-kenti\/#respond\">0 Comments<\/a><\/span><\/div><div class=\"fusion-alignright\"><a class=\"fusion-read-more\" href=\"https:\/\/delux.com.tr\/dt\/tatil-hakkinda\/tarihe-yolculuk-sagalassos-antik-kenti\/\" aria-label=\"More on Tarihe Yolculuk: Sagalassos Antik Kenti\">Read More<\/a><\/div><\/div><\/article>\n<article id=\"blog-1-post-4496\" class=\"fusion-post-large post-4496 post type-post status-publish format-standard has-post-thumbnail hentry category-tatil-hakkinda tag-anadolu tag-anadolu-tarihi tag-kultur-tatili\">\n\t<style type=\"text\/css\">\n\t\t\n\t\t\n\t\t\n\t\t\n\t\t\t<\/style>\n\n\n\t\t\t<div class=\"fusion-flexslider flexslider fusion-flexslider-loading fusion-post-slideshow\" style=\"\">\n\t\t<ul class=\"slides\">\n\t\t\t\n\t\t\t\t\t\t\t\t\t\t\t\t\t\t<li><div  class=\"fusion-image-wrapper\" aria-haspopup=\"true\">\n\t\t\t\t\t\t\t<a href=\"https:\/\/delux.com.tr\/dt\/tatil-hakkinda\/turkiyede-kutlanan-bahar-bayramlari-ve-festivalleri\/\" aria-label=\"T\u00fcrkiye\u2019de Kutlanan Bahar Bayramlar\u0131 ve Festivalleri\">\n\t\t\t\t\t\t\t<img decoding=\"async\" width=\"800\" height=\"500\" src=\"https:\/\/delux.com.tr\/dt\/wp-content\/uploads\/2022\/05\/turkiyede-kytlenen-bahar-bayramlari.jpg\" class=\"attachment-full size-full lazyload wp-post-image\" alt=\"\" srcset=\"data:image\/svg+xml,%3Csvg%20xmlns%3D%27http%3A%2F%2Fwww.w3.org%2F2000%2Fsvg%27%20width%3D%27800%27%20height%3D%27500%27%20viewBox%3D%270%200%20800%20500%27%3E%3Crect%20width%3D%27800%27%20height%3D%27500%27%20fill-opacity%3D%220%22%2F%3E%3C%2Fsvg%3E\" data-orig-src=\"https:\/\/delux.com.tr\/dt\/wp-content\/uploads\/2022\/05\/turkiyede-kytlenen-bahar-bayramlari.jpg\" data-srcset=\"https:\/\/delux.com.tr\/dt\/wp-content\/uploads\/2022\/05\/turkiyede-kytlenen-bahar-bayramlari-200x125.jpg 200w, https:\/\/delux.com.tr\/dt\/wp-content\/uploads\/2022\/05\/turkiyede-kytlenen-bahar-bayramlari-400x250.jpg 400w, https:\/\/delux.com.tr\/dt\/wp-content\/uploads\/2022\/05\/turkiyede-kytlenen-bahar-bayramlari-600x375.jpg 600w, https:\/\/delux.com.tr\/dt\/wp-content\/uploads\/2022\/05\/turkiyede-kytlenen-bahar-bayramlari.jpg 800w\" data-sizes=\"auto\" \/>\t\t\t<\/a>\n\t\t\t\t\t\t\t<\/div>\n<\/li>\n\t\t\t\n\t\t\t\n\t\t\t\t\t\t\t\t\t\t\t\t\t\t\t\t\t\t\t\t\t\t\t\t\t\t\t\t\t\t\t\t\t\t\t\t\t\t\t\t\t\t\t\t\t\t\t\t\t\t\t\t\t\t\t\t\t\t\t\t\t\t\t\t\t\t\t\t<\/ul>\n\t<\/div>\n\t<div class=\"fusion-post-content post-content\"><h2 class=\"blog-shortcode-post-title entry-title\"><a href=\"https:\/\/delux.com.tr\/dt\/tatil-hakkinda\/turkiyede-kutlanan-bahar-bayramlari-ve-festivalleri\/\">T\u00fcrkiye\u2019de Kutlanan Bahar Bayramlar\u0131 ve Festivalleri<\/a><\/h2><div class=\"fusion-post-content-container\"><p>So\u011fuk bir k\u0131\u015f d\u00f6nemini geride b\u0131rakmam\u0131za say\u0131l\u0131 g\u00fcnler kalm\u0131\u015fken, \u00f6n\u00fcm\u00fczde ilkbahar mevsimi t\u00fcm canl\u0131l\u0131\u011f\u0131 ile bizleri bekliyor. Bahar\u0131n kendini her anlamda hissettirmesi ile birlikte, bahar bayramlar\u0131 ve festivalleri de ad\u0131m ad\u0131m kendini g\u00f6stermeye ba\u015fl\u0131yor. Yolda y\u00fcr\u00fcrken kar\u015f\u0131m\u0131za \u00e7\u0131kan ve bahar\u0131n en iyi sembol\u00fc olan \u00e7i\u00e7ekler g\u00fczel g\u00f6r\u00fcnt\u00fclerinin yan\u0131nda mis kokular\u0131yla da bizleri mest etmeyi ba\u015far\u0131yor.\nBu i\u00e7eri\u011fimizde bahar\u0131n geli\u015fiyle beraber, T\u00fcrkiye\u2019de kutlanan bahar bayramlar\u0131 ve festivallerini s\u0131ras\u0131yla sizlere anlataca\u011f\u0131z. Dilerseniz gelin ba\u015flayal\u0131m.\n<\/p><\/div><\/div><div class=\"fusion-clearfix\"><\/div><div class=\"fusion-meta-info\"><div class=\"fusion-alignleft\">By <span class=\"vcard\"><span class=\"fn\"><a href=\"https:\/\/delux.com.tr\/dt\/author\/epbilisim-deluxdt\/\" title=\"epbilisim-deluxdt taraf\u0131ndan yaz\u0131lan yaz\u0131lar\" rel=\"author\">epbilisim-deluxdt<\/a><\/span><\/span><span class=\"fusion-inline-sep\">|<\/span><span class=\"updated\" style=\"display:none;\">2023-09-09T10:51:56+03:00<\/span><span>23 May\u0131s 2022<\/span><span class=\"fusion-inline-sep\">|<\/span>Categories: <a href=\"https:\/\/delux.com.tr\/dt\/category\/tatil-hakkinda\/\" rel=\"category tag\">Tatil Hakk\u0131nda Blog<\/a><span class=\"fusion-inline-sep\">|<\/span><span class=\"meta-tags\">Tags: <a href=\"https:\/\/delux.com.tr\/dt\/tag\/anadolu\/\" rel=\"tag\">Anadolu<\/a>, <a href=\"https:\/\/delux.com.tr\/dt\/tag\/anadolu-tarihi\/\" rel=\"tag\">Anadolu Tarihi<\/a>, <a href=\"https:\/\/delux.com.tr\/dt\/tag\/kultur-tatili\/\" rel=\"tag\">K\u00fclt\u00fcr Tatili<\/a><\/span><span class=\"fusion-inline-sep\">|<\/span><span class=\"fusion-comments\"><a href=\"https:\/\/delux.com.tr\/dt\/tatil-hakkinda\/turkiyede-kutlanan-bahar-bayramlari-ve-festivalleri\/#respond\">0 Comments<\/a><\/span><\/div><div class=\"fusion-alignright\"><a class=\"fusion-read-more\" href=\"https:\/\/delux.com.tr\/dt\/tatil-hakkinda\/turkiyede-kutlanan-bahar-bayramlari-ve-festivalleri\/\" aria-label=\"More on T\u00fcrkiye\u2019de Kutlanan Bahar Bayramlar\u0131 ve Festivalleri\">Read More<\/a><\/div><\/div><\/article>\n<article id=\"blog-1-post-3844\" class=\"fusion-post-large post-3844 post type-post status-publish format-standard has-post-thumbnail hentry category-tatil-hakkinda tag-aizanoi-antik-kent tag-anadolu-tarihi tag-bergama tag-kultur-tatili tag-zeus-tapinagi\">\n\t<style type=\"text\/css\">\n\t\t\n\t\t\n\t\t\n\t\t\n\t\t\t<\/style>\n\n\n\t\t\t<div class=\"fusion-flexslider flexslider fusion-flexslider-loading fusion-post-slideshow\" style=\"\">\n\t\t<ul class=\"slides\">\n\t\t\t\n\t\t\t\t\t\t\t\t\t\t\t\t\t\t<li><div  class=\"fusion-image-wrapper\" aria-haspopup=\"true\">\n\t\t\t\t\t\t\t<a href=\"https:\/\/delux.com.tr\/dt\/tatil-hakkinda\/tarihe-yolculuk-aizanoi-antik-kenti\/\" aria-label=\"Tarihe Yolculuk: Aizanoi Antik Kenti\">\n\t\t\t\t\t\t\t<img decoding=\"async\" width=\"800\" height=\"600\" src=\"https:\/\/delux.com.tr\/dt\/wp-content\/uploads\/2022\/02\/aizanoi-antik-kenti-1.jpg\" class=\"attachment-full size-full lazyload wp-post-image\" alt=\"\" srcset=\"data:image\/svg+xml,%3Csvg%20xmlns%3D%27http%3A%2F%2Fwww.w3.org%2F2000%2Fsvg%27%20width%3D%27800%27%20height%3D%27600%27%20viewBox%3D%270%200%20800%20600%27%3E%3Crect%20width%3D%27800%27%20height%3D%27600%27%20fill-opacity%3D%220%22%2F%3E%3C%2Fsvg%3E\" data-orig-src=\"https:\/\/delux.com.tr\/dt\/wp-content\/uploads\/2022\/02\/aizanoi-antik-kenti-1.jpg\" data-srcset=\"https:\/\/delux.com.tr\/dt\/wp-content\/uploads\/2022\/02\/aizanoi-antik-kenti-1-200x150.jpg 200w, https:\/\/delux.com.tr\/dt\/wp-content\/uploads\/2022\/02\/aizanoi-antik-kenti-1-400x300.jpg 400w, https:\/\/delux.com.tr\/dt\/wp-content\/uploads\/2022\/02\/aizanoi-antik-kenti-1-600x450.jpg 600w, https:\/\/delux.com.tr\/dt\/wp-content\/uploads\/2022\/02\/aizanoi-antik-kenti-1.jpg 800w\" data-sizes=\"auto\" \/>\t\t\t<\/a>\n\t\t\t\t\t\t\t<\/div>\n<\/li>\n\t\t\t\n\t\t\t\n\t\t\t\t\t\t\t\t\t\t\t\t\t\t\t\t\t\t\t\t\t\t\t\t\t\t\t\t\t\t\t\t\t\t\t\t\t\t\t\t\t\t\t\t\t\t\t\t\t\t\t\t\t\t\t\t\t\t\t\t\t\t\t\t\t\t\t\t<\/ul>\n\t<\/div>\n\t<div class=\"fusion-post-content post-content\"><h2 class=\"blog-shortcode-post-title entry-title\"><a href=\"https:\/\/delux.com.tr\/dt\/tatil-hakkinda\/tarihe-yolculuk-aizanoi-antik-kenti\/\">Tarihe Yolculuk: Aizanoi Antik Kenti<\/a><\/h2><div class=\"fusion-post-content-container\"><p>Medeniyetler bah\u00e7esi Anadolu\u2019nun ke\u015ffi devam eden antik kentlerinden birisi olan Aizanoi\u2019de bug\u00fcnlerde heyecan verici geli\u015fmeler ya\u015fan\u0131yor. UNESCO D\u00fcnya Miras\u0131 Ge\u00e7ici Listesi\u2019nde yer alan antik kentte Afrodit ile Dionysos heykellerinin ba\u015f k\u0131sm\u0131n\u0131n bulunmas\u0131n\u0131n ard\u0131ndan aral\u0131k ay\u0131n\u0131n ilk g\u00fcnlerinde Yunan mitolojisinde Herakles olarak adland\u0131r\u0131lan Herk\u00fcl\u2019\u00fcn de heykeline ula\u015f\u0131ld\u0131. Haydi \u015fimdi tarihte k\u0131sa bir yolculu\u011fa \u00e7\u0131kal\u0131m ve Aizanoi\u2019yi yak\u0131ndan tan\u0131yal\u0131m\u2026<\/p><\/div><\/div><div class=\"fusion-clearfix\"><\/div><div class=\"fusion-meta-info\"><div class=\"fusion-alignleft\">By <span class=\"vcard\"><span class=\"fn\"><a href=\"https:\/\/delux.com.tr\/dt\/author\/epbilisim-deluxdt\/\" title=\"epbilisim-deluxdt taraf\u0131ndan yaz\u0131lan yaz\u0131lar\" rel=\"author\">epbilisim-deluxdt<\/a><\/span><\/span><span class=\"fusion-inline-sep\">|<\/span><span class=\"updated\" style=\"display:none;\">2023-09-12T10:07:40+03:00<\/span><span>9 \u015eubat 2022<\/span><span class=\"fusion-inline-sep\">|<\/span>Categories: <a href=\"https:\/\/delux.com.tr\/dt\/category\/tatil-hakkinda\/\" rel=\"category tag\">Tatil Hakk\u0131nda Blog<\/a><span class=\"fusion-inline-sep\">|<\/span><span class=\"meta-tags\">Tags: <a href=\"https:\/\/delux.com.tr\/dt\/tag\/aizanoi-antik-kent\/\" rel=\"tag\">Aizanoi Antik Kent<\/a>, <a href=\"https:\/\/delux.com.tr\/dt\/tag\/anadolu-tarihi\/\" rel=\"tag\">Anadolu Tarihi<\/a>, <a href=\"https:\/\/delux.com.tr\/dt\/tag\/bergama\/\" rel=\"tag\">Bergama<\/a>, <a href=\"https:\/\/delux.com.tr\/dt\/tag\/kultur-tatili\/\" rel=\"tag\">K\u00fclt\u00fcr Tatili<\/a>, <a href=\"https:\/\/delux.com.tr\/dt\/tag\/zeus-tapinagi\/\" rel=\"tag\">Zeus Tap\u0131na\u011f\u0131<\/a><\/span><span class=\"fusion-inline-sep\">|<\/span><span class=\"fusion-comments\"><a href=\"https:\/\/delux.com.tr\/dt\/tatil-hakkinda\/tarihe-yolculuk-aizanoi-antik-kenti\/#respond\">0 Comments<\/a><\/span><\/div><div class=\"fusion-alignright\"><a class=\"fusion-read-more\" href=\"https:\/\/delux.com.tr\/dt\/tatil-hakkinda\/tarihe-yolculuk-aizanoi-antik-kenti\/\" aria-label=\"More on Tarihe Yolculuk: Aizanoi Antik Kenti\">Read More<\/a><\/div><\/div><\/article>\n<article id=\"blog-1-post-3710\" class=\"fusion-post-large post-3710 post type-post status-publish format-standard has-post-thumbnail hentry category-tatil-hakkinda tag-gaziantep tag-gurme-tatilleri tag-kultur-tatili tag-yurt-ici-tatiller\">\n\t<style type=\"text\/css\">\n\t\t\n\t\t\n\t\t\n\t\t\n\t\t\t<\/style>\n\n\n\t\t\t<div class=\"fusion-flexslider flexslider fusion-flexslider-loading fusion-post-slideshow\" style=\"\">\n\t\t<ul class=\"slides\">\n\t\t\t\n\t\t\t\t\t\t\t\t\t\t\t\t\t\t<li><div  class=\"fusion-image-wrapper\" aria-haspopup=\"true\">\n\t\t\t\t\t\t\t<a href=\"https:\/\/delux.com.tr\/dt\/tatil-hakkinda\/gaziantep-gezi-rehberi-gaziantepte-gorulmesi-gereken-21-yer\/\" aria-label=\"Gaziantep Gezi Rehberi: Gaziantep\u2019te G\u00f6r\u00fclmesi Gereken 21 Yer\">\n\t\t\t\t\t\t\t<img decoding=\"async\" width=\"710\" height=\"477\" src=\"https:\/\/delux.com.tr\/dt\/wp-content\/uploads\/2022\/01\/gaziantep-bakircilar-carsisi-1.jpg\" class=\"attachment-full size-full lazyload wp-post-image\" alt=\"\" srcset=\"data:image\/svg+xml,%3Csvg%20xmlns%3D%27http%3A%2F%2Fwww.w3.org%2F2000%2Fsvg%27%20width%3D%27710%27%20height%3D%27477%27%20viewBox%3D%270%200%20710%20477%27%3E%3Crect%20width%3D%27710%27%20height%3D%27477%27%20fill-opacity%3D%220%22%2F%3E%3C%2Fsvg%3E\" data-orig-src=\"https:\/\/delux.com.tr\/dt\/wp-content\/uploads\/2022\/01\/gaziantep-bakircilar-carsisi-1.jpg\" data-srcset=\"https:\/\/delux.com.tr\/dt\/wp-content\/uploads\/2022\/01\/gaziantep-bakircilar-carsisi-1-200x134.jpg 200w, https:\/\/delux.com.tr\/dt\/wp-content\/uploads\/2022\/01\/gaziantep-bakircilar-carsisi-1-400x269.jpg 400w, https:\/\/delux.com.tr\/dt\/wp-content\/uploads\/2022\/01\/gaziantep-bakircilar-carsisi-1-600x403.jpg 600w, https:\/\/delux.com.tr\/dt\/wp-content\/uploads\/2022\/01\/gaziantep-bakircilar-carsisi-1.jpg 710w\" data-sizes=\"auto\" \/>\t\t\t<\/a>\n\t\t\t\t\t\t\t<\/div>\n<\/li>\n\t\t\t\n\t\t\t\n\t\t\t\t\t\t\t\t\t\t\t\t\t\t\t\t\t\t\t\t\t\t\t\t\t\t\t\t\t\t\t\t\t\t\t\t\t\t\t\t\t\t\t\t\t\t\t\t\t\t\t\t\t\t\t\t\t\t\t\t\t\t\t\t\t\t\t\t<\/ul>\n\t<\/div>\n\t<div class=\"fusion-post-content post-content\"><h2 class=\"blog-shortcode-post-title entry-title\"><a href=\"https:\/\/delux.com.tr\/dt\/tatil-hakkinda\/gaziantep-gezi-rehberi-gaziantepte-gorulmesi-gereken-21-yer\/\">Gaziantep Gezi Rehberi: Gaziantep\u2019te G\u00f6r\u00fclmesi Gereken 21 Yer<\/a><\/h2><div class=\"fusion-post-content-container\"><p>Mezopotamya ve Akdeniz\u2019in tam kalbinde bulunan Gaziantep\u2019in dinamikli\u011fi g\u00fcn\u00fcm\u00fczden \u00e7ok daha \u00f6ncesine dayan\u0131yor. Tarihi \u0130pek Yolu\u2019nun \u00fczerinde bulunmas\u0131ndan dolay\u0131 \u015fehir kuruldu\u011fu d\u00f6nemden bug\u00fcne de\u011fin ticaret ve ekonominin b\u00f6lgedeki bir temsilcisi gibi. Tam bir k\u00fclt\u00fcr mozai\u011fi olan Gaziantep ayn\u0131 zamanda D\u00fcnya Gastronomi \u015eehri olarak da UNESCO korumas\u0131 alt\u0131nda bulunuyor. Haydi gelin bu \u015fehrin gezi g\u00f6r\u00fclmesi gereken yerlerini birlikte ke\u015ffe \u00e7\u0131kal\u0131m!<\/p><\/div><\/div><div class=\"fusion-clearfix\"><\/div><div class=\"fusion-meta-info\"><div class=\"fusion-alignleft\">By <span class=\"vcard\"><span class=\"fn\"><a href=\"https:\/\/delux.com.tr\/dt\/author\/epbilisim-deluxdt\/\" title=\"epbilisim-deluxdt taraf\u0131ndan yaz\u0131lan yaz\u0131lar\" rel=\"author\">epbilisim-deluxdt<\/a><\/span><\/span><span class=\"fusion-inline-sep\">|<\/span><span class=\"updated\" style=\"display:none;\">2023-09-12T10:50:36+03:00<\/span><span>22 Ocak 2022<\/span><span class=\"fusion-inline-sep\">|<\/span>Categories: <a href=\"https:\/\/delux.com.tr\/dt\/category\/tatil-hakkinda\/\" rel=\"category tag\">Tatil Hakk\u0131nda Blog<\/a><span class=\"fusion-inline-sep\">|<\/span><span class=\"meta-tags\">Tags: <a href=\"https:\/\/delux.com.tr\/dt\/tag\/gaziantep\/\" rel=\"tag\">Gaziantep<\/a>, <a href=\"https:\/\/delux.com.tr\/dt\/tag\/gurme-tatilleri\/\" rel=\"tag\">gurme Tatilleri<\/a>, <a href=\"https:\/\/delux.com.tr\/dt\/tag\/kultur-tatili\/\" rel=\"tag\">K\u00fclt\u00fcr Tatili<\/a>, <a href=\"https:\/\/delux.com.tr\/dt\/tag\/yurt-ici-tatiller\/\" rel=\"tag\">yurt i\u00e7i tatiller<\/a><\/span><span class=\"fusion-inline-sep\">|<\/span><span class=\"fusion-comments\"><a href=\"https:\/\/delux.com.tr\/dt\/tatil-hakkinda\/gaziantep-gezi-rehberi-gaziantepte-gorulmesi-gereken-21-yer\/#respond\">0 Comments<\/a><\/span><\/div><div class=\"fusion-alignright\"><a class=\"fusion-read-more\" href=\"https:\/\/delux.com.tr\/dt\/tatil-hakkinda\/gaziantep-gezi-rehberi-gaziantepte-gorulmesi-gereken-21-yer\/\" aria-label=\"More on Gaziantep Gezi Rehberi: Gaziantep\u2019te G\u00f6r\u00fclmesi Gereken 21 Yer\">Read More<\/a><\/div><\/div><\/article>\n<\/div><div class=\"pagination clearfix\"><span class=\"current\">1<\/span><a href=\"https:\/\/delux.com.tr\/dt\/wp-json\/wp\/v2\/posts\/1811\/page\/2\/\" class=\"inactive\">2<\/a><a class=\"pagination-next\" rel=\"next\" href=\"https:\/\/delux.com.tr\/dt\/wp-json\/wp\/v2\/posts\/1811\/page\/2\/\"><span class=\"page-text\">Sonraki<\/span><span class=\"page-next\"><\/span><\/a><\/div><div class=\"fusion-clearfix\"><\/div><\/div><div class=\"fusion-text fusion-text-2\"><p>&#8211; Yolculu\u011funuzun her ola\u011fan\u00fcst\u00fc detay\u0131n \u00f6zenle se\u00e7ilmi\u015f olmas\u0131<\/p>\n<p>&#8211; Kusursuz bir \u015fekilde uygulanan, el yap\u0131m\u0131, esnek ve kusursuz g\u00fczergahlar<\/p>\n<p>&#8211; Egzotik destinasyonlarda uzman\u0131<\/p>\n<p>&#8211; Ola\u011fan\u00fcst\u00fc hizmet ve detaylara tavizsiz \u00f6zen<\/p>\n<p>&#8211; \u00c7iftler, aileler ve k\u00fc\u00e7\u00fck gruplar i\u00e7in m\u00fckemmel \u00f6zel yolculuklar<\/p>\n<p>&#8211; Kendi kal\u0131\u015f tarihinizi se\u00e7me \u00f6zg\u00fcrl\u00fc\u011f\u00fc<\/p>\n<p>&#8211; Tamamen \u00f6zelle\u015ftirilebilir deneyimler<\/p>\n<\/div><div class=\"fusion-text fusion-text-3\"><p><strong>Otel ve Tur Sat\u0131\u015f<\/strong><br \/>\n<a href=\"mailto:sales@delux.com.tr\">sales@delux.com.tr<\/a> &#8211; <a href=\"telto:+905559637216\">0555 963 7216<\/a><\/p>\n<\/div><\/div><\/div><\/div><\/div><div class=\"fusion-fullwidth fullwidth-box fusion-builder-row-2 fusion-flex-container nonhundred-percent-fullwidth non-hundred-percent-height-scrolling\" style=\"--awb-border-radius-top-left:0px;--awb-border-radius-top-right:0px;--awb-border-radius-bottom-right:0px;--awb-border-radius-bottom-left:0px;--awb-flex-wrap:wrap;\" ><div class=\"fusion-builder-row fusion-row fusion-flex-align-items-flex-start fusion-flex-content-wrap\" style=\"max-width:1414.4px;margin-left: calc(-4% \/ 2 );margin-right: calc(-4% \/ 2 );\"><div class=\"fusion-layout-column fusion_builder_column fusion-builder-column-2 fusion_builder_column_1_1 1_1 fusion-flex-column\" style=\"--awb-bg-size:cover;--awb-width-large:100%;--awb-margin-top-large:0px;--awb-spacing-right-large:1.92%;--awb-margin-bottom-large:20px;--awb-spacing-left-large:1.92%;--awb-width-medium:100%;--awb-order-medium:0;--awb-spacing-right-medium:1.92%;--awb-spacing-left-medium:1.92%;--awb-width-small:100%;--awb-order-small:0;--awb-spacing-right-small:1.92%;--awb-spacing-left-small:1.92%;\"><div class=\"fusion-column-wrapper fusion-column-has-shadow fusion-flex-justify-content-flex-start fusion-content-layout-column\"><div class=\"fusion-title title fusion-title-1 fusion-sep-none fusion-title-center fusion-title-text fusion-title-size-three\" style=\"--awb-margin-top:50px;--awb-margin-bottom:50px;--awb-margin-top-small:10px;--awb-margin-right-small:0px;--awb-margin-bottom-small:10px;--awb-margin-left-small:0px;\"><h3 class=\"fusion-title-heading title-heading-center\" style=\"font-family:&quot;Be Vietnam&quot;;font-style:normal;font-weight:700;margin:0;\">Benzer Yerler!<\/h3><\/div><div class=\"fusion-blog-shortcode fusion-blog-shortcode-2 fusion-blog-archive fusion-blog-layout-grid-wrapper fusion-blog-no\"><style type=\"text\/css\">.fusion-blog-shortcode-2 .fusion-blog-layout-grid .fusion-post-grid{padding:10px;}.fusion-blog-shortcode-2 .fusion-posts-container{margin-left: -10px !important; margin-right:-10px !important;}<\/style><div class=\"fusion-posts-container fusion-posts-container-no fusion-no-meta-info fusion-blog-layout-grid fusion-blog-layout-grid-3 isotope\" data-pages=\"112\" data-grid-col-space=\"20\" style=\"margin: -10px -10px 0;min-height:500px;\"><article id=\"blog-2-post-4337\" class=\"fusion-post-grid post-4337 post type-post status-publish format-standard has-post-thumbnail hentry category-tatil-hakkinda tag-tren-yolculugu\">\n<div class=\"fusion-post-wrapper\" style=\"background-color:rgba(255,255,255,0);border:1px solid var(--awb-color2);border-bottom-width:3px;\">\n\n\t\t\t<div class=\"fusion-flexslider flexslider fusion-flexslider-loading fusion-post-slideshow\" style=\"border-color:var(--awb-color2);\">\n\t\t<ul class=\"slides\">\n\t\t\t\n\t\t\t\t\t\t\t\t\t\t\t\t\t\t<li><div  class=\"fusion-image-wrapper\" aria-haspopup=\"true\">\n\t\t\t\t\t\t\t<a href=\"https:\/\/delux.com.tr\/dt\/tatil-hakkinda\/turkiyenin-tren-rotalari-7-maddede-goller-ekspresi\/\" aria-label=\"T\u00fcrkiye\u2019nin Tren Rotalar\u0131: 7 Maddede G\u00f6ller Ekspresi\">\n\t\t\t\t\t\t\t<img decoding=\"async\" width=\"400\" height=\"250\" src=\"https:\/\/delux.com.tr\/dt\/wp-content\/uploads\/2022\/07\/tren-rotalari-400x250-1.jpg\" class=\"attachment-full size-full lazyload wp-post-image\" alt=\"\" srcset=\"data:image\/svg+xml,%3Csvg%20xmlns%3D%27http%3A%2F%2Fwww.w3.org%2F2000%2Fsvg%27%20width%3D%27400%27%20height%3D%27250%27%20viewBox%3D%270%200%20400%20250%27%3E%3Crect%20width%3D%27400%27%20height%3D%27250%27%20fill-opacity%3D%220%22%2F%3E%3C%2Fsvg%3E\" data-orig-src=\"https:\/\/delux.com.tr\/dt\/wp-content\/uploads\/2022\/07\/tren-rotalari-400x250-1.jpg\" data-srcset=\"https:\/\/delux.com.tr\/dt\/wp-content\/uploads\/2022\/07\/tren-rotalari-400x250-1-200x125.jpg 200w, https:\/\/delux.com.tr\/dt\/wp-content\/uploads\/2022\/07\/tren-rotalari-400x250-1.jpg 400w\" data-sizes=\"auto\" \/>\t\t\t<\/a>\n\t\t\t\t\t\t\t<\/div>\n<\/li>\n\t\t\t\n\t\t\t\n\t\t\t\t\t\t\t\t\t\t\t\t\t\t\t\t\t\t\t\t\t\t\t\t\t\t\t\t\t\t\t\t\t\t\t\t\t\t\t\t\t\t\t\t\t\t\t\t\t\t\t\t\t\t\t\t\t\t\t\t\t\t\t\t\t\t\t\t<\/ul>\n\t<\/div>\n\t<div class=\"fusion-post-content-wrapper\" style=\"padding:30px 25px 25px 25px;\"><div class=\"fusion-post-content post-content\"><h2 class=\"blog-shortcode-post-title entry-title\"><a href=\"https:\/\/delux.com.tr\/dt\/tatil-hakkinda\/turkiyenin-tren-rotalari-7-maddede-goller-ekspresi\/\">T\u00fcrkiye\u2019nin Tren Rotalar\u0131: 7 Maddede G\u00f6ller Ekspresi<\/a><\/h2><div class=\"fusion-post-content-container\"><p>Akdeniz ve Ege\u2019yi tren yolculu\u011fu ile birbirine ba\u011flamaya ne dersiniz? Isparta ve \u0130zmir aras\u0131nda kar\u015f\u0131l\u0131kl\u0131 sefer yapan G\u00f6ller Ekspresi\u2019nde keyifli bir yolculuk ile yeni \u015fehirler, yeni kasabalar ke\u015ffedebilirsiniz. <\/p><\/div><\/div><\/div><div class=\"fusion-clearfix\"><\/div><\/div>\n<\/article>\n<article id=\"blog-2-post-2666\" class=\"fusion-post-grid post-2666 post type-post status-publish format-standard has-post-thumbnail hentry category-avrupa tag-avrupa tag-bialka-tatrzanska tag-kayak-tatili tag-polonya\">\n<div class=\"fusion-post-wrapper\" style=\"background-color:rgba(255,255,255,0);border:1px solid var(--awb-color2);border-bottom-width:3px;\">\n\n\t\t\t<div class=\"fusion-flexslider flexslider fusion-flexslider-loading fusion-post-slideshow\" style=\"border-color:var(--awb-color2);\">\n\t\t<ul class=\"slides\">\n\t\t\t\n\t\t\t\t\t\t\t\t\t\t\t\t\t\t<li><div  class=\"fusion-image-wrapper\" aria-haspopup=\"true\">\n\t\t\t\t\t\t\t<a href=\"https:\/\/delux.com.tr\/dt\/destinasyonlar\/avrupa\/bialka-tatrzanska\/\" aria-label=\"Bialka Tatrzanska\">\n\t\t\t\t\t\t\t<img decoding=\"async\" width=\"548\" height=\"318\" src=\"https:\/\/delux.com.tr\/dt\/wp-content\/uploads\/2021\/05\/indir-5-1.jpeg\" class=\"attachment-full size-full lazyload wp-post-image\" alt=\"\" srcset=\"data:image\/svg+xml,%3Csvg%20xmlns%3D%27http%3A%2F%2Fwww.w3.org%2F2000%2Fsvg%27%20width%3D%27548%27%20height%3D%27318%27%20viewBox%3D%270%200%20548%20318%27%3E%3Crect%20width%3D%27548%27%20height%3D%27318%27%20fill-opacity%3D%220%22%2F%3E%3C%2Fsvg%3E\" data-orig-src=\"https:\/\/delux.com.tr\/dt\/wp-content\/uploads\/2021\/05\/indir-5-1.jpeg\" data-srcset=\"https:\/\/delux.com.tr\/dt\/wp-content\/uploads\/2021\/05\/indir-5-1-200x116.jpeg 200w, https:\/\/delux.com.tr\/dt\/wp-content\/uploads\/2021\/05\/indir-5-1-400x232.jpeg 400w, https:\/\/delux.com.tr\/dt\/wp-content\/uploads\/2021\/05\/indir-5-1.jpeg 548w\" data-sizes=\"auto\" \/>\t\t\t<\/a>\n\t\t\t\t\t\t\t<\/div>\n<\/li>\n\t\t\t\n\t\t\t\n\t\t\t\t\t\t\t\t\t\t\t\t\t\t\t\t\t\t\t\t\t\t\t\t\t\t\t\t\t\t\t\t\t\t\t\t\t\t\t\t\t\t\t\t\t\t\t\t\t\t\t\t\t\t\t\t\t\t\t\t\t\t\t\t\t\t\t\t<\/ul>\n\t<\/div>\n\t<div class=\"fusion-post-content-wrapper\" style=\"padding:30px 25px 25px 25px;\"><div class=\"fusion-post-content post-content\"><h2 class=\"blog-shortcode-post-title entry-title\"><a href=\"https:\/\/delux.com.tr\/dt\/destinasyonlar\/avrupa\/bialka-tatrzanska\/\">Bialka Tatrzanska<\/a><\/h2><div class=\"fusion-post-content-container\"><p>Kalabal\u0131ktan uzak kayak merkezi..<\/p><\/div><\/div><\/div><div class=\"fusion-clearfix\"><\/div><\/div>\n<\/article>\n<article id=\"blog-2-post-1817\" class=\"fusion-post-grid post-1817 post type-post status-publish format-standard has-post-thumbnail hentry category-hint-okyanusu category-plaj-tatili tag-hint-okyanusu tag-macera-tatili tag-plaj-tatili tag-seyseller\">\n<div class=\"fusion-post-wrapper\" style=\"background-color:rgba(255,255,255,0);border:1px solid var(--awb-color2);border-bottom-width:3px;\">\n\n\t\t\t<div class=\"fusion-flexslider flexslider fusion-flexslider-loading fusion-post-slideshow\" style=\"border-color:var(--awb-color2);\">\n\t\t<ul class=\"slides\">\n\t\t\t\n\t\t\t\t\t\t\t\t\t\t\t\t\t\t<li><div  class=\"fusion-image-wrapper\" aria-haspopup=\"true\">\n\t\t\t\t\t\t\t<a href=\"https:\/\/delux.com.tr\/dt\/destinasyonlar\/hint-okyanusu\/seyseller\/\" aria-label=\"Sey\u015feller Hakk\u0131nda\">\n\t\t\t\t\t\t\t<img decoding=\"async\" width=\"1024\" height=\"640\" src=\"https:\/\/delux.com.tr\/dt\/wp-content\/uploads\/2023\/07\/Seychelles.jpg\" class=\"attachment-full size-full lazyload wp-post-image\" alt=\"\" srcset=\"data:image\/svg+xml,%3Csvg%20xmlns%3D%27http%3A%2F%2Fwww.w3.org%2F2000%2Fsvg%27%20width%3D%271024%27%20height%3D%27640%27%20viewBox%3D%270%200%201024%20640%27%3E%3Crect%20width%3D%271024%27%20height%3D%27640%27%20fill-opacity%3D%220%22%2F%3E%3C%2Fsvg%3E\" data-orig-src=\"https:\/\/delux.com.tr\/dt\/wp-content\/uploads\/2023\/07\/Seychelles.jpg\" data-srcset=\"https:\/\/delux.com.tr\/dt\/wp-content\/uploads\/2023\/07\/Seychelles-200x125.jpg 200w, https:\/\/delux.com.tr\/dt\/wp-content\/uploads\/2023\/07\/Seychelles-400x250.jpg 400w, https:\/\/delux.com.tr\/dt\/wp-content\/uploads\/2023\/07\/Seychelles-600x375.jpg 600w, https:\/\/delux.com.tr\/dt\/wp-content\/uploads\/2023\/07\/Seychelles-800x500.jpg 800w, https:\/\/delux.com.tr\/dt\/wp-content\/uploads\/2023\/07\/Seychelles.jpg 1024w\" data-sizes=\"auto\" \/>\t\t\t<\/a>\n\t\t\t\t\t\t\t<\/div>\n<\/li>\n\t\t\t\n\t\t\t\n\t\t\t\t\t\t\t\t\t\t\t\t\t\t\t\t\t\t\t\t\t\t\t\t\t\t\t\t\t\t\t\t\t\t\t\t\t\t\t\t\t\t\t\t\t\t\t\t\t\t\t\t\t\t\t\t\t\t\t\t\t\t\t\t\t\t\t\t<\/ul>\n\t<\/div>\n\t<div class=\"fusion-post-content-wrapper\" style=\"padding:30px 25px 25px 25px;\"><div class=\"fusion-post-content post-content\"><h2 class=\"blog-shortcode-post-title entry-title\"><a href=\"https:\/\/delux.com.tr\/dt\/destinasyonlar\/hint-okyanusu\/seyseller\/\">Sey\u015feller Hakk\u0131nda<\/a><\/h2><div class=\"fusion-post-content-container\"><p>Sey\u015fel Adalar\u0131\u2019n\u0131n cennet adalar\u0131na u\u00e7aktan bakt\u0131\u011f\u0131n\u0131zda zaten heyecanlanmaya ba\u015fl\u0131yorsunuz. Kristal berrakl\u0131\u011f\u0131ndaki deniz, renklerin ve do\u011fal g\u00fczelli\u011fin patlamas\u0131yla tebe\u015fir beyaz\u0131 palmiye kapl\u0131 plajlar ve engebeli yemye\u015fil manzaralarla bulu\u015fuyor.<\/p><\/div><\/div><\/div><div class=\"fusion-clearfix\"><\/div><\/div>\n<\/article>\n<div class=\"fusion-clearfix\"><\/div><\/div><\/div><\/div><\/div><\/div><\/div><\/p>\n","protected":false},"excerpt":{"rendered":"<p>\u015ea\u015f\u0131rt\u0131c\u0131 do\u011fal ihti\u015fam\u0131n\u0131n yan\u0131 s\u0131ra G\u00fcney Afrika, b\u00fcy\u00fck bir k\u00fclt\u00fcrel zenginlik, canl\u0131 \u015fehirler, birinci s\u0131n\u0131f yiyecekler ve lezzetli \u015faraplar sunmaktad\u0131r.<\/p>\n","protected":false},"author":1,"featured_media":5733,"comment_status":"open","ping_status":"open","sticky":false,"template":"","format":"standard","meta":{"footnotes":""},"categories":[13,660],"tags":[38,190,266,339,361],"class_list":["post-1811","post","type-post","status-publish","format-standard","has-post-thumbnail","hentry","category-avrupa","category-plaj-tatili","tag-afrika","tag-guney-afrika","tag-kultur-tatili","tag-plaj-tatili","tag-safari"],"_links":{"self":[{"href":"https:\/\/delux.com.tr\/dt\/wp-json\/wp\/v2\/posts\/1811","targetHints":{"allow":["GET"]}}],"collection":[{"href":"https:\/\/delux.com.tr\/dt\/wp-json\/wp\/v2\/posts"}],"about":[{"href":"https:\/\/delux.com.tr\/dt\/wp-json\/wp\/v2\/types\/post"}],"author":[{"embeddable":true,"href":"https:\/\/delux.com.tr\/dt\/wp-json\/wp\/v2\/users\/1"}],"replies":[{"embeddable":true,"href":"https:\/\/delux.com.tr\/dt\/wp-json\/wp\/v2\/comments?post=1811"}],"version-history":[{"count":3,"href":"https:\/\/delux.com.tr\/dt\/wp-json\/wp\/v2\/posts\/1811\/revisions"}],"predecessor-version":[{"id":5645,"href":"https:\/\/delux.com.tr\/dt\/wp-json\/wp\/v2\/posts\/1811\/revisions\/5645"}],"wp:featuredmedia":[{"embeddable":true,"href":"https:\/\/delux.com.tr\/dt\/wp-json\/wp\/v2\/media\/5733"}],"wp:attachment":[{"href":"https:\/\/delux.com.tr\/dt\/wp-json\/wp\/v2\/media?parent=1811"}],"wp:term":[{"taxonomy":"category","embeddable":true,"href":"https:\/\/delux.com.tr\/dt\/wp-json\/wp\/v2\/categories?post=1811"},{"taxonomy":"post_tag","embeddable":true,"href":"https:\/\/delux.com.tr\/dt\/wp-json\/wp\/v2\/tags?post=1811"}],"curies":[{"name":"wp","href":"https:\/\/api.w.org\/{rel}","templated":true}]}}